{"id":353846,"date":"2025-08-30T05:31:09","date_gmt":"2025-08-30T05:31:09","guid":{"rendered":"https:\/\/www.europesays.com\/fr\/353846\/"},"modified":"2025-08-30T05:31:09","modified_gmt":"2025-08-30T05:31:09","slug":"allemagne-une-figure-neonazie-relance-le-debat-sur-le-changement-de-genre-2","status":"publish","type":"post","link":"https:\/\/www.europesays.com\/fr\/353846\/","title":{"rendered":"Allemagne: une figure n\u00e9onazie relance le d\u00e9bat sur le changement de genre"},"content":{"rendered":"<p>Coutumi\u00e8re des provocations, Marla-Svenja Liebich devait se pr\u00e9senter dans la soir\u00e9e \u00e0 la prison pour femmes de Chemnitz, en Saxe, dans l&rsquo;est du pays pour commencer \u00e0 purger sa peine de 18 mois pour incitation \u00e0 la haine, diffamation et outrage.<\/p>\n<p>A la place, elle a publi\u00e9 un message sur les r\u00e9seaux sociaux avec une image proclamant \u00ab\u00a0le bonjour de Moscou\u00a0\u00bb, ajoutant: \u00ab\u00a0C&rsquo;est quoi la suite? Un mandat d&rsquo;arr\u00eat international\u00a0\u00bb.<\/p>\n<p>Un porte-parole de la police a annonc\u00e9 \u00e0 un petit rassemblement de soutien devant la prison que Marla-Svenja Liebich avait envoy\u00e9 un message audio concernant son projet de fuite: \u00ab\u00a0Il a \u00e9t\u00e9 annonc\u00e9 que la personne ne se sentait pas bien et avait quitt\u00e9 le pays\u00a0\u00bb.<\/p>\n<p>En 2023, au moment de sa condamnation, son nom \u00e9tait Sven Liebich, de sexe masculin.<\/p>\n<p>Marla-Svenja Liebich a chang\u00e9 de genre apr\u00e8s l&rsquo;adoption, fin 2024, de la \u00ab\u00a0loi sur l&rsquo;autod\u00e9termination\u00a0\u00bb sous le mandat du chancelier social-d\u00e9mocrate Olaf Scholz. Le texte permet de changer de pr\u00e9nom et de genre en d\u00e9posant une demande aupr\u00e8s du bureau d&rsquo;\u00e9tat civil local, puis de l&rsquo;officialiser en y retournant trois mois apr\u00e8s, sans avoir \u00e0 fournir de justificatifs m\u00e9dicaux.<\/p>\n<p>Salu\u00e9e par les d\u00e9fenseurs des droits des personnes transgenres, cette simplification, comme ailleurs en Europe, fait craindre aux militants pour les droits des femmes que des hommes pr\u00e9dateurs n&rsquo;abusent des nouvelles r\u00e8gles pour acc\u00e9der aux espaces r\u00e9serv\u00e9s aux femmes et aux jeunes filles.<\/p>\n<p>Le cas Liebich, qui est largement soup\u00e7onn\u00e9 d&rsquo;avoir chang\u00e9 de genre par provocation et pour obtenir de meilleures conditions carc\u00e9rales, illustre pour les d\u00e9tracteurs de la loi son c\u00f4t\u00e9 permissif.<\/p>\n<p>\u00ab\u00a0La justice, l&rsquo;opinion publique et la politique sont ici tourn\u00e9es en ridicule parce que la loi sur l&rsquo;autod\u00e9termination le permet\u00a0\u00bb, a d\u00e9plor\u00e9 le ministre de l&rsquo;Int\u00e9rieur Alexander Dobrindt.<\/p>\n<p>Le ministre conservateur a demand\u00e9 un d\u00e9bat \u00ab\u00a0sur la mani\u00e8re de r\u00e9tablir des r\u00e8gles claires contre l&rsquo;abus du changement de genre\u00a0\u00bb.<\/p>\n<p>&#8211; Ultradroite &#8211;<\/p>\n<p>Personnalit\u00e9 des milieux de l&rsquo;ultradroite en Allemagne de l&rsquo;est, Marla-Svenja Liebich, 54 ans, a \u00e9t\u00e9 membre, selon des m\u00e9dias allemands, du r\u00e9seau n\u00e9onazi Blood and Honour.<\/p>\n<p>Sur une boutique en ligne, Sven Liebich proposait notamment \u00e0 la vente une batte de baseball avec le slogan \u00ab\u00a0outil pour expulsions\u00a0\u00bb.<\/p>\n<p>En 2022, Sven Liebich avait perturb\u00e9 une marche des fiert\u00e9s \u00e0 Halle, qualifiant les personnes LGBT+ de \u00ab\u00a0parasites de la soci\u00e9t\u00e9\u00a0\u00bb, selon des militants.<\/p>\n<p>Mais en juillet, Marla-Svenja Liebich est apparue avec un haut l\u00e9opard, un sac \u00e0 main et des boucles d&rsquo;oreille dor\u00e9s, turban et capeline sur le cr\u00e2ne. Et une large moustache teinte en blond.<\/p>\n<p>La condamn\u00e9e a \u00e9galement affirm\u00e9 s&rsquo;\u00eatre convertie au juda\u00efsme, r\u00e9clamant des repas casher et un aum\u00f4nier isra\u00e9lite en prison, s&rsquo;attirant une vive condamnation du commissaire du gouvernement charg\u00e9 de la lutte contre l&rsquo;antis\u00e9mitisme, Felix Klein.<\/p>\n<p>&#8211; Un bilan pour mi-2026 &#8211;<\/p>\n<p>\u00ab\u00a0Le cas Liebich met en \u00e9vidence que la loi (&#8230;) pr\u00e9sente des faiblesses qui peuvent favoriser des abus cibl\u00e9s\u00a0\u00bb, a estim\u00e9 la ministre &#8211; conservatrice &#8211; de la Famille, Karin Prien.<\/p>\n<p>Le nouveau texte a remplac\u00e9 une l\u00e9gislation datant de 1981, qui pr\u00e9voyait une proc\u00e9dure co\u00fbteuse et longue imposant deux rapports psychologiques.<\/p>\n<p>Dans leur accord de coalition conclu au printemps, conservateurs et sociaux-d\u00e9mocrates se sont engag\u00e9s \u00e0 en faire un bilan \u00ab\u00a0au plus tard le 31 juillet 2026\u00a0\u00bb.<\/p>\n<p>L&rsquo;\u00e9valuation devra notamment dire combien de demandes ont \u00e9t\u00e9 rejet\u00e9es en raison \u00ab\u00a0d&rsquo;indices objectifs et concrets d&rsquo;un usage abusif\u00a0\u00bb, a pr\u00e9cis\u00e9 un porte-parole du minist\u00e8re vendredi.<\/p>\n<p>Source : AFP<\/p>\n","protected":false},"excerpt":{"rendered":"Coutumi\u00e8re des provocations, Marla-Svenja Liebich devait se pr\u00e9senter dans la soir\u00e9e \u00e0 la prison pour femmes de Chemnitz,&hellip;\n","protected":false},"author":2,"featured_media":353847,"comment_status":"","ping_status":"","sticky":false,"template":"","format":"standard","meta":{"footnotes":""},"categories":[1587],"tags":[11,672,1804,1805,1803,1777,674,1801,12,1802],"class_list":{"0":"post-353846","1":"post","2":"type-post","3":"status-publish","4":"format-standard","5":"has-post-thumbnail","7":"category-allemagne","8":"tag-actualites","9":"tag-allemagne","10":"tag-bundesrepublik-deutschland","11":"tag-de","12":"tag-deutschland","13":"tag-eu","14":"tag-europe","15":"tag-germany","16":"tag-news","17":"tag-republique-federale-dallemagne"},"share_on_mastodon":{"url":"https:\/\/pubeurope.com\/@fr\/115116080148918297","error":""},"_links":{"self":[{"href":"https:\/\/www.europesays.com\/fr\/wp-json\/wp\/v2\/posts\/353846","targetHints":{"allow":["GET"]}}],"collection":[{"href":"https:\/\/www.europesays.com\/fr\/wp-json\/wp\/v2\/posts"}],"about":[{"href":"https:\/\/www.europesays.com\/fr\/wp-json\/wp\/v2\/types\/post"}],"author":[{"embeddable":true,"href":"https:\/\/www.europesays.com\/fr\/wp-json\/wp\/v2\/users\/2"}],"replies":[{"embeddable":true,"href":"https:\/\/www.europesays.com\/fr\/wp-json\/wp\/v2\/comments?post=353846"}],"version-history":[{"count":0,"href":"https:\/\/www.europesays.com\/fr\/wp-json\/wp\/v2\/posts\/353846\/revisions"}],"wp:featuredmedia":[{"embeddable":true,"href":"https:\/\/www.europesays.com\/fr\/wp-json\/wp\/v2\/media\/353847"}],"wp:attachment":[{"href":"https:\/\/www.europesays.com\/fr\/wp-json\/wp\/v2\/media?parent=353846"}],"wp:term":[{"taxonomy":"category","embeddable":true,"href":"https:\/\/www.europesays.com\/fr\/wp-json\/wp\/v2\/categories?post=353846"},{"taxonomy":"post_tag","embeddable":true,"href":"https:\/\/www.europesays.com\/fr\/wp-json\/wp\/v2\/tags?post=353846"}],"curies":[{"name":"wp","href":"https:\/\/api.w.org\/{rel}","templated":true}]}}