{"id":353848,"date":"2025-08-30T05:32:11","date_gmt":"2025-08-30T05:32:11","guid":{"rendered":"https:\/\/www.europesays.com\/fr\/353848\/"},"modified":"2025-08-30T05:32:11","modified_gmt":"2025-08-30T05:32:11","slug":"nucleaire-leurope-reactive-le-mecanisme-de-sanctions-contre-teheran-mediapart","status":"publish","type":"post","link":"https:\/\/www.europesays.com\/fr\/353848\/","title":{"rendered":"Nucl\u00e9aire : l\u2019Europe r\u00e9active le m\u00e9canisme de sanctions contre T\u00e9h\u00e9ran &#8211; Mediapart"},"content":{"rendered":"<ol>\n<li><a href=\"https:\/\/news.google.com\/rss\/articles\/CBMivwFBVV95cUxNdmxDMTEzbFNpY1BnbXNGZ2ZWQU8tM3I0RVdQMm9OYmJuR2tDbG91TTE1U1pBRmZRSE01WGhNUDhERTNjbzMzeWhjdEhkOTAtRDdCcVRZN0FQZXV6LTBJZVhabnYzS3NvWEtNeldUS0FPeEFDdGZYaExMOXBHQ1NBMDB5WTE4ek9CX1FSWHo5RGd2YXUxaUx3ZUVYRGtxQjRCTFFmaGpJeGhvRElyWnJLRk9LT0hVN3N4VXpsWFhJMA?oc=5\" target=\"_blank\" rel=\"noopener\">Nucl\u00e9aire : l\u2019Europe r\u00e9active le m\u00e9canisme de sanctions contre T\u00e9h\u00e9ran<\/a>&nbsp;&nbsp;Mediapart<\/li>\n<li><a href=\"https:\/\/news.google.com\/rss\/articles\/CBMiwwFBVV95cUxNYnFiWkxrY1lqNlBwcGNGeFpLRzI2dENRWVpuWmozWXdveTlxNjFFdGV2OUdaVWFEQWFjcXRUM1QzTUZKWEVNdGFvTlJWa0FjOWQ4MmYwU01PWXZFNUM3TFl2T2JaU2ZhNlg1WnBjZEF1ZXFCMThTeXJxeTdCV2FxM3FFYVR0c0lKWHM3c0JkT3c3RUdvLTl1T1Y1Wjc4WFdqTHQtT3VYQTk5X2ttUGhaVloxaGtkakdlZTdTNktSSkNKY1E?oc=5\" target=\"_blank\" rel=\"noopener\">Nucl\u00e9aire iranien : Moscou menace de \u00abcons\u00e9quences irr\u00e9parables\u00bb en cas de nouvelles sanctions des Europ\u00e9ens<\/a>&nbsp;&nbsp;Le Figaro<\/li>\n<li><a href=\"https:\/\/news.google.com\/rss\/articles\/CBMie0FVX3lxTFBpQ2NBcEVtLWpSc0s4bGk0S2hsb3dUT2VZZXNXaUZpT2Z4X0dxeFFiOGl3bUNkbHp0cVRVT3Ayc1FJU3NsZlg1T1NPRnZaVklnQnY2NGlyZlB4U1g5MlRQUlg5MnMyTnVON2pYMVhldEt2Sk41TWZacE5Zdw?oc=5\" target=\"_blank\" rel=\"noopener\">L\u2019\u00e9dito. Coup de pression sur l\u2019Iran<\/a>&nbsp;&nbsp;L&rsquo;Alsace<\/li>\n<li><a href=\"https:\/\/news.google.com\/rss\/articles\/CBMiqgFBVV95cUxPc2w3VTRrNmlONDZrWDRPemZMMVQydnJ4dnRLVXhZWldLeHIwWE45T0JRUm5wSGkyWmNrR0hxN0djdHAybk1pcGdZSnN0bXc3Q1NHanhTdHdNNGRnYWtKcGJoM1ZwdmhsRlljS3RwaW1ZUDQzVTBQeW5wRlgtUGxleTk2dFplT095Wi1ITWctNGF2VjFPNEVqQ0lvVXBFMGI2Ul9WQXplekxCZw?oc=5\" target=\"_blank\" rel=\"noopener\">O\u00f9 sont les 450 kilos d\u2019uranium enrichi iranien disparus ? L\u2019Iran somm\u00e9 de r\u00e9pondre<\/a>&nbsp;&nbsp;Radio France<\/li>\n<li><a href=\"https:\/\/news.google.com\/rss\/articles\/CBMi1AFBVV95cUxPa0lnUFU0cGlVZm9JbDEtNzJaMEk4dTRvQkhWX1JxN1lKX2lxamRxVUN1Nml3YWhPVXlfbEtNSjg2MGRuWkhSbkZVRUZOYVlzSnBxd0V0b0I0aTRGVzh5bExPYS1MZ3htbXNWeWk3UkRlVUMydVNJcEtBc1lqanYwRTh0bW1ISzlVNjBrb0lXWnhsVDRHWVFVQlQ2N0wzVlR4QWRQT0Z6bGtEZ05zQjR5UUJVWHVEN0ZiTjNNSEdMYjZsVDBsLVZwblJpMzVFdnBFY0Jjag?oc=5\" target=\"_blank\" rel=\"noopener\">Nucl\u00e9aire iranien : l\u2019Europe fixe un ultimatum de 30 jours pour une solution diplomatique<\/a>&nbsp;&nbsp;Sud Ouest<\/li>\n<\/ol>\n","protected":false},"excerpt":{"rendered":"Nucl\u00e9aire : l\u2019Europe r\u00e9active le m\u00e9canisme de sanctions contre T\u00e9h\u00e9ran&nbsp;&nbsp;Mediapart Nucl\u00e9aire iranien : Moscou menace de \u00abcons\u00e9quences irr\u00e9parables\u00bb&hellip;\n","protected":false},"author":2,"featured_media":353849,"comment_status":"","ping_status":"","sticky":false,"template":"","format":"standard","meta":{"footnotes":""},"categories":[1586],"tags":[31255,11,3939,1777,674,1011,27,3019,12,31,25],"class_list":{"0":"post-353848","1":"post","2":"type-post","3":"status-publish","4":"format-standard","5":"has-post-thumbnail","7":"category-europe","8":"tag-accord-nucleaire-iranien","9":"tag-actualites","10":"tag-defense-et-diplomatie","11":"tag-eu","12":"tag-europe","13":"tag-fr","14":"tag-france","15":"tag-iran","16":"tag-news","17":"tag-proche-et-moyen-orient","18":"tag-republique-francaise"},"share_on_mastodon":{"url":"https:\/\/pubeurope.com\/@fr\/115116084088785169","error":""},"_links":{"self":[{"href":"https:\/\/www.europesays.com\/fr\/wp-json\/wp\/v2\/posts\/353848","targetHints":{"allow":["GET"]}}],"collection":[{"href":"https:\/\/www.europesays.com\/fr\/wp-json\/wp\/v2\/posts"}],"about":[{"href":"https:\/\/www.europesays.com\/fr\/wp-json\/wp\/v2\/types\/post"}],"author":[{"embeddable":true,"href":"https:\/\/www.europesays.com\/fr\/wp-json\/wp\/v2\/users\/2"}],"replies":[{"embeddable":true,"href":"https:\/\/www.europesays.com\/fr\/wp-json\/wp\/v2\/comments?post=353848"}],"version-history":[{"count":0,"href":"https:\/\/www.europesays.com\/fr\/wp-json\/wp\/v2\/posts\/353848\/revisions"}],"wp:featuredmedia":[{"embeddable":true,"href":"https:\/\/www.europesays.com\/fr\/wp-json\/wp\/v2\/media\/353849"}],"wp:attachment":[{"href":"https:\/\/www.europesays.com\/fr\/wp-json\/wp\/v2\/media?parent=353848"}],"wp:term":[{"taxonomy":"category","embeddable":true,"href":"https:\/\/www.europesays.com\/fr\/wp-json\/wp\/v2\/categories?post=353848"},{"taxonomy":"post_tag","embeddable":true,"href":"https:\/\/www.europesays.com\/fr\/wp-json\/wp\/v2\/tags?post=353848"}],"curies":[{"name":"wp","href":"https:\/\/api.w.org\/{rel}","templated":true}]}}