{"id":353850,"date":"2025-08-30T05:33:12","date_gmt":"2025-08-30T05:33:12","guid":{"rendered":"https:\/\/www.europesays.com\/fr\/353850\/"},"modified":"2025-08-30T05:33:12","modified_gmt":"2025-08-30T05:33:12","slug":"des-fonctionnaires-europeens-appellent-lunion-a-agir-pour-gaza-ces-collegues-ne-sont-pas-antisemites-mais-des-pacifistes","status":"publish","type":"post","link":"https:\/\/www.europesays.com\/fr\/353850\/","title":{"rendered":"Des fonctionnaires europ\u00e9ens appellent l&rsquo;Union \u00e0 agir pour Gaza: \u00ab\u00a0Ces coll\u00e8gues ne sont pas antis\u00e9mites, mais des pacifistes\u00a0\u00bb"},"content":{"rendered":"<p class=\"ap-StoryElement ap-StoryElement--mb js-paywall-target ap-StoryText\">Pr\u00e8s de 2000 fonctionnaires europ\u00e9ens ont ainsi sign\u00e9 un courrier dat\u00e9 du 29 juillet adress\u00e9 \u00e0 la pr\u00e9sidente de la Commission europ\u00e9enne, <a href=\"https:\/\/www.lalibre.be\/international\/europe\/guerre-ukraine-russie\/2025\/08\/28\/poutine-doit-venir-a-la-table-des-negociations-FNSZNFQXMBASRPKWJ7EVX4TTQA\/\" target=\"_blank\" rel=\"nofollow noopener\">Ursula von der Leyen<\/a>, et la Haute repr\u00e9sentante <a href=\"https:\/\/www.lalibre.be\/international\/europe\/2025\/03\/22\/kaja-kallas-cherche-encore-sa-voie-dans-les-meandres-de-la-diplomatie-europeenne-3L6HCNLS3FHYDJAKNBR7DPSYCA\/\" target=\"_blank\" rel=\"nofollow noopener\">Kaja Kallas<\/a>, et diffus\u00e9 sur les r\u00e9seaux sociaux, exhortant l&rsquo;UE \u00e0 \u00ab\u00a0prendre des actions d\u00e9cisives\u00a0\u00bb pour obtenir qu&rsquo;Isra\u00ebl l\u00e8ve tout blocage \u00e0 l&rsquo;aide humanitaire dans la bande de Gaza. Et d&rsquo;insister qu&rsquo;il s&rsquo;agit l\u00e0 \u00ab\u00a0d&rsquo;un test d\u00e9terminant pour les fondations morales et politiques de l&rsquo;Union, principes sans lesquels le projet europ\u00e9en perdrait sa signification et sa l\u00e9gitimit\u00e9\u00a0\u00bb.<\/p>\n<p><a href=\"https:\/\/www.lalibre.be\/international\/europe\/2025\/08\/08\/guerre-israel-hamas-une-telle-decision-doit-avoir-des-consequences-sur-les-relations-ue-israel-ZCILIVPUSJFPFB46ZWO64L6JXM\/\" target=\"_blank\" rel=\"noopener noreferrer nofollow\" class=\"ap-StoryInterstitialLink ap-StoryElement ap-StoryElement--mb\">Guerre Isra\u00ebl-Hamas: \u00ab\u00a0une telle d\u00e9cision doit avoir des cons\u00e9quences sur les relations UE-Isra\u00ebl\u00a0\u00bb<\/a>Un courant de fond<\/p>\n<p class=\"ap-StoryElement ap-StoryElement--mb ap-StoryText\">Cette lettre n&rsquo;est pas le premier courrier de fonctionnaires europ\u00e9ens envoy\u00e9s aux dirigeants de leurs institutions pour exprimer leur pr\u00e9occupation quant au fait que, selon eux, l&rsquo;Union en fait trop peu pour changer la situation au Proche-Orient. Il s&rsquo;agit d&rsquo;une \u00e9ni\u00e8me manifestation d&rsquo;un courant qui traverse la fonction publique europ\u00e9enne.<\/p>\n<p class=\"ap-StoryElement ap-StoryElement--mb ap-StoryText\">Tous les jeudis, plusieurs dizaines de ses membres manifestent ainsi pour la paix et la justice devant le Berlaymont, le si\u00e8ge de la Commission, \u00e0 l&rsquo;initiative du mouvement EUStaff4Peace. Actif depuis novembre 2023, celui-ci affirme \u00eatre fort du soutien de 2000 sympathisants de toutes les institutions (essentiellement de la Commission, la plus importante, avec 32 000 fonctionnaires, mais aussi du Parlement europ\u00e9en, du Conseil, du service europ\u00e9en d&rsquo;action ext\u00e9rieure, d&rsquo;agences ex\u00e9cutives\u2026, NdlR). \u00ab\u00a0\u00c7a a \u00e9t\u00e9 un mouvement spontan\u00e9 des fonctionnaires de l&rsquo;Union europ\u00e9enne, tr\u00e8s engag\u00e9s et convaincus des valeurs de paix, de respect des droits humains, du droit, qui sont la base des trait\u00e9s europ\u00e9ens\u00a0\u00bb, retrace Giovanni, qui en est membre depuis les d\u00e9buts.<\/p>\n<p class=\"ap-StoryElement ap-StoryElement--mb ap-StoryText\">Cette volont\u00e9 de voir l&rsquo;UE agir avec davantage de d\u00e9termination pour avoir un impact sur la situation au Proche-Orient est \u00ab\u00a0un sentiment tr\u00e8s partag\u00e9 en interne\u00a0\u00bb, affirme Antoine (pr\u00e9nom d&#8217;emprunt), fonctionnaire europ\u00e9en actif dans les relations internationales. Lui-m\u00eame n&rsquo;est pas membre de EUStaff4Peace, mais a particip\u00e9 \u00e0 des ventes de g\u00e2teaux dont les b\u00e9n\u00e9fices \u00e9taient destin\u00e9s \u00e0 la Croix-Rouge \u00e0 Gaza, et appos\u00e9 sa signature sous plusieurs courriers internes adress\u00e9s aux dirigeants des institutions europ\u00e9ennes. Dans le chef des celles et ceux qui se mobilisent, \u00ab\u00a0il y a une vraie pr\u00e9occupation pour le sort des Gazaouis et une r\u00e9volte contre les violations du droit international et des obligations qui incombent \u00e0 l&rsquo;UE en vertu des trait\u00e9s\u00a0\u00bb.<\/p>\n<p><a href=\"https:\/\/www.lalibre.be\/international\/moyen-orient\/2025\/08\/27\/face-a-la-famine-a-gaza-lunrwa-aspire-a-reprendre-son-devoir-humanitaire-il-ny-a-aucune-alternative-efficace-a-notre-agence-VSBHW4RX55HCRDWDG3FOAEOREE\/\" target=\"_blank\" rel=\"noopener noreferrer nofollow\" class=\"ap-StoryInterstitialLink ap-StoryElement ap-StoryElement--mb\">Face \u00e0 la famine \u00e0 Gaza, l&rsquo;Unrwa aspire \u00e0 reprendre son \u00ab\u00a0devoir humanitaire\u00a0\u00bb: \u00ab\u00a0Il n&rsquo;y a aucune alternative efficace \u00e0 notre agence\u00a0\u00bb<\/a>Pri\u00e8re d&rsquo;utiliser les outils internes<\/p>\n<p class=\"ap-StoryElement ap-StoryElement--mb ap-StoryText\">En manifestant publiquement, les fonctionnaires europ\u00e9ens marchent sur un fil. \u00ab\u00a0Les membres du personnel qui souhaitent exprimer leurs opinions sur les politiques europ\u00e9ennes disposent d&rsquo;une vari\u00e9t\u00e9 d&rsquo;outils internes pour le faire\u00a0\u00bb, souligne la Commission, qui pr\u00e9cise que \u00ab\u00a0les lettres internes ne sont pas destin\u00e9es \u00e0 \u00eatre publi\u00e9es\u00a0\u00bb. L&rsquo;ex\u00e9cutif europ\u00e9en rappelle aussi que les locaux de l&rsquo;institution ne sont pas destin\u00e9s \u00e0 \u00eatre des lieux \u00ab\u00a0d&rsquo;activisme politique\u00a0\u00bb. Ceux qui enfreignent les r\u00e8gles que sont tenus de respecter les fonctionnaires s&rsquo;exposent \u00e0 des proc\u00e9dures disciplinaires.<\/p>\n<p class=\"ap-StoryElement ap-StoryElement--mb ap-StoryText\">De l&rsquo;autre c\u00f4t\u00e9 du rond-point <a href=\"https:\/\/www.lalibre.be\/international\/amerique\/2025\/08\/26\/nouvelles-menaces-de-trump-les-lois-sur-le-numerique-sont-un-droit-souverain-de-lue-SJ5GXEV7DVDHHBIXU56XSHQMUE\/\" target=\"_blank\" rel=\"nofollow noopener\">Schuman <\/a>dans le b\u00e2timent Europa du Conseil, des fonctionnaires v\u00eatus de t-shirts frapp\u00e9s de l&rsquo;inscription \u00ab\u00a0Dites non au g\u00e9nocide\u00a0\u00bb ont \u00e9t\u00e9 vigoureusement pri\u00e9s de quitter la cantine du b\u00e2timent.<\/p>\n<p class=\"ap-StoryElement ap-StoryElement--mb ap-StoryText\">Le m\u00e9dia EUObserver a r\u00e9v\u00e9l\u00e9 que fin mai dernier, Katharina von Schnurbein, la coordinatrice de la Commission pour la lutte contre l&rsquo;antis\u00e9mitisme, avait d\u00e9nonc\u00e9 dans une discussion avec des ambassadeurs europ\u00e9ens \u00e0 Tel Aviv un \u00ab\u00a0antis\u00e9mitisme ambiant\u00a0\u00bb, dans les institutions, susceptible d&rsquo;influencer la position sur Isra\u00ebl. Et d&rsquo;illustrer son propos en \u00e9voquant la vente de g\u00e2teaux pour Gaza. Une accusation que ne dig\u00e8re pas Giovanni : \u00ab\u00a0Ces coll\u00e8gues ne sont pas antis\u00e9mites, mais des pacifistes, et les opinions pacifistes ont droit de cit\u00e9 dans l&rsquo;espace de la fonction publique europ\u00e9enne. Nous ne sommes pas des rebelles. Ce sont des coll\u00e8gues qui ni demandent rien d&rsquo;autre que le respect des trait\u00e9s, du droit europ\u00e9en, des droits humains et des droits internationaux\u00a0\u00bb.<\/p>\n<p><img loading=\"lazy\" decoding=\"async\" class=\"w-full lazyload lazyload--opacity object-contain\" style=\"aspect-ratio:133 \/ 100;opacity:1\" alt=\"Une manifestation de EUStaff4Peace, \u00e0 la cantune de la Commission,  pour demander que l'UE agisse r\u00e9solument pour restaurer l'acc\u00e8s de l'aide humanitaire \u00e0 Gaza.\" width=\"768\" height=\"576\" fetchpriority=\"auto\" src=\"https:\/\/www.europesays.com\/fr\/wp-content\/uploads\/2025\/04\/S5VKD3X55FFF3BW6V4SEHXNP7I.png\"  data- data-optimumx=\"1\"\/>Une manifestation de EUStaff4Peace, \u00e0 la cantune de la Commission,  pour demander que l&rsquo;UE agisse r\u00e9solument pour restaurer l&rsquo;acc\u00e8s de l&rsquo;aide humanitaire \u00e0 Gaza. \u00a9EUStaff4Peace<\/p>\n<p class=\"ap-StoryElement ap-StoryElement--mb ap-StoryText\">Antoine dit ne pas avoir eu vent, ni subi de pression mais estime qu&rsquo;elle est \u00ab\u00a0sans doute plus forte sur les juniors ou les contractuels. C&rsquo;est compliqu\u00e9 ne f\u00fbt-ce que d&rsquo;\u00eatre aper\u00e7u dans des manifestations politiques. Les milieux diplomatiques ne sont g\u00e9n\u00e9ralement pas les lieux d&rsquo;expression du militantisme. Il y a une crainte de br\u00fbler son avancement de carri\u00e8re\u00a0\u00bb.<\/p>\n<p>\u00ab\u00a0La cr\u00e9dibilit\u00e9 de l&rsquo;UE est en jeu\u00a0\u00bb<\/p>\n<p class=\"ap-StoryElement ap-StoryElement--mb ap-StoryText\">L&rsquo;action des fonctionnaires europ\u00e9ens n&rsquo;est pas uniquement d\u00e9claratoire. EUStaff4Peace a fait parvenir en avril dernier un m\u00e9morandum en 19 points dont l&rsquo;ex\u00e9cution permettrait \u00e0 l&rsquo;UE d&rsquo;agir envers Isra\u00ebl conform\u00e9ment au droit international. \u00ab\u00a0Nous demandons aux dirigeants europ\u00e9ens d&rsquo;utiliser jusqu&rsquo;au bout tous les pouvoirs l\u00e9gaux \u00e0 leur disposition\u00a0\u00bb, pr\u00e9cise Giovanni. Les \u00c9tats membres ne semblent pas y \u00eatre pr\u00eats. La suspension, m\u00eame partielle de l&rsquo;accord d&rsquo;association avec Isra\u00ebl n&rsquo;est pas \u00e0 l&rsquo;ordre du jour, et il faudra voir ce qu&rsquo;ils feront de la proposition de la Commission de suspendre la participation d&rsquo;Isra\u00ebl au programme de recherche Horizon Europe.<\/p>\n<p><a href=\"https:\/\/www.lalibre.be\/international\/europe\/2025\/06\/23\/leurope-constate-quisrael-viole-les-droits-humains-a-gaza-mais-se-donne-le-temps-de-reagir-en-gardant-un-oeil-sur-la-guerre-en-iran-G24Z7PZWW5AJJKOGZSR4A37EBY\/\" target=\"_blank\" rel=\"noopener noreferrer nofollow\" class=\"ap-StoryInterstitialLink ap-StoryElement ap-StoryElement--mb\">La guerre en Iran complique le positionnement des Europ\u00e9ens sur la fa\u00e7on de r\u00e9pondre \u00e0 l&rsquo;action d&rsquo;Isra\u00ebl \u00e0 Gaza<\/a><\/p>\n<p class=\"ap-StoryElement ap-StoryElement--mb ap-StoryText\">D\u00e9sireux de contribuer au d\u00e9bat, plus de deux cents anciens ambassadeurs et hauts fonctionnaires europ\u00e9ens et nationaux ont envoy\u00e9 une troisi\u00e8me lettre ouverte aux dirigeants des Vingt-sept, des institutions de l&rsquo;UE, \u00e0 la HR et autres commissaires comp\u00e9tents, appelant \u00ab\u00a0\u00e0 la mise en \u0153uvre imm\u00e9diate de mesures par l&rsquo;UE contre les actions ill\u00e9gales d&rsquo;Isra\u00ebl en Cisjordanie et \u00e0 Gaza\u00a0\u00bb. Leurs deux derniers courriers d\u00e9taillent ce qu&rsquo;il serait possible de faire, faute d&rsquo;unanimit\u00e9, \u00e0 la majorit\u00e9 qualifi\u00e9e des \u00c9tats membres, ou par les \u00c9tats, individuellement, ou par groupe, sans aller \u00e0 l&rsquo;encontre des trait\u00e9s europ\u00e9ens. \u00ab\u00a0On pourrait \u00eatre beaucoup plus proactifs\u00a0\u00bb, soutient un des signataires de ces lettres. \u00ab\u00a0D\u00e9j\u00e0, la fin du commerce avec les entreprises install\u00e9es dans les colonies en Cisjordanie, c&rsquo;est le minimum de ce qu&rsquo;on pourrait faire.\u00a0\u00bb<\/p>\n<p class=\"ap-StoryElement ap-StoryElement--mb ap-StoryText\">Ce qui est per\u00e7u comme une r\u00e9ticence europ\u00e9enne \u00e0 faire pression sur Isra\u00ebl, \u00ab\u00a0porte atteinte \u00e0 notre cr\u00e9dibilit\u00e9 internationale\u00a0\u00bb, insiste Antoine. \u00ab\u00a0Nous avons tous essuy\u00e9 des reproches de la part de nos interlocuteurs d&rsquo;autres pays, m\u00eame si certains sont des pays qui tiennent eux-m\u00eames un double discours\u00a0\u00bb, t\u00e9moigne-t-il. Son avis est corrobor\u00e9 par le signataire de la lettre des anciens ambassadeurs et hauts fonctionnaires. \u00ab\u00a0Il y a une tr\u00e8s grande frustration qui s&rsquo;exprime maintenant, qui se catalyse autour du dossier de Gaza parce que ce qui s&rsquo;y passe est tellement choquant, mais qui a aussi trait, plus largement, \u00e0 la paralysie de l&rsquo;UE. On s&rsquo;\u00e9crase sur tous les dossiers litigieux. D&rsquo;une part parce qu&rsquo;on n&rsquo;arrive pas \u00e0 un consensus interne et ensuite, parce que nous n&rsquo;avons pas le courage de nos ambitions.\u00a0\u00bb<\/p>\n<p>Certaines commissaires sortent du bois<\/p>\n<p class=\"ap-StoryElement ap-StoryElement--mb ap-StoryText\">Ursula von der Leyen s&rsquo;est vue reprocher d&rsquo;avoir une position trop accommodante vis-\u00e0-vis d&rsquo;Isra\u00ebl, mais au sein m\u00eame de son coll\u00e8ge, des voix plus critiques de ce qui se passe \u00e0 Gaza se font entendre. \u00ab\u00a0Si ce n&rsquo;est pas un g\u00e9nocide, \u00e7a ressemble beaucoup \u00e0 la d\u00e9finition utilis\u00e9e pour exprimer cette signification\u00a0\u00bb, a d\u00e9clar\u00e9 l&rsquo;Espagnole Teresa Ribera, n\u00b02 de la Commission, d\u00e9but ao\u00fbt. \u00ab\u00a0C&rsquo;est une famine qui aurait pu \u00eatre \u00e9vit\u00e9e si nous avions \u00e9t\u00e9 autoris\u00e9s \u00e0 fournir notre aide humanitaire. Et c&rsquo;est une famine \u00e0 100 % cr\u00e9\u00e9e par l&rsquo;homme, alors que des montagnes d&rsquo;aide humanitaire attendent \u00e0 quelque distance des populations affam\u00e9es\u00a0\u00bb, a soulign\u00e9 de son c\u00f4t\u00e9 la Belge Hadja Lahbib, commissaire charg\u00e9e de l&rsquo;aide humanitaire dans une interview accord\u00e9e aux agences de presse, pointant en creux la responsabilit\u00e9 d&rsquo;Isra\u00ebl.<\/p>\n<p><a href=\"https:\/\/www.lalibre.be\/economie\/entreprises-startup\/2025\/08\/21\/en-pleine-guerre-a-gaza-la-plus-grande-entreprise-darmement-israelienne-conclut-un-accord-commercial-historique-en-europe-VOPUM4OJRZFELAEB25EIEVJXBU\/\" target=\"_blank\" rel=\"noopener noreferrer nofollow\" class=\"ap-StoryInterstitialLink ap-StoryElement ap-StoryElement--mb\">En pleine guerre \u00e0 Gaza, la plus grande entreprise d&rsquo;armement isra\u00e9lienne conclut un accord commercial historique en Europe<\/a><\/p>\n","protected":false},"excerpt":{"rendered":"Pr\u00e8s de 2000 fonctionnaires europ\u00e9ens ont ainsi sign\u00e9 un courrier dat\u00e9 du 29 juillet adress\u00e9 \u00e0 la pr\u00e9sidente&hellip;\n","protected":false},"author":2,"featured_media":353851,"comment_status":"","ping_status":"","sticky":false,"template":"","format":"standard","meta":{"footnotes":""},"categories":[1586],"tags":[11,1777,674,1779,1011,27,22825,12,25,1778,364],"class_list":{"0":"post-353850","1":"post","2":"type-post","3":"status-publish","4":"format-standard","5":"has-post-thumbnail","7":"category-europe","8":"tag-actualites","9":"tag-eu","10":"tag-europe","11":"tag-european-union","12":"tag-fr","13":"tag-france","14":"tag-hadja-lahbib","15":"tag-news","16":"tag-republique-francaise","17":"tag-ue","18":"tag-union-europeenne"},"share_on_mastodon":{"url":"https:\/\/pubeurope.com\/@fr\/115116087979614047","error":""},"_links":{"self":[{"href":"https:\/\/www.europesays.com\/fr\/wp-json\/wp\/v2\/posts\/353850","targetHints":{"allow":["GET"]}}],"collection":[{"href":"https:\/\/www.europesays.com\/fr\/wp-json\/wp\/v2\/posts"}],"about":[{"href":"https:\/\/www.europesays.com\/fr\/wp-json\/wp\/v2\/types\/post"}],"author":[{"embeddable":true,"href":"https:\/\/www.europesays.com\/fr\/wp-json\/wp\/v2\/users\/2"}],"replies":[{"embeddable":true,"href":"https:\/\/www.europesays.com\/fr\/wp-json\/wp\/v2\/comments?post=353850"}],"version-history":[{"count":0,"href":"https:\/\/www.europesays.com\/fr\/wp-json\/wp\/v2\/posts\/353850\/revisions"}],"wp:featuredmedia":[{"embeddable":true,"href":"https:\/\/www.europesays.com\/fr\/wp-json\/wp\/v2\/media\/353851"}],"wp:attachment":[{"href":"https:\/\/www.europesays.com\/fr\/wp-json\/wp\/v2\/media?parent=353850"}],"wp:term":[{"taxonomy":"category","embeddable":true,"href":"https:\/\/www.europesays.com\/fr\/wp-json\/wp\/v2\/categories?post=353850"},{"taxonomy":"post_tag","embeddable":true,"href":"https:\/\/www.europesays.com\/fr\/wp-json\/wp\/v2\/tags?post=353850"}],"curies":[{"name":"wp","href":"https:\/\/api.w.org\/{rel}","templated":true}]}}