{"id":353856,"date":"2025-08-30T05:36:23","date_gmt":"2025-08-30T05:36:23","guid":{"rendered":"https:\/\/www.europesays.com\/fr\/353856\/"},"modified":"2025-08-30T05:36:23","modified_gmt":"2025-08-30T05:36:23","slug":"diffusion-france-slovenie-a-quelle-heure-et-sur-quelle-chaine-voir-le-match-de-leurobasket-2025-en-direct","status":"publish","type":"post","link":"https:\/\/www.europesays.com\/fr\/353856\/","title":{"rendered":"Diffusion France \u2013 Slov\u00e9nie : \u00e0 quelle heure et sur quelle cha\u00eene voir le match de l\u2019EuroBasket 2025 en direct ?"},"content":{"rendered":"<p class=\"paragraph text_align_left lp-f-body-02\">Ce week-end, tous les regards seront tourn\u00e9s vers Katowice pour la deuxi\u00e8me journ\u00e9e de l\u2019EuroBasket 2025. \u00c0 cette occasion, les Bleus affrontent la Slov\u00e9nie. L\u2019\u00e9quipe dirig\u00e9e par Fr\u00e9d\u00e9ric Fauthoux va tout faire pour se rapprocher de la phase finale. Pour cela, le s\u00e9lectionneur peut compter sur la pr\u00e9sence de quatre m\u00e9daill\u00e9s des JO de Paris 2024 : Matthew Strazel, Bilal Coulibaly, Isa\u00efa Cordinier et Guerschon Yabusele. En 2022, la derni\u00e8re participation des Bleus s\u2019est sold\u00e9e par une seconde place. En face, la Slov\u00e9nie a rencontr\u00e9 la Pologne lors de l\u2019ouverture de la comp\u00e9tition. Les Slov\u00e8nes doivent d\u00e9sormais remporter cette nouvelle confrontation pour rester dans la course \u00e0 la qualification. \u00c0 l\u2019issue de la phase de groupes, seuls les quatre premiers de chaque poule participeront aux huiti\u00e8mes de finale. Dans ces lignes, on vous dit \u00e0 quelle heure et sur quelle cha\u00eene voir le match entre la France et la Slov\u00e9nie en direct ce samedi apr\u00e8s-midi.<\/p>\n<p>EuroBasket 2025 en direct : sur quelle cha\u00eene regarder le match France \u2013 Slov\u00e9nie?<\/p>\n<p class=\"paragraph text_align_left lp-f-body-02\"><b>Le match qui oppose l\u2019\u00e9quipe de France et la Slov\u00e9nie est diffus\u00e9 ce samedi 30 ao\u00fbt <\/b><a href=\"https:\/\/bit.ly\/3PuP6Sd\" target=\"_blank\" rel=\"sponsored noopener\"><b>en direct sur la cha\u00eene beIN SPORTS 3<\/b><\/a><b>.<\/b> Le coup d\u2019envoi de la rencontre est pr\u00e9vu \u00e0 17 heures, \u00e0 la Spodek Arena de Katowice. Les experts prennent l\u2019antenne \u00e0 16 heures 30 pour faire le point sur les premiers r\u00e9sultats de la comp\u00e9tition, les enjeux et les derni\u00e8res actualit\u00e9s des Bleus. Les commentateurs d\u00e9cryptent ensuite les performances des \u00e9quipes, analysent les r\u00e9sultats et reviennent sur les temps forts du match. \u00c0 la suite de la rencontre, une \u00e9mission d\u2019apr\u00e8s-match permet de terminer en douceur cette deuxi\u00e8me journ\u00e9e de comp\u00e9tition.<\/p>\n<p class=\"paragraph text_align_left lp-f-body-02\"><b>Cliquez ici pour d\u00e9couvrir <\/b><a href=\"https:\/\/bit.ly\/3PuP6Sd\" rel=\"sponsored noopener\" target=\"_blank\"><b>l\u2019abonnement beIN SPORTS CONNECT \u00e0 partir de 15\u20ac<\/b><\/a><b> par mois sans engagement (<\/b><a href=\"https:\/\/bit.ly\/3PuP6Sd\" rel=\"sponsored noopener\" target=\"_blank\"><b>offre sp\u00e9ciale pour les -26ans ici<\/b><\/a><b>)<\/b><\/p>\n","protected":false},"excerpt":{"rendered":"Ce week-end, tous les regards seront tourn\u00e9s vers Katowice pour la deuxi\u00e8me journ\u00e9e de l\u2019EuroBasket 2025. \u00c0 cette&hellip;\n","protected":false},"author":2,"featured_media":353857,"comment_status":"","ping_status":"","sticky":false,"template":"","format":"standard","meta":{"footnotes":""},"categories":[4],"tags":[11,49014,1011,27,49013,749,12,25,6718],"class_list":{"0":"post-353856","1":"post","2":"type-post","3":"status-publish","4":"format-standard","5":"has-post-thumbnail","7":"category-france","8":"tag-actualites","9":"tag-eurobasket-2025","10":"tag-fr","11":"tag-france","12":"tag-france-slovenie","13":"tag-guide-shopping","14":"tag-news","15":"tag-republique-francaise","16":"tag-tv-streaming"},"share_on_mastodon":{"url":"https:\/\/pubeurope.com\/@fr\/115116099640005429","error":""},"_links":{"self":[{"href":"https:\/\/www.europesays.com\/fr\/wp-json\/wp\/v2\/posts\/353856","targetHints":{"allow":["GET"]}}],"collection":[{"href":"https:\/\/www.europesays.com\/fr\/wp-json\/wp\/v2\/posts"}],"about":[{"href":"https:\/\/www.europesays.com\/fr\/wp-json\/wp\/v2\/types\/post"}],"author":[{"embeddable":true,"href":"https:\/\/www.europesays.com\/fr\/wp-json\/wp\/v2\/users\/2"}],"replies":[{"embeddable":true,"href":"https:\/\/www.europesays.com\/fr\/wp-json\/wp\/v2\/comments?post=353856"}],"version-history":[{"count":0,"href":"https:\/\/www.europesays.com\/fr\/wp-json\/wp\/v2\/posts\/353856\/revisions"}],"wp:featuredmedia":[{"embeddable":true,"href":"https:\/\/www.europesays.com\/fr\/wp-json\/wp\/v2\/media\/353857"}],"wp:attachment":[{"href":"https:\/\/www.europesays.com\/fr\/wp-json\/wp\/v2\/media?parent=353856"}],"wp:term":[{"taxonomy":"category","embeddable":true,"href":"https:\/\/www.europesays.com\/fr\/wp-json\/wp\/v2\/categories?post=353856"},{"taxonomy":"post_tag","embeddable":true,"href":"https:\/\/www.europesays.com\/fr\/wp-json\/wp\/v2\/tags?post=353856"}],"curies":[{"name":"wp","href":"https:\/\/api.w.org\/{rel}","templated":true}]}}