{"id":353858,"date":"2025-08-30T05:39:15","date_gmt":"2025-08-30T05:39:15","guid":{"rendered":"https:\/\/www.europesays.com\/fr\/353858\/"},"modified":"2025-08-30T05:39:15","modified_gmt":"2025-08-30T05:39:15","slug":"comme-un-jour-sans-fin-pour-le-stade-montois-domine-par-colomiers-des-la-premiere-journee","status":"publish","type":"post","link":"https:\/\/www.europesays.com\/fr\/353858\/","title":{"rendered":"comme un jour sans fin pour le Stade Montois, domin\u00e9 par Colomiers d\u00e8s la premi\u00e8re journ\u00e9e"},"content":{"rendered":"<p>\u00abJ\u2019esp\u00e8re que le r\u00e9veil va sonner vendredi soir\u00a0\u00bb, affirmait cette semaine Christophe Loustalot, \u00e0 l\u2019aube de sa 10e saison en jaune et noir. Le demi de m\u00eal\u00e9e de 33\u00a0ans, futur ex-partant \u00e0 l\u2019intersaison, n\u2019a pas oubli\u00e9 les d\u00e9parts rat\u00e9s \u2013 et les trois d\u00e9faites inaugurales &#8211; qui avaient plomb\u00e9 les deux derni\u00e8res saisons des Montois. Le Souletin, nomm\u00e9 capitaine ce vendredi, n\u2019a pas non plus oubli\u00e9 le faux pas d\u2019il y a un an, sur ce m\u00eame synth\u00e9tique, face \u00e0 ces m\u00eames Colum\u00e9rins (16-18), alors que ses partenaires et lui menaient\u2026 16-5 \u00e0 la mi-temps. Sauf que l\u2019histoire s\u2019est une nouvelle fois r\u00e9p\u00e9t\u00e9e (20-24).<\/p>\n<p>Pourtant auteurs d\u2019une entame convaincante, les jaune et noir ont encore rat\u00e9 leur rentr\u00e9e. La faute \u00e0 une touche d\u00e9faillante et \u00e0 un deuxi\u00e8me acte totalement rat\u00e9, alors qu\u2019ils avaient pris les devants \u00e0 la pause. Mais Colomiers a pris ses habitudes sur le synth\u00e9tique de Boniface. La machine haut-garonnaise s\u2019est mise en route, celle des Landais s\u2019est enray\u00e9e pour conc\u00e9der une f\u00e2cheuse d\u00e9faite d\u00e8s la premi\u00e8re journ\u00e9e. Avant la suite d\u2019un bloc relev\u00e9, avec un d\u00e9placement \u00e0 Agen et la r\u00e9ception de l\u2019ogre vannetais, ils se retrouvent d\u00e9j\u00e0 sous pression. Et ils tenteront, cette fois, d\u2019\u00e9viter les trois d\u00e9faites d\u2019affil\u00e9e pour d\u00e9buter\u2026<\/p>\n<p>        <img decoding=\"async\" id=\"25715169\" src=\"https:\/\/www.europesays.com\/fr\/wp-content\/uploads\/2025\/08\/20250829214015-dsf9323.jpg\" alt=\"Les Montois de Florian Dufour et Wahel Ponpon, d\u00e9pass\u00e9s dans le deuxi\u00e8me acte, n\u2019ont pas r\u00e9ussir \u00e0 tenir la cadence face \u00e0 Colomiers.\" itemprop=\"contentURL\"\/><\/p>\n<p>    Les Montois de Florian Dufour et Wahel Ponpon, d\u00e9pass\u00e9s dans le deuxi\u00e8me acte, n\u2019ont pas r\u00e9ussir \u00e0 tenir la cadence face \u00e0 Colomiers.<\/p>\n<p>Matthieu Sartre<\/p>\n<p>    Une m\u00eal\u00e9e dominatrice<\/p>\n<p>Les incertitudes \u00e9taient grandes \u00e0 l\u2019entame de cette nouvelle saison. Pourtant, \u00e0 l\u2019issue des 40 premi\u00e8res minutes, les Montois peuvent se satisfaire d\u2019une copie coh\u00e9rente et d\u2019un avantage m\u00e9rit\u00e9 de quatre points (10-6). Et ce, apr\u00e8s un premier acte engag\u00e9, bien que sans grandes envol\u00e9es, et des fondamentaux plut\u00f4t solides. Notamment un secteur de la m\u00eal\u00e9e ferm\u00e9e d\u00e9sormais driv\u00e9 par Roger Ripol et \u00e9tonnamment dominateur dans ce d\u00e9but de partie\u00a0: les joueurs de Romain Mareuil ne mettent que 8 minutes pour concasser le pack adverse \u00e0 cinq m\u00e8tres et inscrire le premier essai de la saison par l\u2019incontournable Iashagashvili (7-0, 8e). L\u2019efficacit\u00e9 offensive est maximale. Et la d\u00e9fense tient le choc.<\/p>\n<p>Si le jeune ouvreur Delpy \u2013 pr\u00eat\u00e9 par Toulouse \u2013 rapproche les siens \u00e0 deux reprises (7-3, 12e\u00a0; 10-6, 25e), les partenaires de l\u2019ancien Landais Edwards \u2013 sanctionn\u00e9 d\u2019un jaune pour brutalit\u00e9 sur Begic (31e) \u2013 se heurtent au rideau jaune et noir sans trouver de solution. Comme sur la derni\u00e8re s\u00e9quence du premier acte, alors qu\u2019ils \u00e9voluent en sup\u00e9riorit\u00e9 num\u00e9rique \u2013 apr\u00e8s le jaune de l\u2019ex-Colum\u00e9rin Ponpon pour fautes r\u00e9p\u00e9t\u00e9es (40e +\u00a01)\u00a0: rien n\u2019y fait, les Montois d\u00e9fendent leur ligne comme des morts de faim. Malgr\u00e9 une indiscipline perfectible (7 p\u00e9nalit\u00e9s en 40 minutes) et une touche toujours aussi fragile (trois lancers perdus entre la 6e et la 32e). Car Loustalot, le capitaine-buteur avec le meilleur taux de r\u00e9ussite de Pro D2 la saison derni\u00e8re, est aussi pr\u00e9cieux dans le jeu d\u2019occupation qu\u2019il est impeccable face aux perches.<\/p>\n<p>        <img decoding=\"async\" id=\"25715178\" src=\"https:\/\/www.europesays.com\/fr\/wp-content\/uploads\/2025\/08\/20250829214028-dsf93.jpg\" alt=\"Les Montois de Bautista Ezcurra se retrouvent sous pression d\u00e8s la premi\u00e8re journ\u00e9e, avant un p\u00e9rilleux d\u00e9placement \u00e0 Armandie.\" itemprop=\"contentURL\"\/><\/p>\n<p>    Les Montois de Bautista Ezcurra se retrouvent sous pression d\u00e8s la premi\u00e8re journ\u00e9e, avant un p\u00e9rilleux d\u00e9placement \u00e0 Armandie.<\/p>\n<p>Matthieu Sartre<\/p>\n<blockquote><p>Le doute s\u2019installe, renforc\u00e9 par une touche d\u00e9faillante, une indiscipline grandissante au sol et une bataille perdue dans les airs<\/p><\/blockquote>\n<p>Puis la machine s\u2019enraye<\/p>\n<p>Probl\u00e8me\u00a0: \u00e0 14 contre 15, leur avantage ne dure que trente petites secondes au retour des vestiaires, et le centre haut-garonnais Nuu perce sans grande difficult\u00e9 une muraille jusqu\u2019ici imprenable (10-13, 41e). Tout est \u00e0 refaire pour des jaune et noir d\u00e9sormais contraints de courir derri\u00e8re le score, alors que le spectre du sc\u00e9nario du 30\u00a0ao\u00fbt 2024 flotte au-dessus d\u2019un stade Boniface \u00e0 l\u2019affluence modeste (environ 3\u00a0700 spectateurs). Le doute s\u2019installe, renforc\u00e9 par une touche d\u00e9faillante, une indiscipline grandissante au sol et une bataille perdue dans les airs. Et il faut beaucoup de r\u00e9ussite \u00e0 Dupont, entr\u00e9 quelques secondes auparavant et qui profite d\u2019une m\u00e9sentente d\u00e9fensive adverse, pour inscrire son premier essai en jaune et noir et soulager les siens (17-13, 55e).<\/p>\n<p>Delpy grignote (17-16, 58e), Loustalot lui r\u00e9pond (20-16, 63e). Mais les joueurs de Florian Nicot semblent avoir trouv\u00e9 leur rythme de croisi\u00e8re, \u00e0 l\u2019image de Nuu, qui signe le doubl\u00e9 apr\u00e8s une attaque plac\u00e9e tranchante (20-21, 66e). Boniface gronde, les jaune et noir perdent le fil. D\u00e9sormais sur le reculoir constamment, dans l\u2019incapacit\u00e9 de renverser la vapeur, ils sont \u00e0 deux doigts de craquer sur une perc\u00e9e d\u00e9vastatrice du feu follet Delpy (68e), qui rajoute trois points dans la besace des visiteurs (20-24, 78e). Et les ultimes vell\u00e9it\u00e9s offensives landaises sont contenues ais\u00e9ment par des Colum\u00e9rins en confiance. Comme l\u2019an pass\u00e9, ces derniers sont venus frapper un grand coup avec cette courte mais pr\u00e9cieuse victoire \u00e0 Boniface. Comme l\u2019an pass\u00e9, les Montois, pass\u00e9s \u00e0 c\u00f4t\u00e9 de leur deuxi\u00e8me acte, sont sous pression d\u00e8s la J1. L\u2019histoire se r\u00e9p\u00e8te. Comme un jour sans fin.<\/p>\n<p>        <img decoding=\"async\" id=\"25715246\" src=\"https:\/\/www.europesays.com\/fr\/wp-content\/uploads\/2025\/08\/ft-m2.jpg\" itemprop=\"contentURL\"\/><\/p>\n","protected":false},"excerpt":{"rendered":"\u00abJ\u2019esp\u00e8re que le r\u00e9veil va sonner vendredi soir\u00a0\u00bb, affirmait cette semaine Christophe Loustalot, \u00e0 l\u2019aube de sa 10e&hellip;\n","protected":false},"author":2,"featured_media":353859,"comment_status":"","ping_status":"","sticky":false,"template":"","format":"standard","meta":{"footnotes":""},"categories":[1416],"tags":[1011,27,479,1468,60],"class_list":{"0":"post-353858","1":"post","2":"type-post","3":"status-publish","4":"format-standard","5":"has-post-thumbnail","7":"category-rugby","8":"tag-fr","9":"tag-france","10":"tag-rugby","11":"tag-rugby-football","12":"tag-sports"},"share_on_mastodon":{"url":"https:\/\/pubeurope.com\/@fr\/115116111692606837","error":""},"_links":{"self":[{"href":"https:\/\/www.europesays.com\/fr\/wp-json\/wp\/v2\/posts\/353858","targetHints":{"allow":["GET"]}}],"collection":[{"href":"https:\/\/www.europesays.com\/fr\/wp-json\/wp\/v2\/posts"}],"about":[{"href":"https:\/\/www.europesays.com\/fr\/wp-json\/wp\/v2\/types\/post"}],"author":[{"embeddable":true,"href":"https:\/\/www.europesays.com\/fr\/wp-json\/wp\/v2\/users\/2"}],"replies":[{"embeddable":true,"href":"https:\/\/www.europesays.com\/fr\/wp-json\/wp\/v2\/comments?post=353858"}],"version-history":[{"count":0,"href":"https:\/\/www.europesays.com\/fr\/wp-json\/wp\/v2\/posts\/353858\/revisions"}],"wp:featuredmedia":[{"embeddable":true,"href":"https:\/\/www.europesays.com\/fr\/wp-json\/wp\/v2\/media\/353859"}],"wp:attachment":[{"href":"https:\/\/www.europesays.com\/fr\/wp-json\/wp\/v2\/media?parent=353858"}],"wp:term":[{"taxonomy":"category","embeddable":true,"href":"https:\/\/www.europesays.com\/fr\/wp-json\/wp\/v2\/categories?post=353858"},{"taxonomy":"post_tag","embeddable":true,"href":"https:\/\/www.europesays.com\/fr\/wp-json\/wp\/v2\/tags?post=353858"}],"curies":[{"name":"wp","href":"https:\/\/api.w.org\/{rel}","templated":true}]}}