{"id":353860,"date":"2025-08-30T05:40:15","date_gmt":"2025-08-30T05:40:15","guid":{"rendered":"https:\/\/www.europesays.com\/fr\/353860\/"},"modified":"2025-08-30T05:40:15","modified_gmt":"2025-08-30T05:40:15","slug":"atp-rafael-nadal-sort-du-silence-apres-quelques-semaines-loin-des-reseaux-sociaux-je-tiens-a-vous-remercier-sincerement-pour-tous-les-messages-aimables-que-nous-avons-recus-a-la-suite-de-la-nais","status":"publish","type":"post","link":"https:\/\/www.europesays.com\/fr\/353860\/","title":{"rendered":"ATP > Rafael Nadal sort du silence : \u00ab\u00a0Apr\u00e8s quelques semaines loin des r\u00e9seaux sociaux, je tiens \u00e0 vous remercier sinc\u00e8rement pour tous les messages aimables que nous avons re\u00e7us \u00e0 la suite de la naissance de notre deuxi\u00e8me enfant\u00a0\u00bb"},"content":{"rendered":"<p>Devenu papa pour la deuxi\u00e8me d\u00e9but ao\u00fbt, d\u2019un petit gar\u00e7on nomm\u00e9 Miquel, Rafael Nadal a confirm\u00e9 cette heureuse nouvelle sur ses r\u00e9seaux sociaux ce vendredi dans un message adress\u00e9 \u00e0 ses\u00a0fans.<\/p>\n<blockquote class=\"twitter-tweet\" data-width=\"550\" data-dnt=\"true\">\n<p lang=\"en\" dir=\"ltr\">After a few weeks away from social media, I want to since\u00adrely thank you for all the kind messages we\u2019ve received follo\u00adwing the birth of our second child. <\/p>\n<p>This week I\u2019ve had the chance to enjoy some matches at the <a href=\"https:\/\/twitter.com\/rnadalacademy?ref_src=twsrc%5Etfw\" data-wpel-link=\"external\" target=\"_blank\" rel=\"nofollow external noopener\">@rnadalacademy<\/a>, where we are once again hosting the Rafa Nadal\u2026 <a href=\"https:\/\/t.co\/N9ivx2ce60\" data-wpel-link=\"external\" target=\"_blank\" rel=\"nofollow external noopener\">pic.twitter.com\/N9ivx2ce60<\/a><\/p>\n<p>\u2014 Rafa Nadal (@RafaelNadal) <a href=\"https:\/\/twitter.com\/RafaelNadal\/status\/1961402019031191581?ref_src=twsrc%5Etfw\" data-wpel-link=\"external\" target=\"_blank\" rel=\"nofollow external noopener\">August 29,\u00a02025<\/a><\/p><\/blockquote>\n<p><strong>\u00ab\u202fApr\u00e8s quelques semaines loin des r\u00e9seaux sociaux, je tiens \u00e0 vous remer\u00adcier sinc\u00e8\u00adre\u00adment pour tous les messages aimables que nous avons re\u00e7us \u00e0 la suite de la nais\u00adsance de notre deuxi\u00e8me enfant. Cette semaine, j\u2019ai eu la chance de profiter de quelques matchs \u00e0 la Rafa Nadal Academy, o\u00f9 nous accueillons une nouvelle fois le Rafa Nadal Open by Movistar, un tournoi tr\u00e8s sp\u00e9cial sur le circuit chal\u00adlenger pour nous tous. Nous avons h\u00e2te de vous voir ce week\u2010end \u00e0 Manacor\u202f!\u202f\u00bb<\/strong><\/p>\n<p class=\"post-published-date\" style=\"color: silver; font-size: 75%; text-align: left;\">Publi\u00e9 le vendredi 29 ao\u00fbt 2025 \u00e0 20:18<\/p>\n<p><script async src=\"https:\/\/platform.twitter.com\/widgets.js\" charset=\"utf-8\"><\/script><\/p>\n","protected":false},"excerpt":{"rendered":"Devenu papa pour la deuxi\u00e8me d\u00e9but ao\u00fbt, d\u2019un petit gar\u00e7on nomm\u00e9 Miquel, Rafael Nadal a confirm\u00e9 cette heureuse&hellip;\n","protected":false},"author":2,"featured_media":181531,"comment_status":"","ping_status":"","sticky":false,"template":"","format":"standard","meta":{"footnotes":""},"categories":[1415],"tags":[1011,27,1960,60,1467],"class_list":{"0":"post-353860","1":"post","2":"type-post","3":"status-publish","4":"format-standard","5":"has-post-thumbnail","7":"category-tennis","8":"tag-fr","9":"tag-france","10":"tag-nadal","11":"tag-sports","12":"tag-tennis"},"share_on_mastodon":{"url":"https:\/\/pubeurope.com\/@fr\/115116115432285168","error":""},"_links":{"self":[{"href":"https:\/\/www.europesays.com\/fr\/wp-json\/wp\/v2\/posts\/353860","targetHints":{"allow":["GET"]}}],"collection":[{"href":"https:\/\/www.europesays.com\/fr\/wp-json\/wp\/v2\/posts"}],"about":[{"href":"https:\/\/www.europesays.com\/fr\/wp-json\/wp\/v2\/types\/post"}],"author":[{"embeddable":true,"href":"https:\/\/www.europesays.com\/fr\/wp-json\/wp\/v2\/users\/2"}],"replies":[{"embeddable":true,"href":"https:\/\/www.europesays.com\/fr\/wp-json\/wp\/v2\/comments?post=353860"}],"version-history":[{"count":0,"href":"https:\/\/www.europesays.com\/fr\/wp-json\/wp\/v2\/posts\/353860\/revisions"}],"wp:featuredmedia":[{"embeddable":true,"href":"https:\/\/www.europesays.com\/fr\/wp-json\/wp\/v2\/media\/181531"}],"wp:attachment":[{"href":"https:\/\/www.europesays.com\/fr\/wp-json\/wp\/v2\/media?parent=353860"}],"wp:term":[{"taxonomy":"category","embeddable":true,"href":"https:\/\/www.europesays.com\/fr\/wp-json\/wp\/v2\/categories?post=353860"},{"taxonomy":"post_tag","embeddable":true,"href":"https:\/\/www.europesays.com\/fr\/wp-json\/wp\/v2\/tags?post=353860"}],"curies":[{"name":"wp","href":"https:\/\/api.w.org\/{rel}","templated":true}]}}