{"id":353861,"date":"2025-08-30T05:42:20","date_gmt":"2025-08-30T05:42:20","guid":{"rendered":"https:\/\/www.europesays.com\/fr\/353861\/"},"modified":"2025-08-30T05:42:20","modified_gmt":"2025-08-30T05:42:20","slug":"les-horaires-du-grand-prix-de-republique-tcheque","status":"publish","type":"post","link":"https:\/\/www.europesays.com\/fr\/353861\/","title":{"rendered":"les horaires du Grand Prix de R\u00e9publique tch\u00e8que (&#8230;)"},"content":{"rendered":"<p>D\u00e9couvrez ci-dessous les horaires pour suivre les essais, les qualifications et les courses.<\/p>\n<p>Vendredi 18 juillet 2025<\/p>\n<p><strong>Essais libres 1<\/strong><\/p>\n<p><img loading=\"lazy\" decoding=\"async\" src=\"https:\/\/www.europesays.com\/fr\/wp-content\/uploads\/2025\/04\/puce-32883.gif\" width=\"8\" height=\"11\" class=\"puce\" alt=\"-\"\/>\u00a0Moto3\u00a0: 09h00 \u00e0 09h35<br \/>\n<br \/><img loading=\"lazy\" decoding=\"async\" src=\"https:\/\/www.europesays.com\/fr\/wp-content\/uploads\/2025\/04\/puce-32883.gif\" width=\"8\" height=\"11\" class=\"puce\" alt=\"-\"\/>\u00a0Moto2\u00a0: 09h50 \u00e0 10h30<br \/>\n<br \/><img loading=\"lazy\" decoding=\"async\" src=\"https:\/\/www.europesays.com\/fr\/wp-content\/uploads\/2025\/04\/puce-32883.gif\" width=\"8\" height=\"11\" class=\"puce\" alt=\"-\"\/>\u00a0MotoGP\u00a0: 10h45 \u00e0 11h30<\/p>\n<p><strong>Essais libres<\/strong><\/p>\n<p><img loading=\"lazy\" decoding=\"async\" src=\"https:\/\/www.europesays.com\/fr\/wp-content\/uploads\/2025\/04\/puce-32883.gif\" width=\"8\" height=\"11\" class=\"puce\" alt=\"-\"\/>\u00a0Moto3\u00a0: 13h15 \u00e0 13h50<br \/>\n<br \/><img loading=\"lazy\" decoding=\"async\" src=\"https:\/\/www.europesays.com\/fr\/wp-content\/uploads\/2025\/04\/puce-32883.gif\" width=\"8\" height=\"11\" class=\"puce\" alt=\"-\"\/>\u00a0Moto2\u00a0: 14h05 \u00e0 14h45<br \/>\n<br \/><img loading=\"lazy\" decoding=\"async\" src=\"https:\/\/www.europesays.com\/fr\/wp-content\/uploads\/2025\/04\/puce-32883.gif\" width=\"8\" height=\"11\" class=\"puce\" alt=\"-\"\/>\u00a0MotoGP\u00a0: 15h00 \u00e0 16h00<\/p>\n<p>Samedi 19 juillet 2025<\/p>\n<p><strong>Essais libres 2<\/strong><\/p>\n<p><img loading=\"lazy\" decoding=\"async\" src=\"https:\/\/www.europesays.com\/fr\/wp-content\/uploads\/2025\/04\/puce-32883.gif\" width=\"8\" height=\"11\" class=\"puce\" alt=\"-\"\/>\u00a0Moto3\u00a0: 08h40 \u00e0 09h10<br \/>\n<br \/><img loading=\"lazy\" decoding=\"async\" src=\"https:\/\/www.europesays.com\/fr\/wp-content\/uploads\/2025\/04\/puce-32883.gif\" width=\"8\" height=\"11\" class=\"puce\" alt=\"-\"\/>\u00a0Moto2\u00a0: 09h25 \u00e0 09h55<br \/>\n<br \/><img loading=\"lazy\" decoding=\"async\" src=\"https:\/\/www.europesays.com\/fr\/wp-content\/uploads\/2025\/04\/puce-32883.gif\" width=\"8\" height=\"11\" class=\"puce\" alt=\"-\"\/>\u00a0MotoGP\u00a0: 10h10 \u00e0 10h40<\/p>\n<p><strong>Qualifications<\/strong><\/p>\n<p><img loading=\"lazy\" decoding=\"async\" src=\"https:\/\/www.europesays.com\/fr\/wp-content\/uploads\/2025\/04\/puce-32883.gif\" width=\"8\" height=\"11\" class=\"puce\" alt=\"-\"\/>\u00a0MotoGP Q1\u00a0: 10h50 \u00e0 11h05<br \/>\n<br \/><img loading=\"lazy\" decoding=\"async\" src=\"https:\/\/www.europesays.com\/fr\/wp-content\/uploads\/2025\/04\/puce-32883.gif\" width=\"8\" height=\"11\" class=\"puce\" alt=\"-\"\/>\u00a0MotoGP Q2\u00a0: 11h15 \u00e0 11h30<\/p>\n<p><img loading=\"lazy\" decoding=\"async\" src=\"https:\/\/www.europesays.com\/fr\/wp-content\/uploads\/2025\/04\/puce-32883.gif\" width=\"8\" height=\"11\" class=\"puce\" alt=\"-\"\/>\u00a0Moto3 Q1\u00a0: 12h50 \u00e0 13h05<br \/>\n<br \/><img loading=\"lazy\" decoding=\"async\" src=\"https:\/\/www.europesays.com\/fr\/wp-content\/uploads\/2025\/04\/puce-32883.gif\" width=\"8\" height=\"11\" class=\"puce\" alt=\"-\"\/>\u00a0Moto3 Q2\u00a0: 13h15 \u00e0 13h30<br \/>\n<br \/><img loading=\"lazy\" decoding=\"async\" src=\"https:\/\/www.europesays.com\/fr\/wp-content\/uploads\/2025\/04\/puce-32883.gif\" width=\"8\" height=\"11\" class=\"puce\" alt=\"-\"\/>\u00a0Moto2 Q1\u00a0: 13h45 \u00e0 14h00<br \/>\n<br \/><img loading=\"lazy\" decoding=\"async\" src=\"https:\/\/www.europesays.com\/fr\/wp-content\/uploads\/2025\/04\/puce-32883.gif\" width=\"8\" height=\"11\" class=\"puce\" alt=\"-\"\/>\u00a0Moto2 Q2\u00a0: 14h10 \u00e0 14h25<\/p>\n<p><img loading=\"lazy\" decoding=\"async\" src=\"https:\/\/www.europesays.com\/fr\/wp-content\/uploads\/2025\/04\/puce-32883.gif\" width=\"8\" height=\"11\" class=\"puce\" alt=\"-\"\/>\u00a0Course Sprint MotoGP\u00a0: 15h00 (10 tours)<\/p>\n<p>Dimanche 20 juillet 2025<\/p>\n<p><strong>Warm up<\/strong><\/p>\n<p><img loading=\"lazy\" decoding=\"async\" src=\"https:\/\/www.europesays.com\/fr\/wp-content\/uploads\/2025\/04\/puce-32883.gif\" width=\"8\" height=\"11\" class=\"puce\" alt=\"-\"\/>\u00a0MotoGP\u00a0: 09h40 \u00e0 09h50<\/p>\n<p><strong>Courses<\/strong><\/p>\n<p><img loading=\"lazy\" decoding=\"async\" src=\"https:\/\/www.europesays.com\/fr\/wp-content\/uploads\/2025\/04\/puce-32883.gif\" width=\"8\" height=\"11\" class=\"puce\" alt=\"-\"\/>\u00a0Moto3\u00a0: 11h00 (16 tours)<br \/>\n<br \/><img loading=\"lazy\" decoding=\"async\" src=\"https:\/\/www.europesays.com\/fr\/wp-content\/uploads\/2025\/04\/puce-32883.gif\" width=\"8\" height=\"11\" class=\"puce\" alt=\"-\"\/>\u00a0Moto2\u00a0: 12h15 (18 tours)<br \/>\n<br \/><img loading=\"lazy\" decoding=\"async\" src=\"https:\/\/www.europesays.com\/fr\/wp-content\/uploads\/2025\/04\/puce-32883.gif\" width=\"8\" height=\"11\" class=\"puce\" alt=\"-\"\/>\u00a0MotoGP\u00a0: 14h00 (21 tours)<\/p>\n<p>Toutes les s\u00e9ances\/courses seront \u00e0 suivre sur les cha\u00eenes du groupe Canal ainsi que sur le site officiel <a href=\"https:\/\/www.motogp.com\" class=\"spip_out\" rel=\"external noopener\" target=\"_blank\">MotoGP<\/a>.<\/p>\n<p>cr\u00e9dit photo\u00a0: DR<\/p>\n<p>            Matthieu Eberlin\u00a0&#8211;\u00a0<a href=\"https:\/\/www.motomag.com\/spip.php?page=recherche_date&amp;date_q=2025-07-17\" title=\"Voir tous les articles publi\u00e9s \u00e0 cette date\" content=\"2025-07-17\" itemprop=\"datePublished\" target=\"_blank\" rel=\"noopener\">17\/07\/2025<\/a>  <\/p>\n","protected":false},"excerpt":{"rendered":"D\u00e9couvrez ci-dessous les horaires pour suivre les essais, les qualifications et les courses. Vendredi 18 juillet 2025 Essais&hellip;\n","protected":false},"author":2,"featured_media":353862,"comment_status":"","ping_status":"","sticky":false,"template":"","format":"standard","meta":{"footnotes":""},"categories":[1413],"tags":[17,48020,1011,27,1982,10093,1457,10096,1456,1458,10095,5240,49015,60],"class_list":{"0":"post-353861","1":"post","2":"type-post","3":"status-publish","4":"format-standard","5":"has-post-thumbnail","7":"category-moto","8":"tag-17","9":"tag-actumoto","10":"tag-fr","11":"tag-france","12":"tag-grand-prix","13":"tag-horaires","14":"tag-moto","15":"tag-moto-magazine","16":"tag-motocycle","17":"tag-motogp","18":"tag-motomag","19":"tag-programme","20":"tag-rpublique-tchque","21":"tag-sports"},"share_on_mastodon":{"url":"https:\/\/pubeurope.com\/@fr\/115116123798521461","error":""},"_links":{"self":[{"href":"https:\/\/www.europesays.com\/fr\/wp-json\/wp\/v2\/posts\/353861","targetHints":{"allow":["GET"]}}],"collection":[{"href":"https:\/\/www.europesays.com\/fr\/wp-json\/wp\/v2\/posts"}],"about":[{"href":"https:\/\/www.europesays.com\/fr\/wp-json\/wp\/v2\/types\/post"}],"author":[{"embeddable":true,"href":"https:\/\/www.europesays.com\/fr\/wp-json\/wp\/v2\/users\/2"}],"replies":[{"embeddable":true,"href":"https:\/\/www.europesays.com\/fr\/wp-json\/wp\/v2\/comments?post=353861"}],"version-history":[{"count":0,"href":"https:\/\/www.europesays.com\/fr\/wp-json\/wp\/v2\/posts\/353861\/revisions"}],"wp:featuredmedia":[{"embeddable":true,"href":"https:\/\/www.europesays.com\/fr\/wp-json\/wp\/v2\/media\/353862"}],"wp:attachment":[{"href":"https:\/\/www.europesays.com\/fr\/wp-json\/wp\/v2\/media?parent=353861"}],"wp:term":[{"taxonomy":"category","embeddable":true,"href":"https:\/\/www.europesays.com\/fr\/wp-json\/wp\/v2\/categories?post=353861"},{"taxonomy":"post_tag","embeddable":true,"href":"https:\/\/www.europesays.com\/fr\/wp-json\/wp\/v2\/tags?post=353861"}],"curies":[{"name":"wp","href":"https:\/\/api.w.org\/{rel}","templated":true}]}}