{"id":353865,"date":"2025-08-30T05:45:16","date_gmt":"2025-08-30T05:45:16","guid":{"rendered":"https:\/\/www.europesays.com\/fr\/353865\/"},"modified":"2025-08-30T05:45:16","modified_gmt":"2025-08-30T05:45:16","slug":"pauline-ferrand-prevot-la-mise-au-point","status":"publish","type":"post","link":"https:\/\/www.europesays.com\/fr\/353865\/","title":{"rendered":"Pauline Ferrand-Pr\u00e9vot, la mise au point"},"content":{"rendered":"<p><strong>Victorieuse du Tour de France<br \/>\n2025, Pauline Ferrand-Pr\u00e9vot a un rythme de vie tr\u00e8s particulier.<br \/>\nElle a fait une mise au point sur le sujet.<\/strong><\/p>\n<p>Sportive tricolore s\u00e9rieusement au-dessus du lot, Pauline<br \/>\nFerrand-Pr\u00e9vot atteint pratiquement tous les objectifs qu\u2019elle se<br \/>\nfixe. Multiple championne de VTT, elle a d\u00e9cid\u00e9 de revenir \u00e0 la<br \/>\nroute en 2025 pour tenter de remporter le <a href=\"https:\/\/www.sports.fr\/cyclisme\/tour-de-france\" rel=\"nofollow noopener\" target=\"_blank\">Tour de France<\/a>.<br \/>\nUn r\u00eave qu\u2019elle n\u2019a pas eu besoin d\u2019attendre bien longtemps<br \/>\npuisqu\u2019elle a remport\u00e9 l\u2019\u00e9preuve cet \u00e9t\u00e9, d\u00e8s sa premi\u00e8re<br \/>\nparticipation. Tout ceci est le fruit d\u2019un entra\u00eenement drastique<br \/>\net d\u2019un mode de vie bien \u00e0 elle.<\/p>\n<p>Et c\u2019est de cela dont elle a parl\u00e9 ce vendredi sur ses r\u00e9seaux<br \/>\nsociaux. Se sachant un exemple pour beaucoup, elle a adress\u00e9<br \/>\nquelques mots \u00e0 ses suiveurs. \u00ab\u00a0J\u2019aime les r\u00e9seaux sociaux<br \/>\ncar il y a plein de personnes que je trouve inspirantes (\u2026). Mais<br \/>\nces personnes inspirantes pour moi sont \u2018juste\u2019 une inspiration, ce<br \/>\nqu\u2019elles disent ou font est un sch\u00e9ma inspirant parmi des milliers<br \/>\nd\u2019autres.\u00a0\u00bb<\/p>\n<blockquote class=\"twitter-tweet\"><p><a class=\"twitter-link\" rel=\"noindex, nofollow noopener\" href=\"https:\/\/twitter.com\/sports_fr\/status\/1961454219283550246\" target=\"_blank\"><\/p><\/blockquote>\n<p>Une entr\u00e9e en mati\u00e8re pour expliquer que sa mani\u00e8re de vivre ou<br \/>\nde s\u2019entra\u00eener, aussi inspirante puisse-t-elle paraitre \u00e0 un<br \/>\ncertains, n\u2019est pas pour autant une bonne chose pour tous.<br \/>\n\u00ab\u00a0Tout cela pour dire qu\u2019il faut trouver ce qui vous<br \/>\ncorrespond, et en accord avec vous-m\u00eame.\u00a0\u00bb Couche-t\u00f4t et<br \/>\nl\u00e8ve-t\u00f4t, Pauline Ferrand-Pr\u00e9vot a ajout\u00e9 : \u00ab\u00a0Dormir \u00e0<br \/>\n20h30, me lever \u00e0 5h, manger d\u2019une certaine fa\u00e7on ou faire six<br \/>\nheures de v\u00e9lo par jour me correspond, mais ce qui est bon pour moi<br \/>\nne l\u2019est pas forc\u00e9ment pour quelqu\u2019un d\u2019autre.\u00a0\u00bb<\/p>\n<p>Pauline Ferrand-Pr\u00e9vot en veut toujours plus<\/p>\n<p>Au final, la m\u00e9daill\u00e9e d\u2019or aux JO de Paris 2024 a laiss\u00e9 le<br \/>\nchamp des possibles ouvert \u00e0 ses lecteurs. \u00ab\u00a0Il n\u2019y a<br \/>\naucune v\u00e9rit\u00e9 l\u00e0-dedans. La seule v\u00e9rit\u00e9 est celle qui est en<br \/>\nnous.\u00a0\u00bb Un message qui trouvera s\u00fbrement un \u00e9cho parmi<br \/>\ncelles et ceux qui la suive et la consid\u00e8rent comme un exemple de<br \/>\nvie.<\/p>\n<p><img loading=\"lazy\" decoding=\"async\" class=\"aligncenter size-full wp-image-946528\" src=\"https:\/\/www.europesays.com\/fr\/wp-content\/uploads\/2025\/08\/paulineferrandprevot_instagram-1.jpg\" alt=\"\" width=\"373\" height=\"607\"  \/>paulineferrandprevot_instagram<\/p>\n<p>La Fran\u00e7aise va continuer \u00e0 se coucher t\u00f4t et \u00e0 s\u2019entra\u00eener avec<br \/>\nacharnement ces prochaines semaines puisqu\u2019<a href=\"https:\/\/www.sports.fr\/cyclisme\/pauline-ferrand-prevot-lannonce-surprise-945633.html\" rel=\"nofollow noopener\" target=\"_blank\">elle<br \/>\nvient d\u2019annoncer mardi qu\u2019elle avait d\u00e9cid\u00e9 de participer aux<br \/>\nChampionnats du monde au Rwanda<\/a>. Alors qu\u2019elle ne comptait pas<br \/>\ns\u2019aligner, sa soif de vaincre et de se surpasser a pris le dessus.<br \/>\nUn exemple \u00e0 suivre. Probablement.<\/p>\n<p><script async src=\"https:\/\/platform.twitter.com\/widgets.js\" charset=\"utf-8\"><\/script><\/p>\n","protected":false},"excerpt":{"rendered":"Victorieuse du Tour de France 2025, Pauline Ferrand-Pr\u00e9vot a un rythme de vie tr\u00e8s particulier. Elle a fait&hellip;\n","protected":false},"author":2,"featured_media":353866,"comment_status":"","ping_status":"","sticky":false,"template":"","format":"standard","meta":{"footnotes":""},"categories":[1411],"tags":[1154,207,1011,27,60],"class_list":{"0":"post-353865","1":"post","2":"type-post","3":"status-publish","4":"format-standard","5":"has-post-thumbnail","7":"category-cyclisme","8":"tag-cycling","9":"tag-cyclisme","10":"tag-fr","11":"tag-france","12":"tag-sports"},"share_on_mastodon":{"url":"https:\/\/pubeurope.com\/@fr\/115116135225330986","error":""},"_links":{"self":[{"href":"https:\/\/www.europesays.com\/fr\/wp-json\/wp\/v2\/posts\/353865","targetHints":{"allow":["GET"]}}],"collection":[{"href":"https:\/\/www.europesays.com\/fr\/wp-json\/wp\/v2\/posts"}],"about":[{"href":"https:\/\/www.europesays.com\/fr\/wp-json\/wp\/v2\/types\/post"}],"author":[{"embeddable":true,"href":"https:\/\/www.europesays.com\/fr\/wp-json\/wp\/v2\/users\/2"}],"replies":[{"embeddable":true,"href":"https:\/\/www.europesays.com\/fr\/wp-json\/wp\/v2\/comments?post=353865"}],"version-history":[{"count":0,"href":"https:\/\/www.europesays.com\/fr\/wp-json\/wp\/v2\/posts\/353865\/revisions"}],"wp:featuredmedia":[{"embeddable":true,"href":"https:\/\/www.europesays.com\/fr\/wp-json\/wp\/v2\/media\/353866"}],"wp:attachment":[{"href":"https:\/\/www.europesays.com\/fr\/wp-json\/wp\/v2\/media?parent=353865"}],"wp:term":[{"taxonomy":"category","embeddable":true,"href":"https:\/\/www.europesays.com\/fr\/wp-json\/wp\/v2\/categories?post=353865"},{"taxonomy":"post_tag","embeddable":true,"href":"https:\/\/www.europesays.com\/fr\/wp-json\/wp\/v2\/tags?post=353865"}],"curies":[{"name":"wp","href":"https:\/\/api.w.org\/{rel}","templated":true}]}}