{"id":353867,"date":"2025-08-30T05:46:27","date_gmt":"2025-08-30T05:46:27","guid":{"rendered":"https:\/\/www.europesays.com\/fr\/353867\/"},"modified":"2025-08-30T05:46:27","modified_gmt":"2025-08-30T05:46:27","slug":"un-ancien-chouchou-du-roazhon-park-fait-son-retour-en-ligue-1","status":"publish","type":"post","link":"https:\/\/www.europesays.com\/fr\/353867\/","title":{"rendered":"Un ancien chouchou du Roazhon Park fait son retour en Ligue 1 !"},"content":{"rendered":"<p>                                            Publi\u00e9 le 29\/08\/2025 \u00e0 21h31<br \/>\n                                                                                3 minutes de lecture\n                                                                    <\/p>\n<p>F\u00e9ru de sport et plus particuli\u00e8rement de ballon rond depuis ma plus tendre enfance.<\/p>\n<p>                                            Lire la suite<\/p>\n<p>Le dossier <strong>Hamari Traor\u00e9<\/strong> touche \u00e0 sa conclusion avec le Paris FC, marquant l\u00a0\u00bbaboutissement d&rsquo;un processus de n\u00e9gociation particuli\u00e8rement disput\u00e9. L&rsquo;international malien, fort de ses <strong>59 s\u00e9lections<\/strong> et de ses <strong>3 buts<\/strong> sous le maillot national, s&rsquo;appr\u00eate \u00e0 rejoindre les rangs du club parisien dans un transfert qui a mobilis\u00e9 de nombreuses formations europ\u00e9ennes. Cette signature imminente repr\u00e9sente un coup de ma\u00eetre pour le Paris FC, qui a su tirer son \u00e9pingle du jeu face \u00e0 une concurrence redoutable. Le lat\u00e9ral droit, reconnu pour ses qualit\u00e9s offensives et sa polyvalence, apportera une dimension suppl\u00e9mentaire \u00e0 l&rsquo;effectif du promu en Ligue 1. Les derni\u00e8res n\u00e9gociations ont permis de lever tous les obstacles, ouvrant la voie \u00e0 une officialisation prochaine de cet engagement strat\u00e9gique.<\/p>\n<p>                                <img decoding=\"async\" src=\"https:\/\/www.europesays.com\/fr\/wp-content\/uploads\/2025\/04\/1744123449_543_logo.png\" alt=\"Logo\"\/><\/p>\n<p>100\u20ac offerts sur ton 1er pari !<\/p>\n<p>                            <a href=\"https:\/\/bit.ly\/4j5wl4k\" class=\"headband-button\" rel=\"nofollow noopener\" target=\"_blank\">J&rsquo;en profite<\/a><\/p>\n<p>                                                                <img loading=\"lazy\" decoding=\"async\" src=\"https:\/\/www.europesays.com\/fr\/wp-content\/uploads\/2025\/08\/mercato-rennes-un-ancien-chouchou-du-roazhon-park-fait-son-retour-en-ligue-1.jpg\" alt=\"Illustration : &quot;Mercato Rennes : Un ancien chouchou du Roazhon Park fait son retour en Ligue 1 !&quot;\" class=\"figure-img img-fluid\" width=\"780\" height=\"478\"\/><\/p>\n<p>                                    \u00a9 Site officiel du Stade Rennais                                <\/p>\n<p>Un accord finalement trouv\u00e9 apr\u00e8s des n\u00e9gociations intenses<\/p>\n<p>Les discussions entre <strong>Hamari Traor\u00e9<\/strong> et la direction du Paris FC ont franchi leur derni\u00e8re \u00e9tape d\u00e9cisive, avec un accord d\u00e9sormais scell\u00e9 sur l&rsquo;ensemble des modalit\u00e9s contractuelles. Les n\u00e9gociations, qui s&rsquo;\u00e9ternisaient depuis plusieurs semaines entre les deux directions, ont finalement abouti gr\u00e2ce \u00e0 la d\u00e9termination mutuelle des parties prenantes. Le <strong>dernier obstacle<\/strong> a \u00e9t\u00e9 surmont\u00e9 lors des ultimes \u00e9changes, permettant aux deux camps de trouver un terrain d&rsquo;entente satisfaisant pour tous. Cette finalisation intervient apr\u00e8s des semaines d&rsquo;incertitude, durant lesquelles le joueur et le club ont peaufin\u00e9 les d\u00e9tails de leur future collaboration. L&rsquo;entente globale couvre non seulement les aspects financiers, mais \u00e9galement les conditions sportives et la dur\u00e9e de l&rsquo;engagement, t\u00e9moignant de la volont\u00e9 commune de construire un projet ambitieux. Cette conclusion positive r\u00e9compense la patience et la pers\u00e9v\u00e9rance du Paris FC, qui n&rsquo;a jamais cess\u00e9 de croire en ses chances de convaincre l&rsquo;international malien.<\/p>\n<p>Une victoire face \u00e0 une concurrence europ\u00e9enne de haut niveau<\/p>\n<p>Le Paris FC a remport\u00e9 une bataille particuli\u00e8rement serr\u00e9e face \u00e0 des pr\u00e9tendants de renom, confirmant son attractivit\u00e9 croissante sur le march\u00e9 des transferts. <strong>Nice<\/strong> avait initialement pris les devants dans ce dossier \u00e9pineux, se positionnant comme le favori naturel pour accueillir le d\u00e9fenseur exp\u00e9riment\u00e9. Cependant, l&rsquo;\u00e9chec du transfert de <strong>Jonathan Clauss<\/strong> vers le <strong>Bayer Leverkusen<\/strong> a redistribu\u00e9 les cartes, permettant au club parisien de revenir dans la course avec des arguments convaincants. Le <strong>LOSC<\/strong>, habitu\u00e9 aux recrutements ambitieux, a \u00e9galement manifest\u00e9 son int\u00e9r\u00eat, tout comme le <strong>Zenit<\/strong> et une formation non identifi\u00e9e de <strong>Liga<\/strong> espagnole. Cette concurrence internationale souligne la valeur marchande et sportive d&rsquo;Hamari Traor\u00e9, dont le profil polyvalent s\u00e9duisait de nombreux recruteurs europ\u00e9ens. Le succ\u00e8s du Paris FC dans cette n\u00e9gociation complexe t\u00e9moigne de sa capacit\u00e9 \u00e0 rivaliser avec des clubs plus \u00e9tablis et de son projet sportif ambitieux.<\/p>\n<p>Un renforcement strat\u00e9gique pour le promu parisien<\/p>\n<p>L&rsquo;arriv\u00e9e imminente d&rsquo;<strong>Hamari Traor\u00e9<\/strong> constitue un renforcement de choix pour le Paris FC, fra\u00eechement promu en Ligue 1 et d\u00e9sireux de s&rsquo;installer durablement dans l&rsquo;\u00e9lite fran\u00e7aise. Ce recrutement s&rsquo;inscrit dans une strat\u00e9gie globale visant \u00e0 doter l&rsquo;\u00e9quipe d&rsquo;une ossature exp\u00e9riment\u00e9e, capable de faire face aux exigences du plus haut niveau national. L&rsquo;exp\u00e9rience internationale du joueur, acquise au fil de ses nombreuses s\u00e9lections avec le Mali, repr\u00e9sente un atout pr\u00e9cieux pour un effectif en construction. Sa polyvalence d\u00e9fensive et ses qualit\u00e9s offensives apporteront des solutions tactiques suppl\u00e9mentaires \u00e0 l&rsquo;entra\u00eeneur parisien, qui pourra compter sur un \u00e9l\u00e9ment fiable et aguerri. Cette signature confirme les ambitions du <strong>promu en L1<\/strong>, qui entend jouer un r\u00f4le significatif lors de sa premi\u00e8re saison parmi l&rsquo;\u00e9lite du football fran\u00e7ais.<\/p>\n<p>Ce dimanche, le Stade Rennais d\u00e9fie le SCO d\u2019Angers apr\u00e8s le cauchemar v\u00e9cu \u00e0 Lorient. \u00c0 cette occasion, profitez de 100\u20ac offerts pour votre premi\u00e8re inscription sur Parions Sport en Ligne. <a href=\"http:\/\/bit.ly\/4hgs1yE\" rel=\"nofollow noopener\" target=\"_blank\"><strong>Une victoire du Stade Rennais face au SCO d\u2019Angers vous rapporte jusqu\u2019\u00e0 200\u20ac !<\/strong><\/a><\/p>\n<p><strong>Pour en profiter, c\u2019est tr\u00e8s simple :<\/strong><\/p>\n<p>&#8211;                  Cr\u00e9ez votre compte joueur en seulement 2 \u00e9tapes <a href=\"http:\/\/bit.ly\/4hgs1yE\" rel=\"nofollow noopener\" target=\"_blank\"><strong>ici<\/strong><\/a><\/p>\n<p>&#8211;                  R\u00e9alisez votre 1er d\u00e9p\u00f4t puis placez votre 1er pari (Minimum 5\u20ac)<\/p>\n<p>&#8211;                  Une fois votre 1er d\u00e9p\u00f4t et votre 1er pari r\u00e9alis\u00e9s, l\u2019int\u00e9gralit\u00e9 du montant de ce 1er pari sera cr\u00e9dit\u00e9e sur votre compte joueur dans la limite de 100\u20ac maximum et sous la forme de cr\u00e9dits de jeu non retirables. Le cr\u00e9dit s\u2019effectuera alors en une seule \u00e9tape et sous 3 jours<\/p>\n<p>Jouer comporte des risques : endettement, d\u00e9pendance\u2026 Appelez le 09 74 75 13 13 (appel non surtax\u00e9)<\/p>\n","protected":false},"excerpt":{"rendered":"Publi\u00e9 le 29\/08\/2025 \u00e0 21h31 3 minutes de lecture F\u00e9ru de sport et plus particuli\u00e8rement de ballon rond&hellip;\n","protected":false},"author":2,"featured_media":353868,"comment_status":"","ping_status":"","sticky":false,"template":"","format":"standard","meta":{"footnotes":""},"categories":[1410],"tags":[63,1011,27,60],"class_list":{"0":"post-353867","1":"post","2":"type-post","3":"status-publish","4":"format-standard","5":"has-post-thumbnail","7":"category-football","8":"tag-football","9":"tag-fr","10":"tag-france","11":"tag-sports"},"share_on_mastodon":{"url":"https:\/\/pubeurope.com\/@fr\/115116139488768305","error":""},"_links":{"self":[{"href":"https:\/\/www.europesays.com\/fr\/wp-json\/wp\/v2\/posts\/353867","targetHints":{"allow":["GET"]}}],"collection":[{"href":"https:\/\/www.europesays.com\/fr\/wp-json\/wp\/v2\/posts"}],"about":[{"href":"https:\/\/www.europesays.com\/fr\/wp-json\/wp\/v2\/types\/post"}],"author":[{"embeddable":true,"href":"https:\/\/www.europesays.com\/fr\/wp-json\/wp\/v2\/users\/2"}],"replies":[{"embeddable":true,"href":"https:\/\/www.europesays.com\/fr\/wp-json\/wp\/v2\/comments?post=353867"}],"version-history":[{"count":0,"href":"https:\/\/www.europesays.com\/fr\/wp-json\/wp\/v2\/posts\/353867\/revisions"}],"wp:featuredmedia":[{"embeddable":true,"href":"https:\/\/www.europesays.com\/fr\/wp-json\/wp\/v2\/media\/353868"}],"wp:attachment":[{"href":"https:\/\/www.europesays.com\/fr\/wp-json\/wp\/v2\/media?parent=353867"}],"wp:term":[{"taxonomy":"category","embeddable":true,"href":"https:\/\/www.europesays.com\/fr\/wp-json\/wp\/v2\/categories?post=353867"},{"taxonomy":"post_tag","embeddable":true,"href":"https:\/\/www.europesays.com\/fr\/wp-json\/wp\/v2\/tags?post=353867"}],"curies":[{"name":"wp","href":"https:\/\/api.w.org\/{rel}","templated":true}]}}