{"id":353869,"date":"2025-08-30T05:47:11","date_gmt":"2025-08-30T05:47:11","guid":{"rendered":"https:\/\/www.europesays.com\/fr\/353869\/"},"modified":"2025-08-30T05:47:11","modified_gmt":"2025-08-30T05:47:11","slug":"sonia-rolland-mariee-a-44-ans-la-discrete-ex-miss-se-livre-comme-jamais-sur-son-couple","status":"publish","type":"post","link":"https:\/\/www.europesays.com\/fr\/353869\/","title":{"rendered":"Sonia Rolland mari\u00e9e \u00e0 44 ans : la discr\u00e8te ex-Miss se livre comme jamais sur son couple"},"content":{"rendered":"<p><a href=\"https:\/\/www.closermag.fr\/people\/sonia-rolland-25-ans-apres-lex-miss-france-ne-supporte-plus-quon-lui-pose-cette-question-3571427\" target=\"_blank\" rel=\"noopener\"><br \/>\nSonia Rolland<\/a>, l\u2019ancienne Miss France 2000, a dit \u00ab\u00a0oui\u00a0\u00bb pour la<br \/>\ntoute premi\u00e8re fois \u00e0 44 ans, dans une c\u00e9r\u00e9monie discr\u00e8te et pleine<br \/>\nde tendresse. Dans les colonnes de <strong data-start=\"563\" data-end=\"576\">T\u00e9l\u00e9 Star<\/strong>, elle confie avec \u00e9motion :<br \/>\n\u00ab\u00a0<strong data-start=\"605\" data-end=\"943\">Je suis tr\u00e8s heureuse<br \/>\net je n\u2019en dirai pas plus. C\u2019est mon premier mariage et c\u2019\u00e9tait<br \/>\ncompl\u00e8tement inattendu. Quand on prend une d\u00e9cision pareille \u00e0 40<br \/>\nans c\u2019est qu\u2019elle est m\u00fbrement r\u00e9fl\u00e9chie et qu\u2019elle pr\u00e9sage d\u2019une<br \/>\ncertaine long\u00e9vit\u00e9. Notre vie \u00e9tait faite avant et si on se<br \/>\nretrouve c\u2019est qu\u2019on s\u2019est flair\u00e9s depuis<br \/>\nlongtemps.\u00a0\u00bb<\/strong><\/p>\n<p>C\u2019est donc un amour de jeunesse, un homme qu\u2019elle conna\u00eet depuis<br \/>\nvingt ans, et dont elle est rest\u00e9e proche pendant deux d\u00e9cennies,<br \/>\nqui a ravi son c\u0153ur. Elle l\u2019avait annonc\u00e9 comme <strong data-start=\"1124\" data-end=\"1146\">un \u00ab\u00a0<\/strong><a href=\"https:\/\/www.closermag.fr\/people\/sonia-rolland-sest-mariee-lex-miss-france-a-dit-oui-a-son-ancien-meilleur-ami-3529212\" target=\"_blank\" rel=\"noopener\">meilleur<br \/>\npote<\/a><strong data-start=\"1124\" data-end=\"1146\">\u00ab\u00a0<\/strong>,<br \/>\nsoulignant : \u00ab\u00a0<strong>On s\u2019est crois\u00e9s, on s\u2019est flair\u00e9s, on a<br \/>\ntoujours \u00e9t\u00e9 l\u2019un pour l\u2019autre<\/strong>\u00a0\u00bb avant que le bon<br \/>\ntiming ne les r\u00e9unisse enfin. Ces deux-l\u00e0 ne se laissent plus le<br \/>\ndroit au doute, mais au bonheur serein.<\/p>\n<p>Sonia Rolland : qui sont les hommes de sa vie ?<\/p>\n<p>Ce mariage, attendu avec douceur, viendrait couronner une<br \/>\nhistoire longue et intime. Bien que Sonia Rolland ait souhait\u00e9<br \/>\npr\u00e9server <strong data-start=\"1525\" data-end=\"1561\">la discr\u00e9tion<br \/>\nsur la date exacte<\/strong>, elle avait fait savoir d\u00e8s f\u00e9vrier<br \/>\n2025 que l\u2019union \u00e9tait imminente. Avant cet heureux \u00e9v\u00e9nement, la<br \/>\nvie sentimentale de Sonia Rolland a \u00e9t\u00e9 jalonn\u00e9e de grandes<br \/>\npassions m\u00e9diatiques. En 2007, elle devient maman d\u2019une petite<br \/>\n<a href=\"https:\/\/www.closermag.fr\/people\/sonia-rolland-son-tendre-cliche-avec-ses-deux-filles-tess-et-kahina-1357613\" target=\"_blank\" rel=\"noopener\"><br \/>\nTess<\/a>, fruit de son histoire avec <a href=\"https:\/\/www.closermag.fr\/people\/christophe-rocancourt-lex-escroc-des-stars-voit-il-toujours-sonia-rolland-et-leur-fille-tess-3425274\" target=\"_blank\" rel=\"noopener\"><br \/>\nChristophe Rocancourt<\/a>, surnomm\u00e9 \u00ab\u00a0l\u2019escroc des stars\u00a0\u00bb. Leur<br \/>\ns\u00e9paration survient quelques mois apr\u00e8s la naissance de leur<br \/>\nfille.<\/p>\n<p>Puis, d\u00e8s 2009, elle entame une relation avec l\u2019acteur <a href=\"https:\/\/www.closermag.fr\/people\/sonia-rolland-pourquoi-elle-s-etait-separee-de-jalil-lespert-1261326\" target=\"_blank\" rel=\"noopener\"><br \/>\nJalil Lespert<\/a>, avec qui elle a une deuxi\u00e8me fille, <a href=\"https:\/\/www.closermag.fr\/people\/sonia-rolland-maman-cette-premonition-tres-forte-qu-elle-a-concernant-ses-filles-tess-et-kahina-1651457#item=1\" target=\"_blank\" rel=\"noopener\"><br \/>\nKahina<\/a>, n\u00e9e en novembre 2010. Ce couple, longtemps discret,<br \/>\nprendra fin en 2018 apr\u00e8s pr\u00e8s de dix ans de vie de famille.<\/p>\n<p>Sonia Rolland sur le chemin du<br \/>\nbonheur<\/p>\n<p>Aujourd\u2019hui, Sonia Rolland semble avoir trouv\u00e9<br \/>\n<strong data-start=\"2354\" data-end=\"2392\">une stabilit\u00e9 aimante et<br \/>\nr\u00e9fl\u00e9chie<\/strong>, forte de deux filles qui, selon elle, la voient<br \/>\nd\u00e9sormais \u00ab\u00a0<strong data-start=\"2452\" data-end=\"2467\">apais\u00e9e\u00a0\u00bb<\/strong>, heureuse de reconstruire une vie de<br \/>\nfamille sous le signe de la qui\u00e9tude. \u00c0 44 ans, apr\u00e8s une vie d\u00e9j\u00e0<br \/>\nriche et des engagements personnels forts, c\u2019est donc un nouveau<br \/>\nchapitre, intime et choisi, que l\u2019actrice et productrice<br \/>\nfranco-rwandaise s\u2019appr\u00eate \u00e0 \u00e9crire.<\/p>\n","protected":false},"excerpt":{"rendered":"Sonia Rolland, l\u2019ancienne Miss France 2000, a dit \u00ab\u00a0oui\u00a0\u00bb pour la toute premi\u00e8re fois \u00e0 44 ans, dans&hellip;\n","protected":false},"author":2,"featured_media":353870,"comment_status":"","ping_status":"","sticky":false,"template":"","format":"standard","meta":{"footnotes":""},"categories":[1359],"tags":[548,58,59,1011,27,973,2391],"class_list":{"0":"post-353869","1":"post","2":"type-post","3":"status-publish","4":"format-standard","5":"has-post-thumbnail","7":"category-people","8":"tag-article-simple","9":"tag-divertissement","10":"tag-entertainment","11":"tag-fr","12":"tag-france","13":"tag-people","14":"tag-sonia-rolland"},"share_on_mastodon":{"url":"https:\/\/pubeurope.com\/@fr\/115116142987417645","error":""},"_links":{"self":[{"href":"https:\/\/www.europesays.com\/fr\/wp-json\/wp\/v2\/posts\/353869","targetHints":{"allow":["GET"]}}],"collection":[{"href":"https:\/\/www.europesays.com\/fr\/wp-json\/wp\/v2\/posts"}],"about":[{"href":"https:\/\/www.europesays.com\/fr\/wp-json\/wp\/v2\/types\/post"}],"author":[{"embeddable":true,"href":"https:\/\/www.europesays.com\/fr\/wp-json\/wp\/v2\/users\/2"}],"replies":[{"embeddable":true,"href":"https:\/\/www.europesays.com\/fr\/wp-json\/wp\/v2\/comments?post=353869"}],"version-history":[{"count":0,"href":"https:\/\/www.europesays.com\/fr\/wp-json\/wp\/v2\/posts\/353869\/revisions"}],"wp:featuredmedia":[{"embeddable":true,"href":"https:\/\/www.europesays.com\/fr\/wp-json\/wp\/v2\/media\/353870"}],"wp:attachment":[{"href":"https:\/\/www.europesays.com\/fr\/wp-json\/wp\/v2\/media?parent=353869"}],"wp:term":[{"taxonomy":"category","embeddable":true,"href":"https:\/\/www.europesays.com\/fr\/wp-json\/wp\/v2\/categories?post=353869"},{"taxonomy":"post_tag","embeddable":true,"href":"https:\/\/www.europesays.com\/fr\/wp-json\/wp\/v2\/tags?post=353869"}],"curies":[{"name":"wp","href":"https:\/\/api.w.org\/{rel}","templated":true}]}}