{"id":353873,"date":"2025-08-30T05:49:23","date_gmt":"2025-08-30T05:49:23","guid":{"rendered":"https:\/\/www.europesays.com\/fr\/353873\/"},"modified":"2025-08-30T05:49:23","modified_gmt":"2025-08-30T05:49:23","slug":"a-lire-ou-relire-chapitre-11","status":"publish","type":"post","link":"https:\/\/www.europesays.com\/fr\/353873\/","title":{"rendered":"\u00c0 lire ou relire, chapitre 11"},"content":{"rendered":"<p><strong>En ce mois d\u2019ao\u00fbt finissant, entre in\u00e9dits ou r\u00e9\u00e9ditions en poche, Chantiers de culture vous propose sa traditionnelle s\u00e9lection de livres. Juste avant la rentr\u00e9e litt\u00e9raire o\u00f9 485 nouveaux ouvrages sont annonc\u00e9s \u00e0 la devanture des librairies\u2026 D\u2019un village oubli\u00e9 (V\u00e9ronique Mougin) \u00e0 la guerre d\u2019Alg\u00e9rie (Florence Beaug\u00e9), d\u2019un meurtre ignoble (<strong>Jurica Pavicic)<\/strong><\/strong> <strong>\u00e0 une parole lib\u00e9r\u00e9e (Anouk Grinberg) \u2026 Pour finir avec <strong>un jeune enrag\u00e9 (Sorj Chal<\/strong>andon) et de subtiles saveurs (Erri De Luca). Yonnel Li\u00e9geois<\/strong><\/p>\n<p><a href=\"https:\/\/chantiersdeculture.com\/wp-content\/uploads\/2021\/08\/lire3.jpg\" rel=\"nofollow noopener\" target=\"_blank\"><img loading=\"lazy\" decoding=\"async\" data-attachment-id=\"19505\" data-permalink=\"https:\/\/chantiersdeculture.com\/lire3-5\/\" data-orig-file=\"https:\/\/chantiersdeculture.com\/wp-content\/uploads\/2021\/08\/lire3.jpg\" data-orig-size=\"1200,600\" data-comments-opened=\"1\" data-image-meta=\"{&quot;aperture&quot;:&quot;0&quot;,&quot;credit&quot;:&quot;&quot;,&quot;camera&quot;:&quot;&quot;,&quot;caption&quot;:&quot;&quot;,&quot;created_timestamp&quot;:&quot;0&quot;,&quot;copyright&quot;:&quot;&quot;,&quot;focal_length&quot;:&quot;0&quot;,&quot;iso&quot;:&quot;0&quot;,&quot;shutter_speed&quot;:&quot;0&quot;,&quot;title&quot;:&quot;&quot;,&quot;orientation&quot;:&quot;0&quot;}\" data-image-title=\"lire3\" data-image-description=\"\" data-image-caption=\"\" data-medium-file=\"https:\/\/chantiersdeculture.com\/wp-content\/uploads\/2021\/08\/lire3.jpg?w=300\" data-large-file=\"https:\/\/www.europesays.com\/fr\/wp-content\/uploads\/2025\/08\/lire3.jpg\" width=\"500\" height=\"250\" src=\"https:\/\/www.europesays.com\/fr\/wp-content\/uploads\/2025\/08\/lire3.jpg\" alt=\"\" class=\"wp-image-19505\" style=\"width:736px;height:auto\"\/><\/a><\/p>\n<p>Le dialogue est vif, souvent complice. Magrit est une jeune \u00e9pous\u00e9e, son homme est parti \u00e0 la guerre, elle fait son march\u00e9 rue de la Roquette, \u00e0 Paris\u2026 Marguerite, de son vrai pr\u00e9nom, est la grand-m\u00e8re de <strong><a href=\"https:\/\/chantiersdeculture.com\/2021\/08\/13\/a-lire-ou-relire-chapitre-7\/\" rel=\"nofollow noopener\" target=\"_blank\">V\u00e9ronique Mougin<\/a><\/strong>, la romanci\u00e8re <strong><a href=\"https:\/\/chantiersdeculture.com\/2019\/08\/23\/a-lire-ou-relire-chapitre-5\/\" rel=\"nofollow noopener\" target=\"_blank\">bien connue<\/a><\/strong> des lecteurs et abonn\u00e9s aux Chantiers de culture ! Dans son dernier ouvrage, <strong><a href=\"https:\/\/editions.flammarion.com\/a-propos-dun-village-oublie\/9782080467553\" rel=\"nofollow noopener\" target=\"_blank\">\u00c0 propos d\u2019un village oubli\u00e9<\/a><\/strong>, elle redonne vie \u00e0 son <a href=\"https:\/\/www.babelio.com\/livres\/Mougin--propos-dun-village-oublie\/1780139\" rel=\"nofollow noopener\" target=\"_blank\"><strong>a\u00efeule<\/strong><\/a> pour nous conter une bien belle histoire entre l\u2019horreur et l\u2019humour. <strong>Trente-huit chapitres en autant de petits actes de r\u00e9sistance au quotidien, des dialogues finement cisel\u00e9s<\/strong> o\u00f9 la grand-m\u00e8re se permet d\u2019interpeller la romanci\u00e8re d\u2019un air enj\u00f4leur et cavalier\u2026<\/p>\n<p><a href=\"https:\/\/chantiersdeculture.com\/wp-content\/uploads\/2025\/08\/mouge.jpg\" rel=\"nofollow noopener\" target=\"_blank\"><img loading=\"lazy\" decoding=\"async\" data-attachment-id=\"53695\" data-permalink=\"https:\/\/chantiersdeculture.com\/2025\/08\/30\/a-lire-ou-relire-chapitre-11\/mouge\/\" data-orig-file=\"https:\/\/chantiersdeculture.com\/wp-content\/uploads\/2025\/08\/mouge.jpg\" data-orig-size=\"1200,675\" data-comments-opened=\"1\" data-image-meta=\"{&quot;aperture&quot;:&quot;0&quot;,&quot;credit&quot;:&quot;&quot;,&quot;camera&quot;:&quot;&quot;,&quot;caption&quot;:&quot;&quot;,&quot;created_timestamp&quot;:&quot;0&quot;,&quot;copyright&quot;:&quot;&quot;,&quot;focal_length&quot;:&quot;0&quot;,&quot;iso&quot;:&quot;0&quot;,&quot;shutter_speed&quot;:&quot;0&quot;,&quot;title&quot;:&quot;&quot;,&quot;orientation&quot;:&quot;0&quot;}\" data-image-title=\"mouge\" data-image-description=\"\" data-image-caption=\"\" data-medium-file=\"https:\/\/chantiersdeculture.com\/wp-content\/uploads\/2025\/08\/mouge.jpg?w=300\" data-large-file=\"https:\/\/chantiersdeculture.com\/wp-content\/uploads\/2025\/08\/mouge.jpg?w=500\" width=\"1024\" height=\"576\" src=\"https:\/\/www.europesays.com\/fr\/wp-content\/uploads\/2025\/08\/mouge.jpg\" alt=\"\" class=\"wp-image-53695\" style=\"width:700px;height:auto\"\/><\/a><\/p>\n<p>En ces heures tragiques o\u00f9 le gouvernement de Vichy a d\u00e9cr\u00e9t\u00e9 la traque des Juifs de France, <strong>enceinte Magrit court tous les dangers : femme, \u00e9migr\u00e9e hongroise, juive, communiste\u2026<\/strong> \u00c9chappant \u00e0 la grande rafle de 1942, r\u00e9fugi\u00e9e en zone libre, elle est recueillie dans un petit village de la Dr\u00f4me. Qui organise une cha\u00eene de solidarit\u00e9 pour la cacher, l\u2019h\u00e9berger, la soigner et la nourrir avec ses enfants ! \u00ab\u00a0Mes voisines, et le pasteur bien s\u00fbr, le fermier, plus la secr\u00e9taire de mairie\u2026\u00a0\u00bb, t\u00e9moigne Magrit la revenante. Et bien d\u2019autres, pour qui bont\u00e9 et g\u00e9n\u00e9rosit\u00e9 ne pr\u00eataient point \u00e0 d\u00e9bat. <strong>Une galerie de portraits en ces temps troubl\u00e9s, auxquels la plume alerte de V\u00e9ronique Mougin redonne vie et couleurs<\/strong>, un acte de foi en l\u2019humanit\u00e9 partag\u00e9e.<\/p>\n<p><a href=\"https:\/\/chantiersdeculture.com\/wp-content\/uploads\/2025\/08\/beauge-et-livre-1.png\" rel=\"nofollow noopener\" target=\"_blank\"><img loading=\"lazy\" decoding=\"async\" data-attachment-id=\"53708\" data-permalink=\"https:\/\/chantiersdeculture.com\/2025\/08\/30\/a-lire-ou-relire-chapitre-11\/beauge-et-livre-1\/\" data-orig-file=\"https:\/\/chantiersdeculture.com\/wp-content\/uploads\/2025\/08\/beauge-et-livre-1.png\" data-orig-size=\"644,414\" data-comments-opened=\"1\" data-image-meta=\"{&quot;aperture&quot;:&quot;0&quot;,&quot;credit&quot;:&quot;&quot;,&quot;camera&quot;:&quot;&quot;,&quot;caption&quot;:&quot;&quot;,&quot;created_timestamp&quot;:&quot;0&quot;,&quot;copyright&quot;:&quot;&quot;,&quot;focal_length&quot;:&quot;0&quot;,&quot;iso&quot;:&quot;0&quot;,&quot;shutter_speed&quot;:&quot;0&quot;,&quot;title&quot;:&quot;&quot;,&quot;orientation&quot;:&quot;0&quot;}\" data-image-title=\"Beaug\u00e9 et livre (1)\" data-image-description=\"\" data-image-caption=\"\" data-medium-file=\"https:\/\/chantiersdeculture.com\/wp-content\/uploads\/2025\/08\/beauge-et-livre-1.png?w=300\" data-large-file=\"https:\/\/www.europesays.com\/fr\/wp-content\/uploads\/2025\/08\/beauge-et-livre-1.png\" width=\"500\" height=\"321\" src=\"https:\/\/www.europesays.com\/fr\/wp-content\/uploads\/2025\/08\/beauge-et-livre-1.png\" alt=\"\" class=\"wp-image-53708\" style=\"aspect-ratio:1.5576411262081524;width:705px;height:auto\"\/><\/a><\/p>\n<p>Des petites aux grandes pages d\u2019Histoire, les une \u00e9clairant les autres, les \u00e9ditions du Passager clandestin ont eu la bonne id\u00e9e de r\u00e9\u00e9diter l\u2019ouvrage de Florence Beaug\u00e9, <strong><a href=\"https:\/\/www.librairie-des-femmes.fr\/livre\/9782369356172-algerie-une-guerre-sans-gloire-florence-beauge\/\" rel=\"nofollow noopener\" target=\"_blank\">Alg\u00e9rie, une guerre sans gloire<\/a><\/strong>. L\u2019ancienne journaliste au quotidien Le Monde, fut en charge de la couverture des pays du Maghreb des ann\u00e9es 2000 \u00e0 2015. \u00ab\u00a0<strong>Il faut avoir lu ce livre pour mieux comprendre quelle guerre \u00ab\u00a0sans gloire\u00a0\u00bb mena en effet la France en Alg\u00e9rie<\/strong> pour tenter d\u2019emp\u00eacher son ind\u00e9pendance\u00a0\u00bb, pr\u00e9cisent Malika Rahal et Fabrice Riceputi dans leur pr\u00e9face \u00e0 ce document initialement paru en 2005. Qui s\u2019ouvre avec la publication de l\u2019entretien avec <a href=\"https:\/\/www.lemonde.fr\/festival\/article\/2014\/07\/28\/20-juin-2000-louisette-ighilahriz-retrouve-la-trace-de-son-sauveur_4463627_4415198.html\" rel=\"nofollow noopener\" target=\"_blank\"><strong>Louisette Ighilahriz<\/strong><\/a>, une militante en faveur de l\u2019ind\u00e9pendance qui d\u00e9nonce les s\u00e9vices, torture et viol, dont elle fut victime en 1957. Pour se poursuivre avec Massu, Bigeard et Aussaresses, les trois g\u00e9n\u00e9raux qui furent en charge de la \u00ab\u00a0pacification\u00a0\u00bb du territoire\u2026 <strong>Jusqu\u2019\u00e0 l\u2019affaire du poignard sigl\u00e9 des Jeunesses hitl\u00e9riennes du lieutenant Le Pen<\/strong>, perdu lors d\u2019une op\u00e9ration dans la Casbah ! Entre doutes et harc\u00e8lements, accusations et proc\u00e8s retentissants, la journaliste relate aussi ses difficult\u00e9s \u00e0 mener \u00e0 bien son travail d\u2019enqu\u00eatrice. Un ouvrage \u00e9clairant et percutant, \u00e0 l\u2019heure o\u00f9 diverses voix s\u2019\u00e9l\u00e8vent pour nier les \u00ab\u00a0<strong><a href=\"https:\/\/benjaminstora.univ-paris13.fr\/index.php\/entretiens\/819-entretien-avec-benjamin-stora-les-esprits-sont-murs-in-la-revue-l-histoire-de-juin-2025.html\" rel=\"nofollow noopener\" target=\"_blank\">Oradour sur Glane<\/a><\/strong>\u00a0\u00bb commis en Alg\u00e9rie, pourtant certifi\u00e9s par moult historiens reconnus.<\/p>\n<p><a href=\"https:\/\/chantiersdeculture.com\/wp-content\/uploads\/2025\/08\/mouge1.jpg\" rel=\"nofollow noopener\" target=\"_blank\"><img decoding=\"async\" data-attachment-id=\"53762\" data-permalink=\"https:\/\/chantiersdeculture.com\/2025\/08\/30\/a-lire-ou-relire-chapitre-11\/mouge1\/\" data-orig-file=\"https:\/\/chantiersdeculture.com\/wp-content\/uploads\/2025\/08\/mouge1.jpg\" data-orig-size=\"1654,1056\" data-comments-opened=\"1\" data-image-meta=\"{&quot;aperture&quot;:&quot;0&quot;,&quot;credit&quot;:&quot;&quot;,&quot;camera&quot;:&quot;&quot;,&quot;caption&quot;:&quot;&quot;,&quot;created_timestamp&quot;:&quot;0&quot;,&quot;copyright&quot;:&quot;&quot;,&quot;focal_length&quot;:&quot;0&quot;,&quot;iso&quot;:&quot;0&quot;,&quot;shutter_speed&quot;:&quot;0&quot;,&quot;title&quot;:&quot;&quot;,&quot;orientation&quot;:&quot;1&quot;}\" data-image-title=\"mouge1\" data-image-description=\"\" data-image-caption=\"\" data-medium-file=\"https:\/\/chantiersdeculture.com\/wp-content\/uploads\/2025\/08\/mouge1.jpg?w=300\" data-large-file=\"https:\/\/chantiersdeculture.com\/wp-content\/uploads\/2025\/08\/mouge1.jpg?w=500\" loading=\"lazy\" width=\"1024\" height=\"653\" src=\"https:\/\/www.europesays.com\/fr\/wp-content\/uploads\/2025\/08\/mouge1.jpg\" alt=\"\" class=\"wp-image-53762\" style=\"aspect-ratio:1.5681698850708827;width:720px;height:auto\"\/><\/a><\/p>\n<p>De duplicit\u00e9s en mensonges, d\u2019actes ignobles en silences complices, la recherche de la v\u00e9rit\u00e9 est aussi affaire de sens au c\u0153ur de <strong><a href=\"https:\/\/agullo-editions.com\/produit\/mater-dolorosa\/\" rel=\"nofollow noopener\" target=\"_blank\">Mater dolorosa<\/a><\/strong>, le roman de Jurica Pavicic. Split, station baln\u00e9aire de luxe en Croatie, entre nouveaux riches et pauvret\u00e9 h\u00e9rit\u00e9e de l\u2019ex-Union sovi\u00e9tique\u2026 <strong>Dans les d\u00e9combres d\u2019une usine d\u00e9saffect\u00e9e, g\u00eet le corps d\u2019une toute jeune fille<\/strong>, mortellement agress\u00e9e et viol\u00e9e. Aux premi\u00e8res images de l\u2019assassinat retransmises aux actualit\u00e9s t\u00e9l\u00e9vis\u00e9es, le doute n\u2019est point de mise pour Katja et Ines, m\u00e8re et fille ! Un policier quelque peu d\u00e9sabus\u00e9 devant la faillite de son pays, m\u00e8ne l\u2019enqu\u00eate. Talent reconnu et r\u00e9compens\u00e9 par de multiples prix (prix du polar europ\u00e9en et grand prix de litt\u00e9rature polici\u00e8re pour <strong><a href=\"https:\/\/chantiersdeculture.com\/2021\/08\/13\/a-lire-ou-relire-chapitre-7\/\" rel=\"nofollow noopener\" target=\"_blank\">L\u2019eau rouge<\/a><\/strong>), <strong>Jurica Pavicic m\u00eale avec talent ces trois voix, trois univers et trois consciences<\/strong> prises dans l\u2019\u00e9tau de pens\u00e9es contradictoires : prot\u00e9ger, d\u00e9noncer, oublier ? Mieux encore, <strong><a href=\"https:\/\/agullo-editions.com\/auteur\/jurica-pavicic\/\" rel=\"nofollow noopener\" target=\"_blank\">l\u2019auteur croate<\/a><\/strong>, sous couvert d\u2019une banale enqu\u00eate polici\u00e8re, plonge son lecteur dans une r\u00e9alit\u00e9 sociale o\u00f9 <strong>s\u2019affichent sans nuance les disparit\u00e9s entre nantis et petit peuple, corruptions et d\u00e9brouilles pour la survie<\/strong>. Riche d\u2019une langue superbement ma\u00eetris\u00e9e dans la traduction d\u2019Olivier Lannuzel, le quatri\u00e8me ouvrage de Pavicic paru en France, lourd et puissant.<\/p>\n<p><a href=\"https:\/\/chantiersdeculture.com\/wp-content\/uploads\/2025\/08\/mouge2-1.jpg\" rel=\"nofollow noopener\" target=\"_blank\"><img decoding=\"async\" data-attachment-id=\"53770\" data-permalink=\"https:\/\/chantiersdeculture.com\/2025\/08\/30\/a-lire-ou-relire-chapitre-11\/mouge2\/\" data-orig-file=\"https:\/\/chantiersdeculture.com\/wp-content\/uploads\/2025\/08\/mouge2-1.jpg\" data-orig-size=\"1280,557\" data-comments-opened=\"1\" data-image-meta=\"{&quot;aperture&quot;:&quot;0&quot;,&quot;credit&quot;:&quot;&quot;,&quot;camera&quot;:&quot;&quot;,&quot;caption&quot;:&quot;&quot;,&quot;created_timestamp&quot;:&quot;0&quot;,&quot;copyright&quot;:&quot;&quot;,&quot;focal_length&quot;:&quot;0&quot;,&quot;iso&quot;:&quot;0&quot;,&quot;shutter_speed&quot;:&quot;0&quot;,&quot;title&quot;:&quot;&quot;,&quot;orientation&quot;:&quot;0&quot;}\" data-image-title=\"mouge2\" data-image-description=\"\" data-image-caption=\"\" data-medium-file=\"https:\/\/chantiersdeculture.com\/wp-content\/uploads\/2025\/08\/mouge2-1.jpg?w=300\" data-large-file=\"https:\/\/chantiersdeculture.com\/wp-content\/uploads\/2025\/08\/mouge2-1.jpg?w=500\" loading=\"lazy\" width=\"1024\" height=\"445\" src=\"https:\/\/www.europesays.com\/fr\/wp-content\/uploads\/2025\/08\/mouge2-1.jpg\" alt=\"\" class=\"wp-image-53770\" style=\"aspect-ratio:2.3011728447906856;width:723px;height:auto\"\/><\/a><\/p>\n<p>D\u2019autres agressions et viols, d\u2019autres histoires atterrantes, une autre femme bien vivante, Anouk Grinberg\u2026 Pas un roman, <strong>le t\u00e9moignage bouleversant d\u2019une magnifique com\u00e9dienne \u00e0 la destin\u00e9e fracass\u00e9e d\u00e8s sa plus jeune enfance : une parole qui force le <a href=\"https:\/\/www.lisez.com\/livres\/respect\/9782260057123\" rel=\"nofollow noopener\" target=\"_blank\">Respect<\/a> !<\/strong> Avec Metoo, elles sont nombreuses \u00e0 d\u00e9noncer les propos et\/ou actes qu\u2019elles ont subi sur les plateaux de cin\u00e9ma ou dans les coulisses des th\u00e9\u00e2tres. Rompant le silence qui la ronge depuis des d\u00e9cennies, Anouk Grinberg prend la plume pour raconter, d\u00e9noncer, accuser. <strong>Son objectif ? Plonger sans \u0153ill\u00e8res ni d\u00e9tours au c\u0153ur du mal, \u00ab\u00a0exploser le tombeau o\u00f9 j\u2019\u00e9tais endormie\u00ab\u00a0\u2026<\/strong> Dans un climat familial d\u00e9l\u00e9t\u00e8re, un p\u00e8re trop absent (le grand dramaturge Michel Vinaver) et une m\u00e8re au lourd passif psychiatrique, la gamine subit un premier viol \u00e0 ses sept ans. Avec des cons\u00e9quences d\u00e9sastreuses : le d\u00e9go\u00fbt de soi, la chute dans l\u2019autodestruction, la \u00ab\u00a0cage de honte. <strong>\u00c7a dure quelques minutes pour l\u2019homme et une vie enti\u00e8re pour la femme<\/strong>\u00a0\u00bb. Pire, la relation toxique qu\u2019<strong><a href=\"https:\/\/www.anouk-grinberg.fr\/comedienne\" rel=\"nofollow noopener\" target=\"_blank\">Anouk Grinberg<\/a><\/strong> d\u00e9roule ensuite avec le cin\u00e9aste Bertrand Blier, qu\u2019elle d\u00e9cortique au fil des films et pages tourn\u00e9es. \u00ab\u00a0Je me jetais dans la gueule du loup, parce que c\u2019est \u00e7a aussi les gens qui ont \u00e9t\u00e9 agress\u00e9s \u00e9tant enfant. <strong>Ils ont \u00e9t\u00e9 tordus \u00e0 l\u2019\u00e2ge o\u00f9 ils devaient se former. Quelque chose fait qu\u2019ils vont aller au-devant du danger<\/strong>, ils vont le minimiser, ils vont se raconter des salades.\u00a0\u00bb : adul\u00e9e au cin\u00e9ma, broy\u00e9e dans l\u2019intimit\u00e9 ! Des propos d\u2019une sinc\u00e9rit\u00e9 \u00e0 fleur de peau, un livre poignant sur les chemins de la r\u00e9paration.<\/p>\n<p><a href=\"https:\/\/chantiersdeculture.com\/wp-content\/uploads\/2025\/08\/mouge3.webp\" rel=\"nofollow noopener\" target=\"_blank\"><img decoding=\"async\" data-attachment-id=\"53863\" data-permalink=\"https:\/\/chantiersdeculture.com\/2025\/08\/30\/a-lire-ou-relire-chapitre-11\/mouge3\/\" data-orig-file=\"https:\/\/chantiersdeculture.com\/wp-content\/uploads\/2025\/08\/mouge3.webp\" data-orig-size=\"689,360\" data-comments-opened=\"1\" data-image-meta=\"{&quot;aperture&quot;:&quot;0&quot;,&quot;credit&quot;:&quot;&quot;,&quot;camera&quot;:&quot;&quot;,&quot;caption&quot;:&quot;&quot;,&quot;created_timestamp&quot;:&quot;0&quot;,&quot;copyright&quot;:&quot;&quot;,&quot;focal_length&quot;:&quot;0&quot;,&quot;iso&quot;:&quot;0&quot;,&quot;shutter_speed&quot;:&quot;0&quot;,&quot;title&quot;:&quot;&quot;,&quot;orientation&quot;:&quot;0&quot;}\" data-image-title=\"mouge3\" data-image-description=\"\" data-image-caption=\"\" data-medium-file=\"https:\/\/chantiersdeculture.com\/wp-content\/uploads\/2025\/08\/mouge3.webp?w=300\" data-large-file=\"https:\/\/chantiersdeculture.com\/wp-content\/uploads\/2025\/08\/mouge3.webp?w=500\" loading=\"lazy\" width=\"689\" height=\"360\" src=\"https:\/\/www.europesays.com\/fr\/wp-content\/uploads\/2025\/08\/mouge3.webp\" alt=\"\" class=\"wp-image-53863\"\/><\/a><\/p>\n<p>Colonie p\u00e9nitentiaire pour mineurs de Belle-\u00cele-en-Mer, les jeunes supportent de moins en moins leurs conditions de d\u00e9tention. <strong>Gamins des rues embastill\u00e9s pour des pacotilles, enfants turbulents ou non d\u00e9sir\u00e9s menac\u00e9s de \u00ab\u00a0maison de redressement\u00a0\u00bb par la famille<\/strong>, ils v\u00e9g\u00e8tent entre la violence des surveillants et celle parfois des plus grands de la chambr\u00e9e. La prison agricole, un euph\u00e9misme pour ne pas user du mot bagne, fermera ses portes en 1977. Pr\u00e8s de cinquante ans plus t\u00f4t, en 1934, une mutinerie \u00e9clate, cinquante-six jeunes se r\u00e9voltent et s\u2019enfuient. Gendarmerie, insulaires et touristes se mettent en chasse, une r\u00e9compense de 20 francs pour chaque capture. <strong>Recueilli par un jeune couple de marins, un seul \u00e9chappe \u00e0 la traque : Jules \u00ab\u00a0la teigne\u00a0\u00bb !<\/strong> Livre d\u2019apprivoisement et d\u2019apprentissage, roman de la r\u00e9habilitation et de la r\u00e9conciliation avec le monde des adultes, amiti\u00e9 entre gens de la mer et amour retrouv\u00e9 de la gente humaine,<strong> <a href=\"https:\/\/www.livredepoche.com\/livre\/lenrage-9782253249146\/\" rel=\"nofollow noopener\" target=\"_blank\">L\u2019enrag\u00e9<\/a> est un hymne \u00e0 la bont\u00e9 partag\u00e9e, d\u2019un regard ou d\u2019une parole<\/strong>. Apr\u00e8s <strong><a href=\"https:\/\/www.livredepoche.com\/livre\/le-quatrieme-mur-9782253179825\/\" rel=\"nofollow noopener\" target=\"_blank\">Le quatri\u00e8me mur<\/a><\/strong> et <strong><a href=\"https:\/\/www.livredepoche.com\/livre\/enfant-de-salaud-9782253936824\/\" rel=\"nofollow noopener\" target=\"_blank\">Enfant de salaud<\/a><\/strong>, la longue \u00e9pop\u00e9e d\u2019un gamin invit\u00e9 un jour dans les brumes matinales de Belle-\u00cele \u00e0 \u00ab\u00a0desserrer le poing\u00a0\u00bb, jeune r\u00e9sistant de 28 ans fusill\u00e9 en 1942 par la Gestapo.<\/p>\n<p><a href=\"https:\/\/chantiersdeculture.com\/wp-content\/uploads\/2025\/08\/mouge4.png\" rel=\"nofollow noopener\" target=\"_blank\"><img decoding=\"async\" data-attachment-id=\"53866\" data-permalink=\"https:\/\/chantiersdeculture.com\/2025\/08\/30\/a-lire-ou-relire-chapitre-11\/mouge4\/\" data-orig-file=\"https:\/\/chantiersdeculture.com\/wp-content\/uploads\/2025\/08\/mouge4.png\" data-orig-size=\"640,360\" data-comments-opened=\"1\" data-image-meta=\"{&quot;aperture&quot;:&quot;0&quot;,&quot;credit&quot;:&quot;&quot;,&quot;camera&quot;:&quot;&quot;,&quot;caption&quot;:&quot;&quot;,&quot;created_timestamp&quot;:&quot;0&quot;,&quot;copyright&quot;:&quot;&quot;,&quot;focal_length&quot;:&quot;0&quot;,&quot;iso&quot;:&quot;0&quot;,&quot;shutter_speed&quot;:&quot;0&quot;,&quot;title&quot;:&quot;&quot;,&quot;orientation&quot;:&quot;0&quot;}\" data-image-title=\"mouge4\" data-image-description=\"\" data-image-caption=\"\" data-medium-file=\"https:\/\/chantiersdeculture.com\/wp-content\/uploads\/2025\/08\/mouge4.png?w=300\" data-large-file=\"https:\/\/chantiersdeculture.com\/wp-content\/uploads\/2025\/08\/mouge4.png?w=500\" loading=\"lazy\" width=\"640\" height=\"360\" src=\"https:\/\/www.europesays.com\/fr\/wp-content\/uploads\/2025\/08\/mouge4.png\" alt=\"\" class=\"wp-image-53866\"\/><\/a><\/p>\n<p>Nous connaissions les recettes culinaires du regrett\u00e9 catalan <strong><a href=\"https:\/\/polars.pourpres.net\/personne.php?per_id=999\" rel=\"nofollow noopener\" target=\"_blank\">Manuel Vasquez Montalban<\/a><\/strong> distill\u00e9es dans les aventures de son fameux d\u00e9tective Pepe Carvalho, il nous faut d\u00e9sormais savourer les <a href=\"https:\/\/www.gallimard.fr\/catalogue\/recits-de-saveurs-familieres\/9782073016218\" rel=\"nofollow noopener\" target=\"_blank\"><strong>R\u00e9cits de saveurs famili\u00e8res<\/strong><\/a> du napolitain Erri De Luca ! \u00ab\u00a0Aux tables o\u00f9 j\u2019ai grandi, on ouvrait grand son appareil oropharyng\u00e9 pour recevoir une bouch\u00e9e consistante, l\u2019exact oppos\u00e9 d\u2019un picorage\u00a0\u00bb, nous avoue l\u2019auteur d\u00e8s la pr\u00e9face. <strong>Un recueil de nouvelles qui sentent bon le terroir, recettes familiales ou plats servis dans les osterie populaires de Naples ou de Rome<\/strong>. Du plus loin des odeurs et saveurs, <strong><a href=\"https:\/\/chantiersdeculture.com\/2019\/03\/07\/erri-de-luca-loeuvrier-de-la-plume\/\" rel=\"nofollow noopener\" target=\"_blank\">Erri De Luca<\/a><\/strong> se souvient : du rag\u00f9 de sa grand-m\u00e8re Emma, du pique-nique en montagne, des descentes de police \u00e0 l\u2019heure des repas partag\u00e9s avec les camarades de <strong><a href=\"https:\/\/www.radiofrance.fr\/franceculture\/podcasts\/a-voix-nue\/s-engager-7170510\" rel=\"nofollow noopener\" target=\"_blank\">Lotta Continua<\/a><\/strong>, de la gamelle sur les chantiers du b\u00e2timent\u2026 De l\u2019usage du sel \u00e0 la tarte aux fraises, de l\u2019assiette de p\u00e2tes sur les pentes de l\u2019Himalaya \u00e0 la vive dans la soupe de poisson, l\u2019auteur se fait passeur de recettes, conteur \u00e0 la langue \u00e9pic\u00e9e. Pendant que mijotent les d\u00e9lices sur le r\u00e9chaud, <strong>po\u00e9tique et litt\u00e9raire, la plume du convive \u00e9m\u00e9rite nous parle autant de la vie, de l\u2019enfance \u00e0 l\u2019aujourd\u2019hui, de l\u2019amour \u00e0 l\u2019amiti\u00e9, de la solidarit\u00e9 \u00e0 la fraternit\u00e9, que de cuisine<\/strong> : c\u2019est app\u00e9tissant, c\u2019est gouleyant comme la madeleine de Proust, un bon carr\u00e9 de chocolat, une belle sardine \u00e0 l\u2019huile ! Entre chaque chapitre, les commentaires et conseils du nutritionniste Valerio Galasso, en fin de recueil la liste des recettes rassembl\u00e9es par Alessandra Ferri. <strong>Un ouvrage \u00e0 d\u00e9guster, feu vif ou doux, par tous les gourmands de mots<\/strong>, celles et ceux qui confessent une grande faim de vivre.<\/p>\n<p><strong>\u00c0 propos d\u2019un village oubli\u00e9, de V\u00e9ronique Mougin (Flammarion, 196 p., 20\u20ac). Alg\u00e9rie, une guerre sans gloire, de Florence Beaug\u00e9 (Le passager clandestin, 381 p., 14\u20ac). Mater dolorosa, de Jurica Pavicic (Agullo \u00e9ditions, 396 p., 23\u20ac50). Respect, d\u2019Anouk Grinberg (Julliard, 144 p., 18\u20ac50). L\u2019enrag\u00e9, de Sorj Chalandon (Livre de poche, 432 p., 9\u20ac90). R\u00e9cits de saveurs famili\u00e8res, d\u2019Erri De Luca (Gallimard, 250 p., 18\u20ac).<\/strong><\/p>\n","protected":false},"excerpt":{"rendered":"En ce mois d\u2019ao\u00fbt finissant, entre in\u00e9dits ou r\u00e9\u00e9ditions en poche, Chantiers de culture vous propose sa traditionnelle&hellip;\n","protected":false},"author":2,"featured_media":353874,"comment_status":"","ping_status":"","sticky":false,"template":"","format":"standard","meta":{"footnotes":""},"categories":[1357],"tags":[1379,58,59,1011,27,1380],"class_list":{"0":"post-353873","1":"post","2":"type-post","3":"status-publish","4":"format-standard","5":"has-post-thumbnail","7":"category-livres","8":"tag-books","9":"tag-divertissement","10":"tag-entertainment","11":"tag-fr","12":"tag-france","13":"tag-livres"},"share_on_mastodon":{"url":"https:\/\/pubeurope.com\/@fr\/115116151037648194","error":""},"_links":{"self":[{"href":"https:\/\/www.europesays.com\/fr\/wp-json\/wp\/v2\/posts\/353873","targetHints":{"allow":["GET"]}}],"collection":[{"href":"https:\/\/www.europesays.com\/fr\/wp-json\/wp\/v2\/posts"}],"about":[{"href":"https:\/\/www.europesays.com\/fr\/wp-json\/wp\/v2\/types\/post"}],"author":[{"embeddable":true,"href":"https:\/\/www.europesays.com\/fr\/wp-json\/wp\/v2\/users\/2"}],"replies":[{"embeddable":true,"href":"https:\/\/www.europesays.com\/fr\/wp-json\/wp\/v2\/comments?post=353873"}],"version-history":[{"count":0,"href":"https:\/\/www.europesays.com\/fr\/wp-json\/wp\/v2\/posts\/353873\/revisions"}],"wp:featuredmedia":[{"embeddable":true,"href":"https:\/\/www.europesays.com\/fr\/wp-json\/wp\/v2\/media\/353874"}],"wp:attachment":[{"href":"https:\/\/www.europesays.com\/fr\/wp-json\/wp\/v2\/media?parent=353873"}],"wp:term":[{"taxonomy":"category","embeddable":true,"href":"https:\/\/www.europesays.com\/fr\/wp-json\/wp\/v2\/categories?post=353873"},{"taxonomy":"post_tag","embeddable":true,"href":"https:\/\/www.europesays.com\/fr\/wp-json\/wp\/v2\/tags?post=353873"}],"curies":[{"name":"wp","href":"https:\/\/api.w.org\/{rel}","templated":true}]}}