{"id":353875,"date":"2025-08-30T05:50:18","date_gmt":"2025-08-30T05:50:18","guid":{"rendered":"https:\/\/www.europesays.com\/fr\/353875\/"},"modified":"2025-08-30T05:50:18","modified_gmt":"2025-08-30T05:50:18","slug":"avec-3-acteurs-de-la-casa-de-papel-on-ne-sattendait-pas-du-tout-a-ce-que-lhistoire-parte-dans-une-telle-direction","status":"publish","type":"post","link":"https:\/\/www.europesays.com\/fr\/353875\/","title":{"rendered":"Avec 3 acteurs de La Casa de Papel, on ne s\u2019attendait pas du tout \u00e0 ce que l\u2019histoire parte dans une telle direction !"},"content":{"rendered":"<p>Amateurs de polars et de s\u00e9ries espagnoles, Netflix vous a d\u00e9nich\u00e9 une nouvelle p\u00e9pite.<a href=\"https:\/\/www.programme-tv.net\/news\/series-tv\/331417-nouveautes-netflix-les-sorties-films-series-et-documentaires\/\" data-api-deeplink=\"teleloisirs:\/\/news\/331417\" rel=\"nofollow noopener\" target=\"_blank\"> Mise en ligne ce vendredi 29 ao\u00fbt, Deux tombes<\/a> r\u00e9unit au casting trois acteurs de <a href=\"https:\/\/www.programme-tv.net\/news\/series-tv\/343952-la-casa-de-papel-que-deviennent-les-acteurs\/\" data-api-deeplink=\"teleloisirs:\/\/news\/343952\" rel=\"nofollow noopener\" target=\"_blank\">La Casa de Papel<\/a>. De quoi nous s\u00e9duire avant m\u00eame d\u2019avoir lanc\u00e9 le premier \u00e9pisode. Mais outre ses acteurs, Deux tombes comporte plusieurs atouts. Le principal : celui de nous emmener l\u00e0 o\u00f9 on ne s\u2019attendait pas ! Un soir de f\u00eate au village, deux adolescentes disparaissent. Alors que Marta est retrouv\u00e9e morte en mer quelques jours plus tard, aucune trace de Veronica. Deux ans plus tard, la police s\u2019appr\u00eate \u00e0 arr\u00eater les recherches et le p\u00e8re de Veronica affirme qu\u2019il est temps de continuer \u00e0 vivre, notamment pour se concentrer sur sa plus jeune fille. Isabel, la grand-m\u00e8re, est d\u00e9termin\u00e9e \u00e0 ne rien l\u00e2cher. Et si Rafael Salazar, le p\u00e8re de Marta, un homme violent connu pour tremper dans des affaires louches, avait quelque chose \u00e0 voir avec tout cela ? Isabel a besoin de r\u00e9ponses.<\/p>\n<p>                        Deux tombes (Netflix) : une s\u00e9rie espagnole surprenante<\/p>\n<p>Le point de d\u00e9part de Deux tombes est tr\u00e8s classique \u2013 une affaire de meurtre et de disparition \u2013 mais la s\u00e9rie prend tr\u00e8s vite un tour surprenant. S\u2019il s\u2019agit d\u2019une enqu\u00eate pour savoir ce qui est advenu de Veronica, Deux tombes traite avant tout du deuil et de la vengeance. Et de cette question : jusqu\u2019o\u00f9 peut-on aller pour obtenir des r\u00e9ponses ? \u00ab\u00a0Que feriez-vous si vous saviez qui avait tu\u00e9 votre fille ?\u00a0\u00bb, demande Isabel \u00e0 Rafael. Si <a href=\"https:\/\/www.programme-tv.net\/news\/series-tv\/381686-si-le-professeur-de-la-casa-de-papel-vous-manque-netflix-a-la-solution-parfaite-avec-cette-nouvelle-serie\/\" data-api-deeplink=\"teleloisirs:\/\/news\/381686\" rel=\"nofollow noopener\" target=\"_blank\">la pr\u00e9sence au casting d\u2019\u00c1lvaro Morte a beaucoup \u00e9t\u00e9 mise en avant<\/a>, c\u2019est surtout Kiti M\u00e1nver qui incarne le r\u00f4le principal, celui d\u2019Isabel, cette grand-m\u00e8re que le deuil rend folle. Connue pour \u00eatre l\u2019une des actrices f\u00e9tiches de <a href=\"https:\/\/www.programme-tv.net\/biographie\/15053-almodovar-pedro\/\" data-link-people=\"b6fed2a9-dc93-466c-b161-1953a9e8d8be\" rel=\"nofollow noopener\" target=\"_blank\">Pedro Almodovar<\/a>, Kiti M\u00e1nver a, elle aussi, fait partie du casting de La Casa de Papel, o\u00f9 elle incarnait la m\u00e8re de Raquel. Et elle d\u00e9montre une fois de plus tout son talent dans cette s\u00e9rie \u00e0 suspense.<\/p>\n<p>            Apr\u00e8s La Casa de Papel, Kiti M\u00e1nver, \u00c1lvaro Morte et Hovik Keuchkerian se retrouvent dans la s\u00e9rie \u00e0 suspense Deux tombes sur Netflix<\/p>\n<p>S\u2019il s\u2019est fait conna\u00eetre \u00e0 l\u2019international gr\u00e2ce \u00e0 La Casa de Papel, ce n\u2019est pas la premi\u00e8re fois qu\u2019<a href=\"https:\/\/www.programme-tv.net\/news\/series-tv\/386111-mort-de-veronica-echegui-alvaro-morte-la-casa-de-papel-lui-rend-un-vibrant-hommage-photo\/\" data-api-deeplink=\"teleloisirs:\/\/news\/386111\" rel=\"nofollow noopener\" target=\"_blank\">\u00c1lvaro Morte <\/a>incarne un r\u00f4le tr\u00e8s diff\u00e9rent de celui du c\u00e9l\u00e8bre Professeur. Qu\u2019il s\u2019agisse de ses personnages dans les s\u00e9ries<a href=\"https:\/\/www.programme-tv.net\/news\/series-tv\/264149-el-embarcadero-salto-la-serie-du-createur-de-la-casa-de-papel-avec-alvaro-morte-aura-t-elle-une-saison-3\/\" data-api-deeplink=\"teleloisirs:\/\/news\/264149\" rel=\"nofollow noopener\" target=\"_blank\"> El Embarcadero<\/a>, <a href=\"https:\/\/www.programme-tv.net\/news\/series-tv\/261237-the-head-canal-de-quel-film-culte-sinspire-la-serie-avec-alvaro-morte\/\" data-api-deeplink=\"teleloisirs:\/\/news\/261237\" rel=\"nofollow noopener\" target=\"_blank\">The Head<\/a> ou La roue du temps ou <a href=\"https:\/\/www.programme-tv.net\/news\/series-tv\/361190-la-casa-de-papel-rencontre-emily-in-paris-dans-ce-projet-que-personne-n-attendait\/\" data-api-deeplink=\"teleloisirs:\/\/news\/361190\" rel=\"nofollow noopener\" target=\"_blank\">sa pi\u00e8ce de th\u00e9\u00e2tre \u00e0 Londres avec Lily Collins,<\/a> \u00c1lvaro Morte s\u2019est appliqu\u00e9 \u00e0 choisir des projets tr\u00e8s diff\u00e9rents, comme pour montrer qu\u2019il avait bien tourn\u00e9 la page de La Casa de Papel. La preuve, dans Deux tombes, il incarne un homme sombre et violent. \u00c1lvaro Morte et Kiti M\u00e1nver forment dans cette s\u00e9rie un duo inattendu, r\u00e9uni par les circonstances. Ils retrouvent \u00e9galement dans Deux tombes <a href=\"https:\/\/www.programme-tv.net\/news\/cinema\/362795-la-plateforme-2-netflix-comment-hovik-keuchkerian-a-vecu-sa-prise-de-poids-pour-le-tournage\/\" data-api-deeplink=\"teleloisirs:\/\/news\/362795\" rel=\"nofollow noopener\" target=\"_blank\">Hovik Keuchkerian, qui jouait Bogota <\/a>et incarne le p\u00e8re de Veronica.<\/p>\n<p>                        Deux tombes : il ne vous faudra que 2h30 pour regarder l\u2019int\u00e9gralit\u00e9 de ce polar de Netflix<\/p>\n<p>Attention, si la s\u00e9rie est d\u00e9conseill\u00e9e aux moins de 16 ans, ce n&rsquo;est pas anormal, en raison de certaines sc\u00e8nes violentes et dures \u00e0 regarder. Isabel \u00e9tant professeure de piano, la musique accompagne cette mini-s\u00e9rie, lui conf\u00e9rant une ambiance tour \u00e0 tour \u00e9mouvante, tour \u00e0 tour \u00e9nigmatique voire absurde. Surprenante \u00e0 plus d\u2019un titre, Deux tombes r\u00e9ussit un exploit, celui de ne pas c\u00e9der \u00e0 la tentation d\u2019\u00e9tirer inutilement l\u2019histoire pour proposer plus d\u2019\u00e9pisodes. Resserr\u00e9, le sc\u00e9nario gagne ainsi en efficacit\u00e9, sans fioritures. Jusqu&rsquo;\u00e0 la fin, surprenante.<\/p>\n","protected":false},"excerpt":{"rendered":"Amateurs de polars et de s\u00e9ries espagnoles, Netflix vous a d\u00e9nich\u00e9 une nouvelle p\u00e9pite. Mise en ligne ce&hellip;\n","protected":false},"author":2,"featured_media":353876,"comment_status":"","ping_status":"","sticky":false,"template":"","format":"standard","meta":{"footnotes":""},"categories":[1356],"tags":[244,49017,58,59,1011,27,127,1722,1721,129,252,1364,49016],"class_list":{"0":"post-353875","1":"post","2":"type-post","3":"status-publish","4":"format-standard","5":"has-post-thumbnail","7":"category-television","8":"tag-commentaire","9":"tag-deux-tombes","10":"tag-divertissement","11":"tag-entertainment","12":"tag-fr","13":"tag-france","14":"tag-netflix","15":"tag-pub-streaming-netflix","16":"tag-su00e9rie-netflix","17":"tag-svod","18":"tag-television","19":"tag-tv","20":"tag-u00c1lvaro-morte"},"share_on_mastodon":{"url":"","error":""},"_links":{"self":[{"href":"https:\/\/www.europesays.com\/fr\/wp-json\/wp\/v2\/posts\/353875","targetHints":{"allow":["GET"]}}],"collection":[{"href":"https:\/\/www.europesays.com\/fr\/wp-json\/wp\/v2\/posts"}],"about":[{"href":"https:\/\/www.europesays.com\/fr\/wp-json\/wp\/v2\/types\/post"}],"author":[{"embeddable":true,"href":"https:\/\/www.europesays.com\/fr\/wp-json\/wp\/v2\/users\/2"}],"replies":[{"embeddable":true,"href":"https:\/\/www.europesays.com\/fr\/wp-json\/wp\/v2\/comments?post=353875"}],"version-history":[{"count":0,"href":"https:\/\/www.europesays.com\/fr\/wp-json\/wp\/v2\/posts\/353875\/revisions"}],"wp:featuredmedia":[{"embeddable":true,"href":"https:\/\/www.europesays.com\/fr\/wp-json\/wp\/v2\/media\/353876"}],"wp:attachment":[{"href":"https:\/\/www.europesays.com\/fr\/wp-json\/wp\/v2\/media?parent=353875"}],"wp:term":[{"taxonomy":"category","embeddable":true,"href":"https:\/\/www.europesays.com\/fr\/wp-json\/wp\/v2\/categories?post=353875"},{"taxonomy":"post_tag","embeddable":true,"href":"https:\/\/www.europesays.com\/fr\/wp-json\/wp\/v2\/tags?post=353875"}],"curies":[{"name":"wp","href":"https:\/\/api.w.org\/{rel}","templated":true}]}}