{"id":353877,"date":"2025-08-30T05:51:15","date_gmt":"2025-08-30T05:51:15","guid":{"rendered":"https:\/\/www.europesays.com\/fr\/353877\/"},"modified":"2025-08-30T05:51:15","modified_gmt":"2025-08-30T05:51:15","slug":"un-nouvel-habillage-sonore-debarque-sur-lantenne-radio-de-saint-pierre-et-miquelon-la-1ere","status":"publish","type":"post","link":"https:\/\/www.europesays.com\/fr\/353877\/","title":{"rendered":"Un nouvel habillage sonore d\u00e9barque sur l&rsquo;antenne radio de Saint-Pierre et Miquelon la 1\u00e8re"},"content":{"rendered":"<p>Le premier septembre, SPM La 1\u00e8re inaugure une nouvelle identit\u00e9 sonore sur son antenne radio.<\/p>\n<p>\n\t\t\t\t                        Thais Lahiton (stagiaire)<br \/>\n            \t\t\t\t\u2022<\/p>\n<p>            Publi\u00e9 le 29 ao\u00fbt 2025 \u00e0 10h27,<br \/>\n                 mis \u00e0 jour le 29 ao\u00fbt 2025 \u00e0 10h40<\/p>\n<p>Le lundi 1er septembre, SPM La 1\u00e8re va inaugurer une nouvelle identit\u00e9 sonore avec un habillage repens\u00e9 pour apporter \u00e9nergie et modernit\u00e9 \u00e0 l&rsquo;antenne. Apr\u00e8s huit ans sans \u00e9volution, cet habillage repens\u00e9 permettra \u00e9galement d&rsquo;unifier l\u2019ensemble des antennes du r\u00e9seau La 1\u00e8re.<\/p>\n<p><strong>\u00c0 lire aussi : <a href=\"https:\/\/la1ere.franceinfo.fr\/saintpierremiquelon\/saint-pierre-et-miquelon-la-1ere-fete-la-radio-1593141.html\" target=\"_blank\" rel=\"noopener nofollow\">Saint-Pierre-et-Miquelon la 1\u00e8re f\u00eate la radio<\/a><\/strong><\/p>\n<p>Cette nouvelle identit\u00e9 sonores va s&rsquo;appliquer \u00e0 l&rsquo;ensemble des \u00e9l\u00e9ments d&rsquo;antennes : les jingles m\u00e9t\u00e9o et jingles d\u2019\u00e9missions, les avis officiels et associatifs, mais aussi autour des rendez-vous d\u2019information.<\/p>\n<p>Cet habillage est le fruit d&rsquo;une production de la prestigieuse agence londonienne Wisebuddah qui est \u00e0 l&rsquo;origine de cr\u00e9ations sonores pour de grandes radios comme la BBC, Virgin Radio ou encore RTL.<\/p>\n<p>D\u00e9couvrez ce nouvel habillage en avant-premi\u00e8re avec ces quelques extraits :<\/p>\n","protected":false},"excerpt":{"rendered":"Le premier septembre, SPM La 1\u00e8re inaugure une nouvelle identit\u00e9 sonore sur son antenne radio. Thais Lahiton (stagiaire)&hellip;\n","protected":false},"author":2,"featured_media":353878,"comment_status":"","ping_status":"","sticky":false,"template":"","format":"standard","meta":{"footnotes":""},"categories":[1355],"tags":[58,59,1011,27,1361,873],"class_list":{"0":"post-353877","1":"post","2":"type-post","3":"status-publish","4":"format-standard","5":"has-post-thumbnail","7":"category-musique","8":"tag-divertissement","9":"tag-entertainment","10":"tag-fr","11":"tag-france","12":"tag-music","13":"tag-musique"},"share_on_mastodon":{"url":"https:\/\/pubeurope.com\/@fr\/115116158862991492","error":""},"_links":{"self":[{"href":"https:\/\/www.europesays.com\/fr\/wp-json\/wp\/v2\/posts\/353877","targetHints":{"allow":["GET"]}}],"collection":[{"href":"https:\/\/www.europesays.com\/fr\/wp-json\/wp\/v2\/posts"}],"about":[{"href":"https:\/\/www.europesays.com\/fr\/wp-json\/wp\/v2\/types\/post"}],"author":[{"embeddable":true,"href":"https:\/\/www.europesays.com\/fr\/wp-json\/wp\/v2\/users\/2"}],"replies":[{"embeddable":true,"href":"https:\/\/www.europesays.com\/fr\/wp-json\/wp\/v2\/comments?post=353877"}],"version-history":[{"count":0,"href":"https:\/\/www.europesays.com\/fr\/wp-json\/wp\/v2\/posts\/353877\/revisions"}],"wp:featuredmedia":[{"embeddable":true,"href":"https:\/\/www.europesays.com\/fr\/wp-json\/wp\/v2\/media\/353878"}],"wp:attachment":[{"href":"https:\/\/www.europesays.com\/fr\/wp-json\/wp\/v2\/media?parent=353877"}],"wp:term":[{"taxonomy":"category","embeddable":true,"href":"https:\/\/www.europesays.com\/fr\/wp-json\/wp\/v2\/categories?post=353877"},{"taxonomy":"post_tag","embeddable":true,"href":"https:\/\/www.europesays.com\/fr\/wp-json\/wp\/v2\/tags?post=353877"}],"curies":[{"name":"wp","href":"https:\/\/api.w.org\/{rel}","templated":true}]}}