{"id":353879,"date":"2025-08-30T05:52:14","date_gmt":"2025-08-30T05:52:14","guid":{"rendered":"https:\/\/www.europesays.com\/fr\/353879\/"},"modified":"2025-08-30T05:52:14","modified_gmt":"2025-08-30T05:52:14","slug":"quel-casting-pour-starfighter-futur-vaisseau-amiral-de-star-wars-au-cinema","status":"publish","type":"post","link":"https:\/\/www.europesays.com\/fr\/353879\/","title":{"rendered":"Quel casting pour Starfighter, futur vaisseau amiral de Star Wars au cin\u00e9ma?"},"content":{"rendered":"<p>R\u00e9alis\u00e9 par Shawn Levy et port\u00e9 par l\u2019acteur Ryan Gosling, le long-m\u00e9trage doit sortir en mai 2027. Huit ans apr\u00e8s L\u2019Ascension de Skywalker.<\/p>\n<p class=\"fig-paragraph\">D\u00e9collage imminent. \u00c0 l\u2019automne, les com\u00e9diens mettront en bo\u00eete les premi\u00e8res images du film Starfighter, futur vaisseau amiral de\u00a0<a href=\"http:\/\/www.lefigaro.fr\/cinema\/star-wars-la-folie-des-costumes-lors-de-la-convention-a-tokyo-20250419\" target=\"_blank\" data-fig-type=\"Article\" rel=\"noopener\" data-gtm-custom-categorie=\"navigation\" data-gtm-custom-action=\"crossclick\" data-gtm-custom-label=\"Contextuel\" data-gtm-event=\"customEventSPE\" data-fig-domain=\"LEFIGARO\">l\u2019univers Star Wars<\/a> \u00a0au cin\u00e9ma. Parmi eux, l\u2019acteur canadien\u00a0<a href=\"http:\/\/www.lefigaro.fr\/cinema\/ryan-gosling-sauve-la-terre-dans-la-bande-annonce-de-project-hail-mary-20250701\" target=\"_blank\" data-fig-type=\"Article\" rel=\"noopener\" data-gtm-custom-categorie=\"navigation\" data-gtm-custom-action=\"crossclick\" data-gtm-custom-label=\"Contextuel\" data-gtm-event=\"customEventSPE\" data-fig-domain=\"LEFIGARO\">Ryan Gosling<\/a>\u00a0(Drive, La La Land), dont la pr\u00e9sence dans la distribution \u00e9tait connue depuis le mois d\u2019avril. Le site sp\u00e9cialis\u00e9\u00a0<a href=\"https:\/\/deadline.com\/2025\/08\/star-wars-starfighter-cast-1236500048\/\" target=\"_blank\" rel=\"noopener\" data-gtm-custom-categorie=\"navigation\" data-gtm-custom-action=\"crossclick\" data-gtm-custom-label=\"Contextuel\" data-gtm-event=\"customEventSPE\">Deadline<\/a> \u00a0vient de relayer la liste de ceux qui l\u2019accompagneront sur le plateau, dirig\u00e9 par Shawn Levy.<\/p>\n<p class=\"fig-paragraph\"><a href=\"http:\/\/www.lefigaro.fr\/cinema\/apres-les-films-d-horreurs-l-actrice-mia-goth-rejoint-la-galaxie-star-wars-20250611\" target=\"_blank\" data-fig-type=\"Article\" rel=\"noopener\" data-gtm-custom-categorie=\"navigation\" data-gtm-custom-action=\"crossclick\" data-gtm-custom-label=\"Contextuel\" data-gtm-event=\"customEventSPE\" data-fig-domain=\"LEFIGARO\">Mia Goth<\/a>, trentenaire qui s\u2019est illustr\u00e9e dans des productions horrifiques, donnera la r\u00e9plique \u00e0 Aaron Pierre, r\u00e9v\u00e9l\u00e9 dans la s\u00e9rie de super-h\u00e9ros Krypton. Plus habitu\u00e9 aux com\u00e9dies, Simon Bird \u00e9changera avec Jamael Westman, que l\u2019on a vu dans le film de Netflix L\u2019effet veuf. \u00c0 noter \u00e9galement la pr\u00e9sence d\u2019Amy Adams, qui poursuit une riche carri\u00e8re \u00e0 Hollywood, o\u00f9 elle a tourn\u00e9 pour Denis Villeneuve, Tom Ford ou\u00a0<a href=\"https:\/\/www.lefigaro.fr\/cinema\/2019\/02\/12\/03002-20190212ARTFIG00146--vice-amy-adamsdans-l-ombre-du-pouvoir-avec-dick-cheney.php\" target=\"_blank\" data-fig-type=\"Article\" rel=\"noopener\" data-gtm-custom-categorie=\"navigation\" data-gtm-custom-action=\"crossclick\" data-gtm-custom-label=\"Contextuel\" data-gtm-event=\"customEventSPE\" data-fig-domain=\"LEFIGARO\">Adam McKay<\/a>.<\/p>\n<p class=\"fig-body-link\">\n            \u00c0 lire aussi<br \/>\n        <a class=\"fig-body-link__link\" href=\"http:\/\/www.lefigaro.fr\/cinema\/star-wars-mark-hamill-ne-veut-plus-jouer-luke-skywalker-et-explique-pourquoi-20250603\" target=\"_blank\" data-fig-type=\"Article\" rel=\"noopener\" data-gtm-custom-categorie=\"navigation\" data-gtm-custom-action=\"crossclick\" data-gtm-custom-label=\"Contextuel\" data-gtm-event=\"customEventSPE\" data-fig-domain=\"LEFIGARO\">Star Wars\u00a0: Mark Hamill ne veut plus jouer Luke Skywalker et explique pourquoi<br \/>\n    <\/a>\n<\/p>\n<p>                                    <a class=\"fig-a11y-skip a11y-hidden\" href=\"#fig-a11y-skip-main-inarticle\"><br \/>\n        Passer la publicit\u00e9<br \/>\n    <\/a><\/p>\n<p>Le r\u00e9alisateur de Deadpool &amp; Wolverine<\/p>\n<p class=\"fig-paragraph\">Manquait un vrai m\u00e9chant pour glisser des b\u00e2tons dans les roues de Ryan Gosling, s\u2019il tient bien le r\u00f4le de h\u00e9ros. La production fait confiance au Britannique Matt Smith. Les t\u00e9l\u00e9spectateurs le connaissent sous le nom de\u00a0<a href=\"https:\/\/madame.lefigaro.fr\/celebrites\/video-a-feu-et-a-sang-matt-smith-incarne-limpitoyable-daemon-targaryen-dans-le-trailer-de-house-of-the-dragon-051021-198585\" target=\"_blank\" data-fig-type=\"Article\" rel=\"noopener\" data-gtm-custom-categorie=\"navigation\" data-gtm-custom-action=\"crossclick\" data-gtm-custom-label=\"Contextuel\" data-gtm-event=\"customEventSPE\" data-fig-domain=\"MADAME\">Daemon Targaryen<\/a>, de la s\u00e9rie House of the Dragon. Ce com\u00e9dien incarnait plus r\u00e9cemment un punk dans Pris au pi\u00e8ge, le\u00a0<a href=\"http:\/\/www.lefigaro.fr\/cinema\/notre-critique-de-pris-au-piege-caught-stealing-darren-aronofsky-malmene-austin-butler-20250826\" target=\"_blank\" data-fig-type=\"Article\" rel=\"noopener\" data-gtm-custom-categorie=\"navigation\" data-gtm-custom-action=\"crossclick\" data-gtm-custom-label=\"Contextuel\" data-gtm-event=\"customEventSPE\" data-fig-domain=\"LEFIGARO\">dernier film tr\u00e8s fantasque<\/a>\u00a0de Darren Aronofsky, actuellement en salles.<\/p>\n<p class=\"fig-paragraph\">Chronologiquement, les \u00e9v\u00e9nements de Starfighter doivent se d\u00e9rouler apr\u00e8s ceux de Star Wars\u00a0: \u00c9pisode IX \u2014 L\u2019Ascension de Skywalker, le dernier volet sorti en 2019. Le long-m\u00e9trage explorera une p\u00e9riode in\u00e9dite et pourrait bien, en cas de succ\u00e8s, inaugurer une nouvelle trilogie. Charg\u00e9 d\u2019\u00e9crire l\u2019intrigue, le sc\u00e9nariste Jonathan Tropper (la s\u00e9rie\u00a0<a href=\"https:\/\/www.lefigaro.fr\/culture\/see-the-morning-show-dickinson-for-all-mankind-que-valent-les-series-apple-tv-20191103\" target=\"_blank\" data-fig-type=\"Article\" rel=\"noopener\" data-gtm-custom-categorie=\"navigation\" data-gtm-custom-action=\"crossclick\" data-gtm-custom-label=\"Contextuel\" data-gtm-event=\"customEventSPE\" data-fig-domain=\"LEFIGARO\">See, sur Apple TV +<\/a>) aura fort \u00e0 faire.<\/p>\n<p class=\"fig-paragraph\">\u00ab\u00a0Rejoindre cette galaxie de narration avec des collaborateurs aussi brillants \u00e0 l\u2019\u00e9cran et hors de l\u2019\u00e9cran, c\u2019est l\u2019\u00e9motion d\u2019une vie\u00a0\u00bb,\u00a0<a href=\"http:\/\/tvmag.lefigaro.fr\/programme-tv\/actu-tele\/star-wars-l-etonnante-histoire-de-ryan-gosling-et-des-draps-de-lit-de-son-enfance-20250420\" target=\"_blank\" data-fig-type=\"Article\" rel=\"noopener\" data-gtm-custom-categorie=\"navigation\" data-gtm-custom-action=\"crossclick\" data-gtm-custom-label=\"Contextuel\" data-gtm-event=\"customEventSPE\" data-fig-domain=\"TVMAG\">confiait \u00e0 Tokyo<\/a>, en avril 2025, le r\u00e9alisateur canadien Shawn Levy, connu pour Deadpool &amp; Wolverine, Free Guy ou Les Stagiaires.<\/p>\n<p class=\"fig-paragraph\">En attendant la sortie au mois de mai 2027, Disney fera patienter les fans avec le film d\u00e9riv\u00e9 The Mandalorian &amp; Grogu de Jon Favreau. Pr\u00e9vu pour l\u2019an prochain, ce long-m\u00e9trage prend la suite de la s\u00e9rie Mandalorian. Et mettra en vedette la cr\u00e9ature mi-peluche mi-manitou surnomm\u00e9e b\u00e9b\u00e9 Yoda. Depuis son rachat de Lucasfilm, en 2012, Disney e<a href=\"https:\/\/www.lefigaro.fr\/medias\/2017\/12\/22\/20004-20171222ARTFIG00265-star-wars-le-filon-en-or-de-l-empire-disney.php\" target=\"_blank\" data-fig-type=\"Article\" rel=\"noopener\" data-gtm-custom-categorie=\"navigation\" data-gtm-custom-action=\"crossclick\" data-gtm-custom-label=\"Contextuel\" data-gtm-event=\"customEventSPE\" data-fig-domain=\"LEFIGARO\">xploite \u00e0 belle allure le filon Star Wars<\/a> .<\/p>\n","protected":false},"excerpt":{"rendered":"R\u00e9alis\u00e9 par Shawn Levy et port\u00e9 par l\u2019acteur Ryan Gosling, le long-m\u00e9trage doit sortir en mai 2027. Huit&hellip;\n","protected":false},"author":2,"featured_media":353880,"comment_status":"","ping_status":"","sticky":false,"template":"","format":"standard","meta":{"footnotes":""},"categories":[1354],"tags":[58,59,1346,1011,27,1530,1360,46143,1480],"class_list":{"0":"post-353879","1":"post","2":"type-post","3":"status-publish","4":"format-standard","5":"has-post-thumbnail","7":"category-films","8":"tag-divertissement","9":"tag-entertainment","10":"tag-films","11":"tag-fr","12":"tag-france","13":"tag-lucasfilm","14":"tag-movies","15":"tag-ryan-gosling","16":"tag-star-wars"},"share_on_mastodon":{"url":"https:\/\/pubeurope.com\/@fr\/115116162729041620","error":""},"_links":{"self":[{"href":"https:\/\/www.europesays.com\/fr\/wp-json\/wp\/v2\/posts\/353879","targetHints":{"allow":["GET"]}}],"collection":[{"href":"https:\/\/www.europesays.com\/fr\/wp-json\/wp\/v2\/posts"}],"about":[{"href":"https:\/\/www.europesays.com\/fr\/wp-json\/wp\/v2\/types\/post"}],"author":[{"embeddable":true,"href":"https:\/\/www.europesays.com\/fr\/wp-json\/wp\/v2\/users\/2"}],"replies":[{"embeddable":true,"href":"https:\/\/www.europesays.com\/fr\/wp-json\/wp\/v2\/comments?post=353879"}],"version-history":[{"count":0,"href":"https:\/\/www.europesays.com\/fr\/wp-json\/wp\/v2\/posts\/353879\/revisions"}],"wp:featuredmedia":[{"embeddable":true,"href":"https:\/\/www.europesays.com\/fr\/wp-json\/wp\/v2\/media\/353880"}],"wp:attachment":[{"href":"https:\/\/www.europesays.com\/fr\/wp-json\/wp\/v2\/media?parent=353879"}],"wp:term":[{"taxonomy":"category","embeddable":true,"href":"https:\/\/www.europesays.com\/fr\/wp-json\/wp\/v2\/categories?post=353879"},{"taxonomy":"post_tag","embeddable":true,"href":"https:\/\/www.europesays.com\/fr\/wp-json\/wp\/v2\/tags?post=353879"}],"curies":[{"name":"wp","href":"https:\/\/api.w.org\/{rel}","templated":true}]}}