{"id":353881,"date":"2025-08-30T05:53:10","date_gmt":"2025-08-30T05:53:10","guid":{"rendered":"https:\/\/www.europesays.com\/fr\/353881\/"},"modified":"2025-08-30T05:53:10","modified_gmt":"2025-08-30T05:53:10","slug":"la-prefecture-du-gard-appelle-a-la-vigilance-apres-la-decouverte-dun-virus-sur-un-cheval","status":"publish","type":"post","link":"https:\/\/www.europesays.com\/fr\/353881\/","title":{"rendered":"La pr\u00e9fecture du Gard appelle \u00e0 la vigilance apr\u00e8s la d\u00e9couverte d&rsquo;un virus sur un cheval"},"content":{"rendered":"<p>            Par<br \/>\n        <strong><br \/>\n            <a href=\"https:\/\/actu.fr\/auteur\/charles-dossantos\" title=\"Consulter tous les articles de Charles Dos Santos\" target=\"_blank\" rel=\"noopener\">Charles Dos Santos<\/a><br \/>\n        <\/strong><\/p>\n<p>        Publi\u00e9 le<\/p>\n<p>            28 ao\u00fbt 2025 \u00e0 18h32        <\/p>\n<p>Le <strong>virus West Nile<\/strong> a \u00e9t\u00e9 d\u00e9tect\u00e9 sur <strong>un cheval<\/strong> vivant pr\u00e8s du village de <strong>Meynes<\/strong> dans l\u2019est du <a href=\"https:\/\/actu.fr\/occitanie\/gard_30\" target=\"_blank\" rel=\"noopener\"><strong>Gard<\/strong><\/a>.\u00a0J\u00e9r\u00f4me Bonet, Pr\u00e9fet du d\u00e9partement, appelle la population \u00e0 la vigilance ainsi que l\u2019ensemble <strong>des \u00e9leveurs et des v\u00e9t\u00e9rinaires<\/strong> \u00e9voluant dans la fili\u00e8re \u00e9quine.<\/p>\n<p>    <a href=\"https:\/\/www.google.com\/maps\/embed?pb=!1m18!1m12!1m3!1d30467.640702282963!2d4.531774073688818!3d43.876520885021876!2m3!1f0!2f0!3f0!3m2!1i1024!2i768!4f13.1!3m3!1m2!1s0x12b5cf8709ebfdfd%3A0x3caf0867fdb38923!2s30840%20Meynes!5e1!3m2!1sfr!2sfr!4v1756397608813!5m2!1sfr!2sfr\" title=\"Ouvrie le lien\" target=\"_blank\" rel=\"noopener\">Cliquez ici pour visualiser le contenu<\/a><\/p>\n<p>Un deuxi\u00e8me cas possible<\/p>\n<p class=\" wall-content\">Dans les faits, <strong>des analyses<\/strong> ont \u00e9t\u00e9 faites par la direction d\u00e9partementale de protection des populations (DDPP) sur de <strong>nombreux animaux<\/strong> dans ce d\u00e9partement du nord de l\u2019ex Languedoc-Roussillon. Celles effectu\u00e9es sur un animal sur la commune de Meynes se sont r\u00e9v\u00e9l\u00e9es positives. Il a bien \u00e9t\u00e9 contamin\u00e9 par le virus West Nile.<\/p>\n<p>    <a href=\"https:\/\/www.facebook.com\/plugins\/post.php?href=https%3A%2F%2Fwww.facebook.com%2FPrefet30%2Fposts%2Fpfbid0ZyEdgiYDc72Yi6RwfJ1q9w1FYf3VFhPrXbreyTtGdbq7BmqCx9JVX82sAGsMiSkBl&amp;show_text=true&amp;width=350\" title=\"Ouvrie le lien\" target=\"_blank\" rel=\"noopener\">Cliquez ici pour visualiser le contenu<\/a><\/p>\n<p class=\" wall-content\"><b>Des r\u00e9sultats <\/b>sont aussi attendus dans les prochains jours suite \u00e0 un test pratiqu\u00e9 sur une b\u00eate r\u00e9sidant pr\u00e8s du village <strong>du Cailar<\/strong>, dans le sud du territoire. Dans ce second cas, des suspicions de contaminations sont aussi \u00e9voqu\u00e9es. <strong>Sans certitude<\/strong> \u00e0 ce jour.<\/p>\n<p>Vid\u00e9os : en ce moment sur ActuAucun \u00eatre humain<\/p>\n<p class=\" wall-content\">\u00c0 ce jour, <strong>aucun cas d\u2019infection humaine<\/strong> n\u2019a \u00e9t\u00e9 d\u00e9tect\u00e9 dans le Gard. Ces derniers jours, <strong>des cas similaires<\/strong> avaient \u00e9t\u00e9 signal\u00e9s dans le <a href=\"https:\/\/actu.fr\/societe\/herault-deux-premiers-cas-humains-du-virus-west-nile-confirmes-pres-d-agde-et-florensac_63079241.html\" target=\"_blank\" rel=\"noopener\">d\u00e9partement voisin de <strong>l\u2019H\u00e9rault<\/strong><\/a>, notamment \u00e0 <strong>Agde<\/strong>.<\/p>\n<p>Votre r\u00e9gion, votre actu !<\/p>\n<p>Recevez chaque jour les infos qui comptent pour vous.<\/p>\n<p>\t<a href=\"https:\/\/actu.fr\/newsletter\" class=\"ac-btn ac-btn--corner ac-btn--medium ac-btn--blue800\" target=\"_blank\" rel=\"noopener\">S&rsquo;incrire<\/a><\/p>\n<p class=\" wall-content\">Ce n\u2019est pas la premi\u00e8re fois que le Gard est concern\u00e9 par des contaminations \u00e0 ce virus West Nile. \u00c0 l\u2019automne 2024, <a href=\"https:\/\/actu.fr\/societe\/au-moins-3-cas-de-virus-de-fievre-du-nil-detectes-en-occitanie-voici-les-zones-touchees_61575531.html\" target=\"_blank\" rel=\"noopener\"><strong>trois autres cas<\/strong><\/a> avaient \u00e9t\u00e9 d\u00e9tect\u00e9s pr\u00e8s de <strong>Vauvert\u00a0<\/strong>dont un sur un cheval, d\u00e9c\u00e9d\u00e9 \u00e0 l\u2019\u00e9poque. Les deux autres cas concernaient des \u00eatres humains. Ces derniers n\u2019avaient pas \u00e9t\u00e9 hospitalis\u00e9s suite \u00e0 cette <strong>contamination<\/strong>.<\/p>\n<p>Qu&rsquo;est ce que le virus West Nile ?<\/p>\n<p>Le West Nile est un arbovirus, transmis par les moustiques, Ils piquent essentiellement en soir\u00e9e et la nuit, contrairement au moustique tigre qui pique essentiellement le jour. Les chevaux, mais aussi parfois les hommes, sont des \u00ab h\u00f4tes accidentels \u00bb qui peuvent \u00eatre atteints par le virus West Nile lorsqu\u2019ils sont piqu\u00e9s par des moustiques infect\u00e9s mais qui ne peuvent pas transmettre \u00e0 leur tour le virus. En France, il est tr\u00e8s souvent signal\u00e9 sur le pourtour m\u00e9diterran\u00e9en.<br \/>Source :  Sant\u00e9 Publique France<\/p>\n<p class=\" wall-content\">Personnalisez votre actualit\u00e9 en ajoutant vos villes et m\u00e9dias en favori avec <a href=\"https:\/\/moncompte.actu.fr\" title=\"D\u00e9couvez Mon Actu\" rel=\"nofollow noopener\" data-trk=\"{&quot;cta&quot;:{&quot;action&quot;:&quot;https:\\\/\\\/moncompte.actu.fr&quot;,&quot;category&quot;:&quot;mon compte&quot;,&quot;from&quot;:&quot;article footer&quot;,&quot;name&quot;:&quot;Mon actu&quot;,&quot;type&quot;:&quot;cta&quot;}}\" target=\"_blank\">Mon Actu<\/a>.<\/p>\n","protected":false},"excerpt":{"rendered":"Par Charles Dos Santos Publi\u00e9 le 28 ao\u00fbt 2025 \u00e0 18h32 Le virus West Nile a \u00e9t\u00e9 d\u00e9tect\u00e9&hellip;\n","protected":false},"author":2,"featured_media":353882,"comment_status":"","ping_status":"","sticky":false,"template":"","format":"standard","meta":{"footnotes":""},"categories":[10],"tags":[1867,118,1011,27,72,71],"class_list":{"0":"post-353881","1":"post","2":"type-post","3":"status-publish","4":"format-standard","5":"has-post-thumbnail","7":"category-sante","8":"tag-animaux","9":"tag-faits-divers","10":"tag-fr","11":"tag-france","12":"tag-health","13":"tag-sante"},"share_on_mastodon":{"url":"https:\/\/pubeurope.com\/@fr\/115116166625580324","error":""},"_links":{"self":[{"href":"https:\/\/www.europesays.com\/fr\/wp-json\/wp\/v2\/posts\/353881","targetHints":{"allow":["GET"]}}],"collection":[{"href":"https:\/\/www.europesays.com\/fr\/wp-json\/wp\/v2\/posts"}],"about":[{"href":"https:\/\/www.europesays.com\/fr\/wp-json\/wp\/v2\/types\/post"}],"author":[{"embeddable":true,"href":"https:\/\/www.europesays.com\/fr\/wp-json\/wp\/v2\/users\/2"}],"replies":[{"embeddable":true,"href":"https:\/\/www.europesays.com\/fr\/wp-json\/wp\/v2\/comments?post=353881"}],"version-history":[{"count":0,"href":"https:\/\/www.europesays.com\/fr\/wp-json\/wp\/v2\/posts\/353881\/revisions"}],"wp:featuredmedia":[{"embeddable":true,"href":"https:\/\/www.europesays.com\/fr\/wp-json\/wp\/v2\/media\/353882"}],"wp:attachment":[{"href":"https:\/\/www.europesays.com\/fr\/wp-json\/wp\/v2\/media?parent=353881"}],"wp:term":[{"taxonomy":"category","embeddable":true,"href":"https:\/\/www.europesays.com\/fr\/wp-json\/wp\/v2\/categories?post=353881"},{"taxonomy":"post_tag","embeddable":true,"href":"https:\/\/www.europesays.com\/fr\/wp-json\/wp\/v2\/tags?post=353881"}],"curies":[{"name":"wp","href":"https:\/\/api.w.org\/{rel}","templated":true}]}}