{"id":353890,"date":"2025-08-30T05:58:09","date_gmt":"2025-08-30T05:58:09","guid":{"rendered":"https:\/\/www.europesays.com\/fr\/353890\/"},"modified":"2025-08-30T05:58:09","modified_gmt":"2025-08-30T05:58:09","slug":"la-justice-bloque-lexpulsion-de-600-000-venezueliens-voulue-par-ladministration-trump","status":"publish","type":"post","link":"https:\/\/www.europesays.com\/fr\/353890\/","title":{"rendered":"la justice bloque l\u2019expulsion de 600\u00a0000 V\u00e9n\u00e9zu\u00e9liens voulue par l\u2019administration Trump"},"content":{"rendered":"<p>                          <img loading=\"lazy\" decoding=\"async\" src=\"https:\/\/www.europesays.com\/fr\/wp-content\/uploads\/2025\/08\/ef49eec_ftp-import-images-1-eknlkzod4nia-0782c17ddde84540b883edcfdaa4979a-0-6166c58ff06b44f18cccd13f.jpeg\" alt=\"Un restaurant v\u00e9n\u00e9zu\u00e9lien, o\u00f9 se r\u00e9unissent de nombreuses personnes de la communaut\u00e9, \u00e0 Doral, pr\u00e8s de Miami (Floride), le 2\u00a0avril\u00a02025.&#10;\"   width=\"664\" height=\"443\"\/>    Un restaurant v\u00e9n\u00e9zu\u00e9lien, o\u00f9 se r\u00e9unissent de nombreuses personnes de la communaut\u00e9, \u00e0 Doral, pr\u00e8s de Miami (Floride), le 2\u00a0avril\u00a02025.  REBECCA BLACKWELL \/ AP                          <\/p>\n<p class=\"article__paragraph  \">Quelque 600\u00a0000\u00a0V\u00e9n\u00e9zu\u00e9liens vivant aux Etats-Unis, mais menac\u00e9s d\u2019expulsions, se sont vus accorder un nouveau sursis, vendredi 29\u00a0ao\u00fbt, par la justice am\u00e9ricaine. En mars, un juge f\u00e9d\u00e9ral de Californie avait interdit au gouvernement de Donald Trump d\u2019abolir le statut de protection temporaire (TPS) dont ils b\u00e9n\u00e9ficiaient.<\/p>\n<p class=\"article__paragraph  \">Ce jugement de premi\u00e8re instance, qui avait \u00e9vit\u00e9 leur expulsion, a \u00e9t\u00e9 confirm\u00e9, vendredi, par une cour d\u2019appel f\u00e9d\u00e9rale alors qu\u2019au mois de mai, la Cour supr\u00eame des Etats-Unis avait autoris\u00e9 provisoirement l\u2019administration Trump \u00e0 r\u00e9voquer leur statut, le temps que l\u2019affaire soit examin\u00e9e en appel.<\/p>\n<p class=\"article__paragraph  \">Le TPS prot\u00e8ge d\u2019une expulsion et octroie le droit au travail. Ce statut est accord\u00e9 aux immigr\u00e9s dont la s\u00e9curit\u00e9 n\u2019est pas assur\u00e9e s\u2019ils rentrent dans leur pays en raison de conflits, de catastrophes naturelles ou d\u2019autres conditions \u00ab\u00a0extraordinaires\u00a0\u00bb. Il a largement \u00e9t\u00e9 accord\u00e9 aux V\u00e9n\u00e9zu\u00e9liens sous l\u2019ancien pr\u00e9sident Joe Biden, Washington consid\u00e9rant le r\u00e9gime du pr\u00e9sident, Nicolas Maduro, comme autoritaire.<\/p>\n<p>                                       Lire aussi |  <a href=\"https:\/\/www.lemonde.fr\/international\/article\/2025\/04\/01\/un-juge-suspend-le-plan-trump-qui-vise-a-abroger-la-protection-d-immigres-venezueliens_6589117_3210.html\" class=\"js-article-read-also catcher--favoris__link\" data-premium=\"\" id=\"article-title-3416680\" rel=\"nofollow noopener\" target=\"_blank\">Aux Etats-Unis, un juge suspend le plan de l\u2019administration Trump qui vise \u00e0 abroger la protection d\u2019immigr\u00e9s v\u00e9n\u00e9zu\u00e9liens<\/a>    <\/p>\n<p>   Lire plus tard  <\/p>\n<p class=\"article__paragraph  \">La cour d\u2019appel a estim\u00e9 que la mesure d\u2019abolition souhait\u00e9e par l\u2019administration Trump \u00ab\u00a0respirait le racisme \u00e0 plein nez\u00a0\u00bb et qu\u2019elle pr\u00e9sentait \u00e0 tort les personnes concern\u00e9es comme des criminels. \u00ab\u00a0En adoptant la loi sur le statut de protection temporaire, le Congr\u00e8s a mis en place un syst\u00e8me de statut temporaire fiable, en dehors de toute politique politicienne\u00a0\u00bb, a\u00a0d\u00e9clar\u00e9 la juge Kim Wardlaw.<\/p>\n<p class=\"article__paragraph  \">\u00ab\u00a0Les plaignants ont d\u00e9montr\u00e9 qu\u2019ils font face \u00e0 un pr\u00e9judice irr\u00e9parable pour leur vie, leur famille et leurs moyens de subsistance\u00a0\u00bb, a ajout\u00e9 la magistrate.<\/p>\n<p>                    Un statut prolong\u00e9 par Joe Biden                    <\/p>\n<p class=\"article__paragraph  \">Joe Biden avait prolong\u00e9 de dix-huit mois le TPS octroy\u00e9 aux V\u00e9n\u00e9zu\u00e9liens \u00e0 quelques jours de c\u00e9der la pr\u00e9sidence \u00e0 Donald Trump le 20\u00a0janvier. D\u2019apr\u00e8s la secr\u00e9taire \u00e0 la s\u00e9curit\u00e9 int\u00e9rieure, Kristi Noem, la situation au Venezuela s\u2019est am\u00e9lior\u00e9e et il n\u2019est pas dans l\u2019int\u00e9r\u00eat national des \u00c9tats-Unis d\u2019autoriser les migrants originaires de ce pays \u00e0 rester dans le cadre d\u2019un programme temporaire.<\/p>\n<p class=\"article__paragraph  \">Mais selon la cour d\u2019appel, Kristi\u00a0Noem n\u2019avait pas le pouvoir d\u2019annuler ou de suspendre une prolongation ant\u00e9rieure du TPS car la loi en vigueur r\u00e9dig\u00e9e par le Congr\u00e8s ne le permet pas.<\/p>\n<p>                                       Lire aussi |  <a href=\"https:\/\/www.lemonde.fr\/international\/article\/2025\/05\/02\/l-administration-trump-demande-a-la-cour-supreme-de-pouvoir-revoquer-la-protection-d-immigres-venezueliens_6602136_3210.html\" class=\"js-article-read-also catcher--favoris__link\" data-premium=\"\" id=\"article-title-3420745\" rel=\"nofollow noopener\" target=\"_blank\">L\u2019administration Trump demande \u00e0 la Cour supr\u00eame de pouvoir r\u00e9voquer la protection d\u2019immigr\u00e9s v\u00e9n\u00e9zu\u00e9liens<\/a>    <\/p>\n<p>   Lire plus tard  <\/p>\n<p class=\"article__paragraph  \">L\u2019administration Trump devrait saisir \u00e0 nouveau la Cour supr\u00eame \u2013 \u00e0 majorit\u00e9 conservatrice \u2013 apr\u00e8s cette d\u00e9cision.<\/p>\n<p> Le Monde M\u00e9morable  <\/p>\n<p> <a href=\"https:\/\/www.lemonde.fr\/memorable\/?rfextension=inread\" class=\"inread__link js-services-inread-link\" target=\"_blank\" rel=\"nofollow noopener\">  <\/p>\n<p>Testez votre culture g\u00e9n\u00e9rale avec la r\u00e9daction du \u00ab Monde \u00bb<\/p>\n<p>Testez votre culture g\u00e9n\u00e9rale avec la r\u00e9daction du \u00ab Monde \u00bb<\/p>\n<p>D\u00e9couvrir<\/p>\n<p> <\/a>      <\/p>\n<p> Newsletter  <\/p>\n<p> <a href=\"https:\/\/www.lemonde.fr\/newsletters\/a-la-une\/\" class=\"inread__link js-services-inread-link\" target=\"_blank\" rel=\"nofollow noopener\">  <\/p>\n<p>\u00ab A la une \u00bb<\/p>\n<p>Chaque matin, parcourez l&rsquo;essentiel de l&rsquo;actualit\u00e9 du jour avec les derniers titres du \u00ab Monde \u00bb<\/p>\n<p>S&rsquo;inscrire<\/p>\n<p> <\/a>          <\/p>\n<p> Le Monde Application  <\/p>\n<p> <a href=\"https:\/\/lamatinale.onelink.me\/gKMy\/ahw2ubr3\" class=\"inread__link js-services-inread-link\" target=\"_blank\" rel=\"nofollow noopener\">  <\/p>\n<p>La Matinale du Monde<\/p>\n<p>Chaque matin, retrouvez notre s\u00e9lection de 20 articles \u00e0 ne pas manquer <\/p>\n<p>T\u00e9l\u00e9charger l&rsquo;application<\/p>\n<p> <\/a>      <\/p>\n<p> Newsletter abonn\u00e9s  <\/p>\n<p> <a href=\"https:\/\/www.lemonde.fr\/newsletters\/international\/\" class=\"inread__link js-services-inread-link\" target=\"_blank\" rel=\"nofollow noopener\">  <\/p>\n<p>\u00ab International \u00bb<\/p>\n<p>L\u2019essentiel de l\u2019actualit\u00e9 internationale de la semaine<\/p>\n<p>S&rsquo;inscrire<\/p>\n<p> <\/a>             <\/p>\n<p class=\"article__paragraph  \">\u00ab\u00a0Pendant des d\u00e9cennies, le programme TPS a \u00e9t\u00e9 d\u00e9tourn\u00e9, exploit\u00e9 et politis\u00e9 pour servir de programme d\u2019amnistie de facto\u00a0\u00bb, a r\u00e9agi, dans un communiqu\u00e9, un porte-parole du d\u00e9partement de la s\u00e9curit\u00e9 int\u00e9rieure. \u00ab\u00a0Bien que cette injonction retarde la justice et porte atteinte \u00e0 l\u2019int\u00e9grit\u00e9 de notre syst\u00e8me d\u2019immigration, la secr\u00e9taire Noem utilisera toutes les voies de droit \u00e0 la disposition du d\u00e9partement pour mettre fin \u00e0 ce chaos et donner la priorit\u00e9 \u00e0 la s\u00e9curit\u00e9 des Am\u00e9ricains\u00a0\u00bb, ajoute-t-il.<\/p>\n<p>                    Certains migrants d\u00e9j\u00e0 expuls\u00e9s                    <\/p>\n<p class=\"article__paragraph  \">La d\u00e9cision de la cour, vendredi, ne donne pas de pr\u00e9cision sur les quelque 350\u00a0000 V\u00e9n\u00e9zu\u00e9liens, parmi les 600\u00a0000, dont la protection a expir\u00e9 en avril. Leurs avocats affirment que certains ont d\u00e9j\u00e0 \u00e9t\u00e9 licenci\u00e9s, sont d\u00e9tenus dans des centres de d\u00e9tention pour immigrants, sont s\u00e9par\u00e9s de leurs enfants am\u00e9ricains, voire expuls\u00e9s. Les protections pour les 250\u00a0000 autres V\u00e9n\u00e9zu\u00e9liens expireront le 10\u00a0septembre.<\/p>\n<p>                                       Lire aussi |  Article r\u00e9serv\u00e9 \u00e0 nos abonn\u00e9s  <a href=\"https:\/\/www.lemonde.fr\/international\/article\/2025\/07\/31\/aux-etats-unis-la-campagne-d-expulsions-massive-de-migrants-tourne-a-plein-regime_6625756_3210.html\" class=\"js-article-read-also catcher--favoris__link\" data-premium=\"1\" id=\"article-title-3432464\" rel=\"nofollow noopener\" target=\"_blank\">Aux Etats-Unis, la campagne d\u2019expulsions massive de migrants tourne \u00e0 plein r\u00e9gime<\/a>    <\/p>\n<p>   Lire plus tard  <\/p>\n<p class=\"article__paragraph  \">Donald Trump a fait campagne en promettant d\u2019expulser des millions de migrants sans papiers mais plusieurs de ses d\u00e9crets ont \u00e9t\u00e9 retoqu\u00e9s par la justice. Selon le Pew Research Center, en mars\u00a02024, il y avait 1,2\u00a0million de personnes \u00e9ligibles ou r\u00e9cipiendaires du TPS aux Etats-Unis, les V\u00e9n\u00e9zu\u00e9liens constituant le plus grand groupe.<\/p>\n<p class=\"article__paragraph  \">L\u2019administration Trump a \u00e9galement cherch\u00e9 \u00e0 r\u00e9voquer le TPS pour des Afghans, des Camerounais, des Ha\u00eftiens, des Honduriens, des N\u00e9palais et des Nicaraguayens.<\/p>\n<p class=\"author__detail\">  Le Monde avec AP et AFP  <\/p>\n<p>                  <a href=\"https:\/\/www.lemonde.fr\/syndication\/\" class=\"reuse__content\" title=\"R\u00e9utiliser ce contenu\" target=\"_blank\" rel=\"nofollow noopener\">R\u00e9utiliser ce contenu<\/a>      <\/p>\n","protected":false},"excerpt":{"rendered":"Un restaurant v\u00e9n\u00e9zu\u00e9lien, o\u00f9 se r\u00e9unissent de nombreuses personnes de la communaut\u00e9, \u00e0 Doral, pr\u00e8s de Miami (Floride),&hellip;\n","protected":false},"author":2,"featured_media":353891,"comment_status":"","ping_status":"","sticky":false,"template":"","format":"standard","meta":{"footnotes":""},"categories":[5],"tags":[11,1011,27,14,12,28],"class_list":{"0":"post-353890","1":"post","2":"type-post","3":"status-publish","4":"format-standard","5":"has-post-thumbnail","7":"category-international","8":"tag-actualites","9":"tag-fr","10":"tag-france","11":"tag-international","12":"tag-news","13":"tag-world"},"share_on_mastodon":{"url":"https:\/\/pubeurope.com\/@fr\/115116186287039820","error":""},"_links":{"self":[{"href":"https:\/\/www.europesays.com\/fr\/wp-json\/wp\/v2\/posts\/353890","targetHints":{"allow":["GET"]}}],"collection":[{"href":"https:\/\/www.europesays.com\/fr\/wp-json\/wp\/v2\/posts"}],"about":[{"href":"https:\/\/www.europesays.com\/fr\/wp-json\/wp\/v2\/types\/post"}],"author":[{"embeddable":true,"href":"https:\/\/www.europesays.com\/fr\/wp-json\/wp\/v2\/users\/2"}],"replies":[{"embeddable":true,"href":"https:\/\/www.europesays.com\/fr\/wp-json\/wp\/v2\/comments?post=353890"}],"version-history":[{"count":0,"href":"https:\/\/www.europesays.com\/fr\/wp-json\/wp\/v2\/posts\/353890\/revisions"}],"wp:featuredmedia":[{"embeddable":true,"href":"https:\/\/www.europesays.com\/fr\/wp-json\/wp\/v2\/media\/353891"}],"wp:attachment":[{"href":"https:\/\/www.europesays.com\/fr\/wp-json\/wp\/v2\/media?parent=353890"}],"wp:term":[{"taxonomy":"category","embeddable":true,"href":"https:\/\/www.europesays.com\/fr\/wp-json\/wp\/v2\/categories?post=353890"},{"taxonomy":"post_tag","embeddable":true,"href":"https:\/\/www.europesays.com\/fr\/wp-json\/wp\/v2\/tags?post=353890"}],"curies":[{"name":"wp","href":"https:\/\/api.w.org\/{rel}","templated":true}]}}