{"id":353892,"date":"2025-08-30T05:59:12","date_gmt":"2025-08-30T05:59:12","guid":{"rendered":"https:\/\/www.europesays.com\/fr\/353892\/"},"modified":"2025-08-30T05:59:12","modified_gmt":"2025-08-30T05:59:12","slug":"une-enseignante-tente-de-se-suicider-dans-son-lycee-le-jour-de-la-pre-rentree","status":"publish","type":"post","link":"https:\/\/www.europesays.com\/fr\/353892\/","title":{"rendered":"une enseignante tente de se suicider dans son lyc\u00e9e le jour de la pr\u00e9-rentr\u00e9e"},"content":{"rendered":"<p>La trentenaire a \u00e9t\u00e9 prise en charge par les secours apr\u00e8s avoir tent\u00e9 de se pendre. Ses jours ne sont plus en danger.<\/p>\n<p class=\"fig-paragraph\">Une enseignante a tent\u00e9 de se suicider vendredi, jour de pr\u00e9-rentr\u00e9e, au lyc\u00e9e Cuvier de\u00a0<a href=\"http:\/\/www.lefigaro.fr\/culture\/patrimoine\/une-eglise-medievale-retrouvee-sous-le-plus-vieux-temple-protestant-de-france-a-montbeliard-20250325\" data-fig-type=\"Article\" data-gtm-custom-categorie=\"navigation\" data-gtm-custom-action=\"crossclick\" data-gtm-custom-label=\"Contextuel\" data-gtm-event=\"customEventSPE\" data-fig-domain=\"LEFIGARO\" rel=\"nofollow noopener\" target=\"_blank\">Montb\u00e9liard<\/a>, dans le\u00a0<a href=\"https:\/\/www.lefigaro.fr\/tag\/doubs\" target=\"_blank\" rel=\"sponsored noopener nofollow\" data-gtm-custom-categorie=\"navigation\" data-gtm-custom-action=\"crossclick\" data-gtm-custom-label=\"Contextuel\" data-gtm-event=\"customEventSPE\">Doubs<\/a>, a-t-on appris de la communication de l&rsquo;acad\u00e9mie de Besan\u00e7on et du parquet.<\/p>\n<p class=\"fig-paragraph\">\u00abUne enseignante a tent\u00e9 de mettre fin \u00e0 ses jours dans l&rsquo;\u00e9tablissement ce matin. Elle a \u00e9t\u00e9 imm\u00e9diatement prise en charge par ses coll\u00e8gues et par les services de secours et ses jours ne sont plus en danger\u00bb, a d\u00e9clar\u00e9 \u00e0 l&rsquo;AFP le responsable communication de l&rsquo;acad\u00e9mie de Besan\u00e7on, Guillaume Rivoire, confirmant une information de l&rsquo;Est R\u00e9publicain.<\/p>\n<p>                                    <a class=\"fig-a11y-skip a11y-hidden\" href=\"#fig-a11y-skip-main-inarticle\"><br \/>\n        Passer la publicit\u00e9<br \/>\n    <\/a><\/p>\n<p class=\"fig-paragraph\">Il s&rsquo;agit d&rsquo;une trentenaire qui travaille dans ce lyc\u00e9e g\u00e9n\u00e9ral et technologique depuis plusieurs ann\u00e9es. \u00abIl y a eu une tentative de suicide par pendaison\u00bb mais l&rsquo;enseignante est \u00abhors de danger\u00bb, a indiqu\u00e9 \u00e0 l&rsquo;AFP Fr\u00e9d\u00e9rik Muyle, substitut du procureur de Montb\u00e9liard. La jeune femme avait envoy\u00e9 un mail \u00e0 ses coll\u00e8gues peu avant les faits, a pr\u00e9cis\u00e9 Fr\u00e9d\u00e9rik Muyle.<\/p>\n<p>Cellule d\u2019\u00e9coute<\/p>\n<p class=\"fig-paragraph\">\u00abSon geste a profond\u00e9ment boulevers\u00e9 la communaut\u00e9 de l&rsquo;\u00e9tablissement\u00bb, a d\u00e9clar\u00e9 le responsable communication de l&rsquo;acad\u00e9mie de Besan\u00e7on, expliquant que l&rsquo;inspecteur d&rsquo;acad\u00e9mie, Samuel Rouzet, \u00abs&rsquo;est rendu cet apr\u00e8s-midi dans l&rsquo;\u00e9tablissement\u00bb o\u00f9 une cellule d&rsquo;\u00e9coute a \u00e9t\u00e9 mise en place.<\/p>\n<p class=\"fig-paragraph\">Guillaume Rivoire n&rsquo;a pas souhait\u00e9 apporter de pr\u00e9cisions sur la situation de l&rsquo;enseignante. \u00abNous pensons \u00e0 ses proches et nous leur apportons tout notre soutien\u00bb, a-t-il dit.<\/p>\n","protected":false},"excerpt":{"rendered":"La trentenaire a \u00e9t\u00e9 prise en charge par les secours apr\u00e8s avoir tent\u00e9 de se pendre. Ses jours&hellip;\n","protected":false},"author":2,"featured_media":353893,"comment_status":"","ping_status":"","sticky":false,"template":"","format":"standard","meta":{"footnotes":""},"categories":[4],"tags":[11,11271,1011,27,2633,12,25,5748],"class_list":{"0":"post-353892","1":"post","2":"type-post","3":"status-publish","4":"format-standard","5":"has-post-thumbnail","7":"category-france","8":"tag-actualites","9":"tag-enseignants","10":"tag-fr","11":"tag-france","12":"tag-lycee","13":"tag-news","14":"tag-republique-francaise","15":"tag-suicide"},"share_on_mastodon":{"url":"https:\/\/pubeurope.com\/@fr\/115116190265069764","error":""},"_links":{"self":[{"href":"https:\/\/www.europesays.com\/fr\/wp-json\/wp\/v2\/posts\/353892","targetHints":{"allow":["GET"]}}],"collection":[{"href":"https:\/\/www.europesays.com\/fr\/wp-json\/wp\/v2\/posts"}],"about":[{"href":"https:\/\/www.europesays.com\/fr\/wp-json\/wp\/v2\/types\/post"}],"author":[{"embeddable":true,"href":"https:\/\/www.europesays.com\/fr\/wp-json\/wp\/v2\/users\/2"}],"replies":[{"embeddable":true,"href":"https:\/\/www.europesays.com\/fr\/wp-json\/wp\/v2\/comments?post=353892"}],"version-history":[{"count":0,"href":"https:\/\/www.europesays.com\/fr\/wp-json\/wp\/v2\/posts\/353892\/revisions"}],"wp:featuredmedia":[{"embeddable":true,"href":"https:\/\/www.europesays.com\/fr\/wp-json\/wp\/v2\/media\/353893"}],"wp:attachment":[{"href":"https:\/\/www.europesays.com\/fr\/wp-json\/wp\/v2\/media?parent=353892"}],"wp:term":[{"taxonomy":"category","embeddable":true,"href":"https:\/\/www.europesays.com\/fr\/wp-json\/wp\/v2\/categories?post=353892"},{"taxonomy":"post_tag","embeddable":true,"href":"https:\/\/www.europesays.com\/fr\/wp-json\/wp\/v2\/tags?post=353892"}],"curies":[{"name":"wp","href":"https:\/\/api.w.org\/{rel}","templated":true}]}}