{"id":353899,"date":"2025-08-30T06:06:09","date_gmt":"2025-08-30T06:06:09","guid":{"rendered":"https:\/\/www.europesays.com\/fr\/353899\/"},"modified":"2025-08-30T06:06:09","modified_gmt":"2025-08-30T06:06:09","slug":"football-las-nancy-lorraine-laisse-filer-la-victoire-et-la-premiere-place-2-2-contre-pau","status":"publish","type":"post","link":"https:\/\/www.europesays.com\/fr\/353899\/","title":{"rendered":"Football. L\u2019AS Nancy Lorraine laisse filer la victoire et la premi\u00e8re place (2-2 contre Pau)\u00a0!"},"content":{"rendered":"<p>Nancy &#8211; Pau<\/p>\n<p>2-2<\/p>\n<p>Il est beaucoup question, en ce moment, du vote de confiance sollicit\u00e9 par le Premier ministre Fran\u00e7ois Bayrou, \u00e9galement maire historique de la ville de\u2026 Pau. On est tr\u00e8s loin de la vie politique mais on peut faire confiance \u00e0 l\u2019ASNL pour que cette saison du retour en Ligue 2 soit une r\u00e9ussite. Ce n\u2019est pas l\u2019\u00e9galisation \u00e0 2-2 de Mboup dans le temps additionnel, <a href=\"https:\/\/www.estrepublicain.fr\/sport\/2025\/08\/29\/ligue-2-suivez-le-match-de-l-as-nancy-lorraine-face-a-pau-avec-nous\" target=\"_blank\" rel=\"noopener\">ce vendredi soir<\/a> , qui fera changer d\u2019avis toutes celles et ceux qui ont suivi (\u00e0 la t\u00e9l\u00e9) ce match contre Pau, disput\u00e9 \u00e0 huis clos. La formation au chardon a perdu deux points de mani\u00e8re cruelle mais sa prestation d\u2019ensemble confirme son tr\u00e8s bon d\u00e9but de championnat, avec deux victoires et deux nuls en quatre journ\u00e9es de L2.<\/p>\n<p>Une premi\u00e8re p\u00e9riode pleine de rythme<\/p>\n<p>Autant le rythme du premier match \u00e0 Picot contre&#8230;<\/p>\n","protected":false},"excerpt":{"rendered":"Nancy &#8211; Pau 2-2 Il est beaucoup question, en ce moment, du vote de confiance sollicit\u00e9 par le&hellip;\n","protected":false},"author":2,"featured_media":353900,"comment_status":"","ping_status":"","sticky":false,"template":"","format":"standard","meta":{"footnotes":""},"categories":[9635],"tags":[1111,11,3703,1777,674,63,1011,27,775,1702,12,25,517,1700],"class_list":{"0":"post-353899","1":"post","2":"type-post","3":"status-publish","4":"format-standard","5":"has-post-thumbnail","7":"category-nancy","8":"tag-actu","9":"tag-actualites","10":"tag-asnl","11":"tag-eu","12":"tag-europe","13":"tag-football","14":"tag-fr","15":"tag-france","16":"tag-grand-est","17":"tag-nancy","18":"tag-news","19":"tag-republique-francaise","20":"tag-sport","21":"tag-sport-lorrain"},"share_on_mastodon":{"url":"https:\/\/pubeurope.com\/@fr\/115116217704449871","error":""},"_links":{"self":[{"href":"https:\/\/www.europesays.com\/fr\/wp-json\/wp\/v2\/posts\/353899","targetHints":{"allow":["GET"]}}],"collection":[{"href":"https:\/\/www.europesays.com\/fr\/wp-json\/wp\/v2\/posts"}],"about":[{"href":"https:\/\/www.europesays.com\/fr\/wp-json\/wp\/v2\/types\/post"}],"author":[{"embeddable":true,"href":"https:\/\/www.europesays.com\/fr\/wp-json\/wp\/v2\/users\/2"}],"replies":[{"embeddable":true,"href":"https:\/\/www.europesays.com\/fr\/wp-json\/wp\/v2\/comments?post=353899"}],"version-history":[{"count":0,"href":"https:\/\/www.europesays.com\/fr\/wp-json\/wp\/v2\/posts\/353899\/revisions"}],"wp:featuredmedia":[{"embeddable":true,"href":"https:\/\/www.europesays.com\/fr\/wp-json\/wp\/v2\/media\/353900"}],"wp:attachment":[{"href":"https:\/\/www.europesays.com\/fr\/wp-json\/wp\/v2\/media?parent=353899"}],"wp:term":[{"taxonomy":"category","embeddable":true,"href":"https:\/\/www.europesays.com\/fr\/wp-json\/wp\/v2\/categories?post=353899"},{"taxonomy":"post_tag","embeddable":true,"href":"https:\/\/www.europesays.com\/fr\/wp-json\/wp\/v2\/tags?post=353899"}],"curies":[{"name":"wp","href":"https:\/\/api.w.org\/{rel}","templated":true}]}}