{"id":353901,"date":"2025-08-30T06:07:20","date_gmt":"2025-08-30T06:07:20","guid":{"rendered":"https:\/\/www.europesays.com\/fr\/353901\/"},"modified":"2025-08-30T06:07:20","modified_gmt":"2025-08-30T06:07:20","slug":"on-est-en-securite-ici-cette-famille-juive-a-choisi-de-quitter-toulon-sa-ville-de-toujours-pour-partir-vivre-en-israel","status":"publish","type":"post","link":"https:\/\/www.europesays.com\/fr\/353901\/","title":{"rendered":"\u00ab\u00a0On est en s\u00e9curit\u00e9 ici\u00a0\u00bb: cette famille juive a choisi de quitter Toulon, sa ville de toujours, pour partir vivre en Isra\u00ebl"},"content":{"rendered":"<p>Il y a un an, Magali et Patrick Smadja ont d\u00e9cid\u00e9 de quitter Toulon avec leurs trois enfants pour s\u2019installer en Isra\u00ebl. Cette famille toulonnaise a choisi de refaire sa vie de l\u2019autre c\u00f4t\u00e9 de la M\u00e9diterran\u00e9e. Un aller simple pour la \u00ab\u00a0terre sainte\u00a0\u00bb. Dans un pays en guerre.<\/p>\n<p>\u00ab\u00a0En g\u00e9n\u00e9ral quand il y a la guerre, le pays se vide, car les gens fuient. Pour nous, cela a \u00e9t\u00e9 un \u00e9l\u00e9ment d\u00e9clencheur. Car dans la t\u00eate d\u2019un juif, il se passe exactement l\u2019inverse. M\u00eame si, \u00e0 49 ans, je n\u2019ai plus l\u2019\u00e2ge ni la force d\u2019\u00eatre un combattant, ce choix nous est apparu comme une \u00e9vidence\u00a0\u00bb, t\u00e9moigne Patrick Smadja. Un changement de vie radical.<\/p>\n<p>\u00ab\u00a0On a senti le vent tourner\u00a0\u00bb<\/p>\n<p>\u00ab\u00a0J\u2019ai pass\u00e9 la premi\u00e8re partie de ma vie \u00e0 Toulon, toute ma jeunesse au Mourillon. Ma femme Magali est du Cap Brun\u00a0\u00bb, raconte ce Toulonnais de naissance. A priori, aucune raison de larguer les amarres, loin de la rade. Et pourtant: \u00ab\u00a0Je suis parti parce que je voyais que la politique fran\u00e7aise commen\u00e7ait \u00e0 changer.\u00a0\u00bb<\/p>\n<p>Patrick Smadja ne supportait plus la pression de la rue. \u00ab\u00a0J\u2019habitais au rond-point de Mayol, donc je remontais le port pour aller \u00e0 la synagogue. Et je voyais, tous les samedis, les drapeaux palestiniens agit\u00e9s par des gens qui ont une haine de la France, et aucune \u00e9ducation. \u00c7a commen\u00e7ait \u00e0 sentir mauvais\u2026\u00a0\u00bb<\/p>\n<p>Le Var serait-il devenu invivable \u00e0 ce point pour une famille juive? \u00ab\u00a0Non. Sur l\u2019aire toulonnaise, on est quand m\u00eame pr\u00e9serv\u00e9s. Personnellement on ne m\u2019a jamais emb\u00eat\u00e9 par rapport \u00e0 ma religion. J\u2019ai d\u2019ailleurs plus de copains arabes \u00e0 Toulon que de copains juifs. Mais lorsque je m\u2019occupais des cam\u00e9ras \u00e0 la synagogue de Toulon, on \u00e9tait quand m\u00eame en alerte rouge. Quelques tordus ont m\u00eame voulu y p\u00e9n\u00e9trer.\u00a0\u00bb<\/p>\n<p>La famille Smadja a donc d\u00e9cid\u00e9 de plier bagage l\u2019\u00e9t\u00e9 dernier. Et de quitter Toulon pour s\u2019installer dans l\u2019\u00c9tat h\u00e9breu. \u00ab\u00a0Aujourd\u2019hui on vit \u00e0 Afoula, ce qui signifie la ville de la f\u00e8ve. Une cit\u00e9 en plein d\u00e9veloppement dans la r\u00e9gion d\u2019Ha\u00effa. Ici, c\u2019est en pleine construction de partout.\u00a0\u00bb<\/p>\n<p>              <img ci-src=\"https:\/\/www.varmatin.com\/religion\/protec\/DATA_ART_16155349-UD1XKeVT.jpg?vh=b17259&amp;ci_seal=bb71db65b8\" alt=\"\"\/><br \/>\n        La ville de Afoula, en Isra\u00ebl.  <strong>Photo DR.<\/strong> <\/p>\n<p>Depuis les massacres du 7 octobre 2023 et la guerre d\u00e9clar\u00e9e avec les terroristes du Hamas, Isra\u00ebl accueille de plus en plus de Fran\u00e7ais de confession juive sur son sol. Le nombre d\u2019alya, qui est l&rsquo;immigration en Isra\u00ebl par un Juif, se multiplie.<\/p>\n<p>\u00ab\u00a0Il y a eu une dizaine de familles qui sont arriv\u00e9es, juste avant nous, au mois de juillet 2024. Et encore dix nouvelles familles cette ann\u00e9e. Ce sont tous des Fran\u00e7ais\u00a0\u00bb, t\u00e9moigne le nouvel arrivant.<\/p>\n<p>Entre attaches varoises\u2026<\/p>\n<p>Dans le Var, Patrick Smadja \u00e9tait entrepreneur dans les solutions de s\u00e9curit\u00e9 innovantes. Il d\u00e9veloppait et entretenait des syst\u00e8mes brevet\u00e9s, install\u00e9s \u00e0 Toulon, Le Pradet et Hy\u00e8res, pour \u00ab\u00a0emp\u00eacher camions et caravanes de stationner sur les parkings publics\u00a0\u00bb. \u00ab\u00a0J\u2019\u00e9tais aussi le propri\u00e9taire de l\u2019\u00e9picerie casher Am Deli place Gustave Lambert dans le centre-ville Toulon\u00a0\u00bb, pr\u00e9cise-t-il.<\/p>\n<p>\u00ab\u00a0Quand on est du Mourillon c\u2019est difficile d\u2019en partir. J\u2019ai toujours des biens en France, mes amis et ma famille. Mais c\u2019est un choix que je ne regrette pas. Maintenant que j\u2019habite \u00e0 3.000km de la France, chaque visite pour les vacances me permet de passer des moments encore plus privil\u00e9gi\u00e9s et meilleurs qu\u2019auparavant. On est revenus en juin deux semaines, mais on est finalement rest\u00e9s cinq semaines \u00e0 cause de la guerre avec l\u2019Iran.\u00a0\u00bb<\/p>\n<p>Cet entrepreneur dans l\u2019\u00e2me poss\u00e8de aussi une activit\u00e9 immobili\u00e8re \u00e0 Toulon, notamment dans la r\u00e9novation compl\u00e8te d\u2019immeubles en centre-ville avec des commerces en emplacements n\u00b0 1. \u00ab\u00a0Je travaille par exemple sur la livraison imminente d\u2019un magasin sur 3 \u00e9tages place des halles, avec une grande enseigne nationale\u2026 une surprise dans le grand commerce toulonnais qui sera r\u00e9v\u00e9l\u00e9e tr\u00e8s prochainement.\u00a0\u00bb<\/p>\n<p>&#8230; Et projets en Isra\u00ebl<\/p>\n<p>Mais c\u2019est bien au Proche-Orient qu\u2019il envisage son avenir professionnel: \u00ab\u00a0Aujourd\u2019hui, je pilote des projets urbains \u00e0 vocation commerciale, int\u00e9grant \u00e9galement des r\u00e9sidences touristiques. Ces projets sont port\u00e9s directement avec le maire d\u2019Afula et son \u00e9quipe du d\u00e9veloppement\u00a0\u00bb.<\/p>\n<p>\u00ab\u00a0Un grand cafetier renomm\u00e9 du bassin toulonnais m\u2019a aussi confi\u00e9 le r\u00f4le d\u2019ambassadeur \u00e0 l\u2019export, avec une ouverture vers Isra\u00ebl et le Moyen-Orient.\u00a0\u00bb L\u2019expatri\u00e9 soigne aussi ses r\u00e9seaux: \u00ab\u00a0Je suis \u00e9galement en train de cr\u00e9er un club de networking francophone, destin\u00e9 \u00e0 mettre en relation des professionnels et entrepreneurs pour d\u00e9velopper leurs affaires entre Isra\u00ebl, la France et l\u2019international.\u00a0\u00bb<\/p>\n<p>\u00ab\u00a0On est en s\u00e9curit\u00e9 ici\u00a0\u00bb<\/p>\n<p>Avant de prendre un aller simple pour sa famille, Patrick Smadja a d\u2019abord fait un voyage de reconnaissance dans son pays d\u2019accueil. \u00ab\u00a0J\u2019ai pris des vacances et je suis parti seul pour savoir o\u00f9 aller, pour rep\u00e9rer les lieux. La vie en Isra\u00ebl est simple. Je pense que n\u2019importe quel Toulonnais peut s\u2019adapter facilement. La langue change, mais la mentalit\u00e9 est \u00e0 la toulonnaise; tout le monde se parle facilement. Je baragouine isra\u00e9lien donc je parle essentiellement en fran\u00e7ais, comme beaucoup de gens qui viennent aussi de pays francophones comme le Maroc ou la Tunisie.\u00a0\u00bb<\/p>\n<p>En immigrant en Isra\u00ebl, Patrick a obtenu la double nationalit\u00e9. \u00ab\u00a0En fait quand on fait l\u2019alya, automatiquement on devient franco-isra\u00e9lien. On est pris en charge par le pays qui reconna\u00eet les juifs comme des enfants d\u2019Isra\u00ebl.\u00a0\u00bb<\/p>\n<p>Son \u00e9pouse Magali, 47 ans, \u00e9tait institutrice en France et travaille aujourd\u2019hui toujours dans l\u2019enseignement du fran\u00e7ais. \u00ab\u00a0En famille comme dans mes projets, nous pla\u00e7ons l\u2019\u00e9ducation et la transmission au c\u0153ur de nos valeurs\u00a0\u00bb, soutient Patrick. Ensemble, ils ont eu trois enfants: Lisa, 19 ans, Gabriel, 18 ans, et Jonah, 13 ans. Ils ont tous appris l\u2019h\u00e9breu en six mois.<\/p>\n<p>\u00ab\u00a0Avant qu\u2019on parte, mes enfants voulaient d\u00e9j\u00e0 partir eux-m\u00eames pour faire leurs \u00e9tudes en Isra\u00ebl. Les deux grands vont entrer \u00e0 l\u2019arm\u00e9e. Mon fils en ao\u00fbt prochain. Et ma fille va travailler dans les h\u00f4pitaux. C\u2019est comme un service civil, elle va donner deux ann\u00e9es en h\u00f4pital \u00e0 J\u00e9rusalem. Elle veut devenir orthodontiste. Elle donne au pays, apprend une rigueur et aussi son futur m\u00e9tier. Je sais qu\u2019elle aura un avenir ici.\u00a0\u00bb<\/p>\n<p>Quant au contexte international de guerre avec le Hamas, Patrick l\u2019assure: \u00ab\u00a0Je suis r\u00e9serviste pour la police, on fait des gardes. En fait tout le monde est mobilis\u00e9 et met du sien pour que \u00e7a se passe bien. Bien que ce soit un pays en guerre, on se sent tr\u00e8s en s\u00e9curit\u00e9 ici.\u00a0\u00bb<\/p>\n","protected":false},"excerpt":{"rendered":"Il y a un an, Magali et Patrick Smadja ont d\u00e9cid\u00e9 de quitter Toulon avec leurs trois enfants&hellip;\n","protected":false},"author":2,"featured_media":353902,"comment_status":"","ping_status":"","sticky":false,"template":"","format":"standard","meta":{"footnotes":""},"categories":[9619],"tags":[1111,11,1777,674,1011,27,12,882,4020,25,2310,3366],"class_list":{"0":"post-353901","1":"post","2":"type-post","3":"status-publish","4":"format-standard","5":"has-post-thumbnail","7":"category-toulon","8":"tag-actu","9":"tag-actualites","10":"tag-eu","11":"tag-europe","12":"tag-fr","13":"tag-france","14":"tag-news","15":"tag-provence-alpes-cote-dazur","16":"tag-religion","17":"tag-republique-francaise","18":"tag-toulon","19":"tag-vie-locale"},"share_on_mastodon":{"url":"https:\/\/pubeurope.com\/@fr\/115116221751700972","error":""},"_links":{"self":[{"href":"https:\/\/www.europesays.com\/fr\/wp-json\/wp\/v2\/posts\/353901","targetHints":{"allow":["GET"]}}],"collection":[{"href":"https:\/\/www.europesays.com\/fr\/wp-json\/wp\/v2\/posts"}],"about":[{"href":"https:\/\/www.europesays.com\/fr\/wp-json\/wp\/v2\/types\/post"}],"author":[{"embeddable":true,"href":"https:\/\/www.europesays.com\/fr\/wp-json\/wp\/v2\/users\/2"}],"replies":[{"embeddable":true,"href":"https:\/\/www.europesays.com\/fr\/wp-json\/wp\/v2\/comments?post=353901"}],"version-history":[{"count":0,"href":"https:\/\/www.europesays.com\/fr\/wp-json\/wp\/v2\/posts\/353901\/revisions"}],"wp:featuredmedia":[{"embeddable":true,"href":"https:\/\/www.europesays.com\/fr\/wp-json\/wp\/v2\/media\/353902"}],"wp:attachment":[{"href":"https:\/\/www.europesays.com\/fr\/wp-json\/wp\/v2\/media?parent=353901"}],"wp:term":[{"taxonomy":"category","embeddable":true,"href":"https:\/\/www.europesays.com\/fr\/wp-json\/wp\/v2\/categories?post=353901"},{"taxonomy":"post_tag","embeddable":true,"href":"https:\/\/www.europesays.com\/fr\/wp-json\/wp\/v2\/tags?post=353901"}],"curies":[{"name":"wp","href":"https:\/\/api.w.org\/{rel}","templated":true}]}}