{"id":353905,"date":"2025-08-30T06:09:10","date_gmt":"2025-08-30T06:09:10","guid":{"rendered":"https:\/\/www.europesays.com\/fr\/353905\/"},"modified":"2025-08-30T06:09:10","modified_gmt":"2025-08-30T06:09:10","slug":"il-continue-a-conduire-malgre-lannulation-de-son-permis-en-2022-un-pere-de-famille-interpelle-a-montpellier","status":"publish","type":"post","link":"https:\/\/www.europesays.com\/fr\/353905\/","title":{"rendered":"Il continue \u00e0 conduire malgr\u00e9 l\u2019annulation de son permis en 2022\u00a0: un p\u00e8re de famille interpell\u00e9 \u00e0 Montpellier"},"content":{"rendered":"<p>\n                                                                Le mis en cause, contr\u00f4l\u00e9 par la police municipale dans le quartier Lemasson, t\u00e9l\u00e9phonait en conduisant et \u00e9tait positif au cannabis.\n                            <\/p>\n<p>Un homme qui circulait sans permis de conduire depuis avril\u00a02022 a \u00e9t\u00e9 interpell\u00e9 mercredi 27\u00a0ao\u00fbt vers 15\u00a0h boulevard Pedro-de-Luna, dans le quartier Lemasson \u00e0 Montpellier.<\/p>\n<p>Il prend le volant \u00e0 la place de ses coll\u00e8gues<\/p>\n<p>En patrouille, la police municipale l\u2019a aper\u00e7u alors qu\u2019il\u00a0t\u00e9l\u00e9phonait en conduisant. Contr\u00f4l\u00e9, ce dernier se r\u00e9v\u00e8le \u00eatre multir\u00e9cidiviste. Les trois d\u00e9lits routiers \u00e0 son actif sont toujours les m\u00eames\u00a0: il prend le volant \u00e0 la place de ses coll\u00e8gues sous pr\u00e9texte que ces derniers ne peuvent pas conduire, et ce, malgr\u00e9 l\u2019annulation de son permis.<\/p>\n<p>Une version qu\u2019il a \u00e0 nouveau donn\u00e9e lors de son placement en garde \u00e0 vue. Le mis en cause s\u2019est r\u00e9v\u00e9l\u00e9 en outre positif au THC (cannabis).<\/p>\n<p>Ce Montpelli\u00e9rain de 34 ans, p\u00e8re de famille, a \u00e9t\u00e9 d\u00e9f\u00e9r\u00e9 le 29\u00a0ao\u00fbt en vue d\u2019une comparution sur reconnaissance pr\u00e9alable de culpabilit\u00e9.<\/p>\n","protected":false},"excerpt":{"rendered":"Le mis en cause, contr\u00f4l\u00e9 par la police municipale dans le quartier Lemasson, t\u00e9l\u00e9phonait en conduisant et \u00e9tait&hellip;\n","protected":false},"author":2,"featured_media":353906,"comment_status":"","ping_status":"","sticky":false,"template":"","format":"standard","meta":{"footnotes":""},"categories":[9599],"tags":[1111,11,1777,674,1011,27,2208,12,2680,25],"class_list":{"0":"post-353905","1":"post","2":"type-post","3":"status-publish","4":"format-standard","5":"has-post-thumbnail","7":"category-montpellier","8":"tag-actu","9":"tag-actualites","10":"tag-eu","11":"tag-europe","12":"tag-fr","13":"tag-france","14":"tag-montpellier","15":"tag-news","16":"tag-occitanie","17":"tag-republique-francaise"},"share_on_mastodon":{"url":"https:\/\/pubeurope.com\/@fr\/115116229534695324","error":""},"_links":{"self":[{"href":"https:\/\/www.europesays.com\/fr\/wp-json\/wp\/v2\/posts\/353905","targetHints":{"allow":["GET"]}}],"collection":[{"href":"https:\/\/www.europesays.com\/fr\/wp-json\/wp\/v2\/posts"}],"about":[{"href":"https:\/\/www.europesays.com\/fr\/wp-json\/wp\/v2\/types\/post"}],"author":[{"embeddable":true,"href":"https:\/\/www.europesays.com\/fr\/wp-json\/wp\/v2\/users\/2"}],"replies":[{"embeddable":true,"href":"https:\/\/www.europesays.com\/fr\/wp-json\/wp\/v2\/comments?post=353905"}],"version-history":[{"count":0,"href":"https:\/\/www.europesays.com\/fr\/wp-json\/wp\/v2\/posts\/353905\/revisions"}],"wp:featuredmedia":[{"embeddable":true,"href":"https:\/\/www.europesays.com\/fr\/wp-json\/wp\/v2\/media\/353906"}],"wp:attachment":[{"href":"https:\/\/www.europesays.com\/fr\/wp-json\/wp\/v2\/media?parent=353905"}],"wp:term":[{"taxonomy":"category","embeddable":true,"href":"https:\/\/www.europesays.com\/fr\/wp-json\/wp\/v2\/categories?post=353905"},{"taxonomy":"post_tag","embeddable":true,"href":"https:\/\/www.europesays.com\/fr\/wp-json\/wp\/v2\/tags?post=353905"}],"curies":[{"name":"wp","href":"https:\/\/api.w.org\/{rel}","templated":true}]}}