{"id":353911,"date":"2025-08-30T06:13:10","date_gmt":"2025-08-30T06:13:10","guid":{"rendered":"https:\/\/www.europesays.com\/fr\/353911\/"},"modified":"2025-08-30T06:13:10","modified_gmt":"2025-08-30T06:13:10","slug":"baptemes-nautiques-regates-et-ambiance-decontractee-au-village-depart-de-la-solitaire-du-figaro-de-retour-a-rouen","status":"publish","type":"post","link":"https:\/\/www.europesays.com\/fr\/353911\/","title":{"rendered":"Bapt\u00eames nautiques, r\u00e9gates et ambiance d\u00e9contract\u00e9e au village d\u00e9part de la Solitaire du Figaro, de retour \u00e0 Rouen"},"content":{"rendered":"<p class=\"paragraph text_align_left lp-f-body-02\">Apr\u00e8s <a href=\"https:\/\/www.leparisien.fr\/seine-maritime-76\/voile-rouen-port-dattache-de-la-solitaire-pour-seduire-davantage-de-public-16-08-2024-LSGWTEV4ZRDO5ECP56BNAPXBQM.php\" target=\"_blank\" rel=\"noreferrer noopener\">s\u2019\u00eatre d\u00e9j\u00e0 install\u00e9 sur les quais de Rouen (Seine-Maritime) l\u2019\u00e9t\u00e9 dernier<\/a>, le village d\u00e9part de la Solitaire du Figaro Paprec est de retour le long des quais rouennais du 30 ao\u00fbt au 5 septembre, avant de rejoindre en convoyage le port du Havre (Seine-Maritime) pour le d\u00e9part officiel de la course donn\u00e9 en baie de Seine le 7 septembre. Suivra un parcours de 1 850 miles nautiques, en quatre \u00e9tapes, pour rejoindre un autre port normand, Saint-Vaast-la-Hougue (Manche) en passant par la baie de Morlaix (Finist\u00e8re) et Vigo en Espagne.<\/p>\n<p class=\"paragraph text_align_left lp-f-body-02\">\u00ab L\u2019ann\u00e9e derni\u00e8re, l\u2019accueil r\u00e9serv\u00e9 \u00e0 nos skippers par le public rouennais a \u00e9t\u00e9 formidable \u00bb, salue Julie Coutts, la directrice g\u00e9n\u00e9rale d\u2019OC Sport Pen Duick, en charge de l\u2019organisation de l\u2019\u00e9v\u00e9nement. \u00ab Et lorsque la M\u00e9tropole rouennaise nous a fait part de son int\u00e9r\u00eat pour nous accueillir \u00e0 nouveau, nous n\u2019avons pas h\u00e9sit\u00e9. \u00bb<\/p>\n<p class=\"paragraph text_align_left lp-f-body-02\">Habitu\u00e9s <a href=\"https:\/\/www.leparisien.fr\/seine-maritime-76\/armada-de-rouen-voir-ces-voiliers-ca-fait-rever-on-a-limpression-de-voyager-dans-le-temps-10-06-2023-V7TD6IQQRFDM3K7RHR4E3LWTKQ.php\" target=\"_blank\" rel=\"noreferrer noopener\">aux voiliers XXL de l\u2019Armada<\/a>, les Rouennais ont visiblement appr\u00e9ci\u00e9 la proximit\u00e9 avec les marins de la c\u00e9l\u00e8bre course \u00e0 la voile en solitaire, m\u00eame si leur monocoque \u00ab Figaro 3 \u00bb n\u2019est pas aussi impressionnant.<\/p>\n<p class=\"paragraph text_align_left lp-f-body-02\">\u00ab C\u2019\u00e9tait tr\u00e8s d\u00e9contract\u00e9 \u00bb, se souvient Marc, pr\u00e9sent sur le site l\u2019ann\u00e9e derni\u00e8re. \u00ab On pouvait discuter avec les concurrents, parler de leur passion pour la voile, de leurs exp\u00e9riences sur les pr\u00e9c\u00e9dentes \u00e9ditions. Et puis, parmi les plus jeunes, il y a peut-\u00eatre de futurs grands noms qu\u2019on aura rencontr\u00e9 avant qu\u2019ils soient c\u00e9l\u00e8bres. \u00bb Lui comme sa femme ont d\u00e9j\u00e0 pr\u00e9vu d\u2019aller \u00e0 nouveau sur le village d\u00e9part.<\/p>\n<p>Des animations toute la semaine<\/p>\n<p class=\"paragraph text_align_left lp-f-body-02\">\u00ab Lors de la pr\u00e9c\u00e9dente \u00e9dition nous avions relev\u00e9 quelques d\u00e9fis logistiques, notamment la descente de la Seine, pour \u00eatre pr\u00e9sent \u00e0 Rouen. Fort de cette exp\u00e9rience, nous avons pu nous concentrer sur d\u2019autres aspects, comme l\u2019animation du site que nous avons renforc\u00e9e cette ann\u00e9e, avec des concerts, des DJ\u2019s\u2026 \u00bb, continue Julie Coutts, qui a \u00e9galement pr\u00e9vu un temps d\u2019\u00e9changes quotidien entre les skippers et le public. \u00ab L\u2019avantage de s\u2019installer sur les quais rouennais, c\u2019est que les voiliers et le village sont au m\u00eame endroit. Cela cr\u00e9e un ensemble tr\u00e8s coh\u00e9rent ce qui n\u2019est pas toujours possible ailleurs. \u00bb<\/p>\n<p class=\"paragraph text_align_left lp-f-body-02\">Autre plus selon elle, l\u2019implication des associations locales qui proposent des bapt\u00eames de voiliers et des mini-r\u00e9gates durant toute la semaine : \u00ab Ce sera un peu diff\u00e9rent de 2024 o\u00f9 nous \u00e9tions pr\u00e9sents \u00e0 la mi-ao\u00fbt. On esp\u00e8re pouvoir toucher des scolaires en cette semaine de rentr\u00e9e des classes ou tout simplement des gens qui n\u2019avaient pas pu \u00eatre l\u00e0 car ils \u00e9taient partis en vacances. \u00bb<\/p>\n<p class=\"paragraph text_align_left lp-f-body-02\">De quoi revenir en Normandie d\u00e8s l\u2019ann\u00e9e prochaine ? \u00ab Nous avons toujours envie de nous inscrire dans la dur\u00e9e avec nos partenaires, tout en offrant des terrains de jeu diff\u00e9rents chaque ann\u00e9e aux participants \u00bb, temp\u00e8re Julie Coutts. \u00ab Mais il est certain que, sur le long terme, la Figaro-Paprec reviendra une ann\u00e9e ou l\u2019autre \u00e0 Rouen. \u00bb<\/p>\n<p class=\"paragraph text_align_left lp-f-body-02\">Pratique : la <a href=\"https:\/\/www.lasolitaire.com\/escale-rouen\" target=\"_blank\" rel=\"noreferrer noopener\">Solitaire du Figaro Paprec fait escale \u00e0 Rouen<\/a>, quai Gaston Boulet, de ce samedi 30 ao\u00fbt 2025 jusqu\u2019au 5 septembre prochain. Le plan du village, les horaires d\u2019ouverture ainsi que le programme complet des animations et des temps forts, sont disponibles sur le site de la course.<\/p>\n","protected":false},"excerpt":{"rendered":"Apr\u00e8s s\u2019\u00eatre d\u00e9j\u00e0 install\u00e9 sur les quais de Rouen (Seine-Maritime) l\u2019\u00e9t\u00e9 dernier, le village d\u00e9part de la Solitaire&hellip;\n","protected":false},"author":2,"featured_media":353912,"comment_status":"","ping_status":"","sticky":false,"template":"","format":"standard","meta":{"footnotes":""},"categories":[9587],"tags":[1111,11,459,1777,674,1011,27,12,5161,25,9590,11074,60],"class_list":{"0":"post-353911","1":"post","2":"type-post","3":"status-publish","4":"format-standard","5":"has-post-thumbnail","7":"category-rouen","8":"tag-actu","9":"tag-actualites","10":"tag-departements-horsidfo","11":"tag-eu","12":"tag-europe","13":"tag-fr","14":"tag-france","15":"tag-news","16":"tag-normandie","17":"tag-republique-francaise","18":"tag-rouen","19":"tag-seine-maritime-76","20":"tag-sports"},"share_on_mastodon":{"url":"https:\/\/pubeurope.com\/@fr\/115116245279668565","error":""},"_links":{"self":[{"href":"https:\/\/www.europesays.com\/fr\/wp-json\/wp\/v2\/posts\/353911","targetHints":{"allow":["GET"]}}],"collection":[{"href":"https:\/\/www.europesays.com\/fr\/wp-json\/wp\/v2\/posts"}],"about":[{"href":"https:\/\/www.europesays.com\/fr\/wp-json\/wp\/v2\/types\/post"}],"author":[{"embeddable":true,"href":"https:\/\/www.europesays.com\/fr\/wp-json\/wp\/v2\/users\/2"}],"replies":[{"embeddable":true,"href":"https:\/\/www.europesays.com\/fr\/wp-json\/wp\/v2\/comments?post=353911"}],"version-history":[{"count":0,"href":"https:\/\/www.europesays.com\/fr\/wp-json\/wp\/v2\/posts\/353911\/revisions"}],"wp:featuredmedia":[{"embeddable":true,"href":"https:\/\/www.europesays.com\/fr\/wp-json\/wp\/v2\/media\/353912"}],"wp:attachment":[{"href":"https:\/\/www.europesays.com\/fr\/wp-json\/wp\/v2\/media?parent=353911"}],"wp:term":[{"taxonomy":"category","embeddable":true,"href":"https:\/\/www.europesays.com\/fr\/wp-json\/wp\/v2\/categories?post=353911"},{"taxonomy":"post_tag","embeddable":true,"href":"https:\/\/www.europesays.com\/fr\/wp-json\/wp\/v2\/tags?post=353911"}],"curies":[{"name":"wp","href":"https:\/\/api.w.org\/{rel}","templated":true}]}}