{"id":353913,"date":"2025-08-30T06:14:09","date_gmt":"2025-08-30T06:14:09","guid":{"rendered":"https:\/\/www.europesays.com\/fr\/353913\/"},"modified":"2025-08-30T06:14:09","modified_gmt":"2025-08-30T06:14:09","slug":"eric-piolle-publie-des-cartes-qui-font-debat-une-experte-repond","status":"publish","type":"post","link":"https:\/\/www.europesays.com\/fr\/353913\/","title":{"rendered":"\u00c9ric Piolle publie des cartes qui font d\u00e9bat, une experte r\u00e9pond"},"content":{"rendered":"<p>            Par<br \/>\n        <strong><br \/>\n            <a href=\"https:\/\/actu.fr\/auteur\/emma-ressegaire\" title=\"Consulter tous les articles de Emma Ressegaire\" target=\"_blank\" rel=\"noopener\">Emma Ressegaire<\/a><br \/>\n        <\/strong><\/p>\n<p>        Publi\u00e9 le<\/p>\n<p>            30 ao\u00fbt 2025 \u00e0 7h32        <\/p>\n<p>Le maire \u00e9cologiste de <a href=\"https:\/\/actu.fr\/grenoble\/\" target=\"_blank\" rel=\"noopener\">Grenoble<\/a>, \u00c9ric Piolle, a post\u00e9 une publication sur les r\u00e9seaux sociaux qui <strong>a fait r\u00e9agir bon nombre d\u2019internautes, <\/strong>ce mercredi 27 ao\u00fbt. Dans cette derni\u00e8re, l\u2019\u00e9lu explique qu\u2019entre 2017 et 2024, <strong>une baisse de 44 % de dioxyde d\u2019azote<\/strong> a \u00e9t\u00e9 constat\u00e9e dans la ville. Une r\u00e9duction alors majeure de la pollution de l\u2019air.<br \/>Nous avons demand\u00e9 \u00e0 une experte ce qu\u2019elle pensait de ces r\u00e9sultats dont Eric Piolle s\u2019accordent les cr\u00e9dits et que d\u2019autres contestent.<\/p>\n<p class=\" wall-content\">Puisque d\u2019apr\u00e8s le maire grenoblois, cette importante diminution serait <strong>le r\u00e9sultat de sa politique<\/strong> men\u00e9e depuis le d\u00e9but de son mandat.<\/p>\n<p class=\" wall-content\">\u00ab\u00a0Ces r\u00e9sultats sont le fruit d\u2019actions de long terme men\u00e9es avec constance : am\u00e9nagements urbains en faveur d\u2019une meilleure qualit\u00e9 de vie (pi\u00e9tonnisations, places aux enfants), <strong>d\u00e9veloppement des mobilit\u00e9s actives<\/strong> (v\u00e9lo, marche), g\u00e9n\u00e9ralisation du 30 km\/h sur la plupart des axes routiers et limitation progressive des v\u00e9hicules les plus polluants et \u00e9lectrification du parc motoris\u00e9\u00a0\u00bb, \u00e9num\u00e8re l\u2019\u00e9cologiste.<\/p>\n<p>Des chiffres corrects ?<\/p>\n<p class=\" wall-content\">Rapidement, de nombreux commentaires ont \u00e9t\u00e9 post\u00e9s sous sa publication. <strong>Beaucoup doutent de la v\u00e9racit\u00e9 de ces propos.<\/strong> Certains \u00e9voquent le fait que ces cartes n\u2019ont pas \u00e9t\u00e9 prises au m\u00eame moment, d\u2019autres parlent du passage du Covid ou encore d\u2019une tendance nationale.<\/p>\n<p class=\" wall-content\">Pour <strong>d\u00e9m\u00ealer le vrai du faux<\/strong>, actu Grenoble s\u2019est entretenu avec Gladys Mary, la correspondante territoriale d\u2019Atmo Auvergne-Rh\u00f4ne-Alpes en Is\u00e8re.<\/p>\n<p class=\" wall-content\">Cette derni\u00e8re nous confirme que <strong>les chiffres \u00e9voqu\u00e9s par \u00c9ric Piolle sont bons<\/strong>. Ils proviennent directement de leurs donn\u00e9es, plus pr\u00e9cis\u00e9ment de la station de mesure \u00ab\u00a0grand boulevard\u00a0\u00bb qui se situe en proximit\u00e9 routi\u00e8re.\u00a0<\/p>\n<p class=\" wall-content\">Les cartes publi\u00e9es par le maire de Grenoble repr\u00e9sentent des <strong>moyennes annuelles du dioxyde d\u2019azote<\/strong> dans l\u2019air ambiant. Ainsi, une carte n\u2019a pas \u00e9t\u00e9 prise en plein mois de janvier et une autre en plein milieu d\u2019ao\u00fbt.<\/p>\n<p>Votre r\u00e9gion, votre actu !<\/p>\n<p>Recevez chaque jour les infos qui comptent pour vous.<\/p>\n<p>\t<a href=\"https:\/\/actu.fr\/newsletter\" class=\"ac-btn ac-btn--corner ac-btn--medium ac-btn--blue800\" target=\"_blank\" rel=\"noopener\">S&rsquo;incrire<\/a><\/p>\n<p>    <a href=\"https:\/\/www.facebook.com\/plugins\/post.php?href=https%3A%2F%2Fwww.facebook.com%2Fericpiolle%2Fposts%2Fpfbid02a49cScbux5f344C5zt7LZqaL8tLHzmSSzwmTTpBgpSFj2YphwdgitHJw8yoHwnKKl&amp;show_text=true&amp;width=350\" title=\"Ouvrie le lien\" target=\"_blank\" rel=\"noopener\">Cliquez ici pour visualiser le contenu<\/a><\/p>\n<p>Une baisse li\u00e9e aux actions locales ?<\/p>\n<p class=\" wall-content\">Mais alors, la mise en place de mesures (comme la pi\u00e9tonnisation, les 30 km\/h, etc) sont-elles les causes de cette baisse de 44 % ? La r\u00e9ponse est oui mais pas totalement.<\/p>\n<p class=\" wall-content\">\u00ab\u00a0<strong>Partout en France, on constate des baisses de dioxyde d\u2019azote<\/strong> sur cette p\u00e9riode-l\u00e0. Mais localement, \u00e0 Grenoble, comme on a des am\u00e9nagements sp\u00e9cifiques qui ont \u00e9t\u00e9 faits, il y a une diminution encore plus importante des concentrations de dioxyde d\u2019azote\u00a0\u00bb, nous explique Gladys Mary.\u00a0<\/p>\n<p class=\" wall-content\">En somme, quand une am\u00e9lioration est constat\u00e9e sur un territoire, elle est forc\u00e9ment li\u00e9e \u00e0 des <strong>effets locaux, r\u00e9gionaux, voire nationaux<\/strong>. Par exemple, les industriels ont \u00e9t\u00e9 oblig\u00e9s de faire des v\u00e9hicules moins polluants, ce qui a contribu\u00e9 \u00e0 cette baisse de dioxyde d\u2019azote.<\/p>\n<p class=\" wall-content\">Enfin, concernant la crise sanitaire du Covid-19, il y a eu une <strong>grosse baisse en 2020<\/strong> lors du confinement puis c\u2019est ensuite reparti un peu \u00e0 la hausse. \u00ab\u00a0Cela est remont\u00e9 en 2021-2022 mais les concentrations sont redescendues en 2023-2024. On est vraiment sur une tendance \u00e0 la baisse\u00a0\u00bb, nous confie l\u2019experte.<\/p>\n<p class=\" wall-content\">Personnalisez votre actualit\u00e9 en ajoutant vos villes et m\u00e9dias en favori avec <a href=\"https:\/\/moncompte.actu.fr\" title=\"D\u00e9couvez Mon Actu\" rel=\"nofollow noopener\" data-trk=\"{&quot;cta&quot;:{&quot;action&quot;:&quot;https:\\\/\\\/moncompte.actu.fr&quot;,&quot;category&quot;:&quot;mon compte&quot;,&quot;from&quot;:&quot;article footer&quot;,&quot;name&quot;:&quot;Mon actu&quot;,&quot;type&quot;:&quot;cta&quot;}}\" target=\"_blank\">Mon Actu<\/a>.<\/p>\n","protected":false},"excerpt":{"rendered":"Par Emma Ressegaire Publi\u00e9 le 30 ao\u00fbt 2025 \u00e0 7h32 Le maire \u00e9cologiste de Grenoble, \u00c9ric Piolle, a&hellip;\n","protected":false},"author":2,"featured_media":305116,"comment_status":"","ping_status":"","sticky":false,"template":"","format":"standard","meta":{"footnotes":""},"categories":[9566],"tags":[1111,11,2430,9607,1777,674,1011,27,2731,12,52,1800,25],"class_list":{"0":"post-353913","1":"post","2":"type-post","3":"status-publish","4":"format-standard","5":"has-post-thumbnail","7":"category-grenoble","8":"tag-actu","9":"tag-actualites","10":"tag-auvergne-rhone-alpes","11":"tag-eric-piolle","12":"tag-eu","13":"tag-europe","14":"tag-fr","15":"tag-france","16":"tag-grenoble","17":"tag-news","18":"tag-planete","19":"tag-pollution","20":"tag-republique-francaise"},"share_on_mastodon":{"url":"https:\/\/pubeurope.com\/@fr\/115116249319716588","error":""},"_links":{"self":[{"href":"https:\/\/www.europesays.com\/fr\/wp-json\/wp\/v2\/posts\/353913","targetHints":{"allow":["GET"]}}],"collection":[{"href":"https:\/\/www.europesays.com\/fr\/wp-json\/wp\/v2\/posts"}],"about":[{"href":"https:\/\/www.europesays.com\/fr\/wp-json\/wp\/v2\/types\/post"}],"author":[{"embeddable":true,"href":"https:\/\/www.europesays.com\/fr\/wp-json\/wp\/v2\/users\/2"}],"replies":[{"embeddable":true,"href":"https:\/\/www.europesays.com\/fr\/wp-json\/wp\/v2\/comments?post=353913"}],"version-history":[{"count":0,"href":"https:\/\/www.europesays.com\/fr\/wp-json\/wp\/v2\/posts\/353913\/revisions"}],"wp:featuredmedia":[{"embeddable":true,"href":"https:\/\/www.europesays.com\/fr\/wp-json\/wp\/v2\/media\/305116"}],"wp:attachment":[{"href":"https:\/\/www.europesays.com\/fr\/wp-json\/wp\/v2\/media?parent=353913"}],"wp:term":[{"taxonomy":"category","embeddable":true,"href":"https:\/\/www.europesays.com\/fr\/wp-json\/wp\/v2\/categories?post=353913"},{"taxonomy":"post_tag","embeddable":true,"href":"https:\/\/www.europesays.com\/fr\/wp-json\/wp\/v2\/tags?post=353913"}],"curies":[{"name":"wp","href":"https:\/\/api.w.org\/{rel}","templated":true}]}}