{"id":353916,"date":"2025-08-30T06:16:12","date_gmt":"2025-08-30T06:16:12","guid":{"rendered":"https:\/\/www.europesays.com\/fr\/353916\/"},"modified":"2025-08-30T06:16:12","modified_gmt":"2025-08-30T06:16:12","slug":"un-ras-le-bol-de-letat-jacobin","status":"publish","type":"post","link":"https:\/\/www.europesays.com\/fr\/353916\/","title":{"rendered":"Un ras-le-bol de l\u2019\u00c9tat jacobin\u00a0?"},"content":{"rendered":"<p>Un sondage de l\u2019Ifop, d\u00e9voil\u00e9 ce lundi, r\u00e9v\u00e8le un quasi-consensus parmi les sond\u00e9s pour rejeter le centralisme et l\u2019uniformisation culturelle et exprimer une aspiration forte au renforcement politique des r\u00e9gions. La diversit\u00e9 des questions donne un panorama exhaustif de la place de la question r\u00e9gionale dans l\u2019opinion publique fran\u00e7aise et bretonne.<\/p>\n<p><img decoding=\"async\" src=\"https:\/\/www.europesays.com\/fr\/wp-content\/uploads\/2025\/08\/68b1e23ba4434d88e3068f44.1.jpeg\" width=\"480\" height=\"300\" class=\"web_golden_m\" loading=\"lazy\" alt=\"Le Dr. Tudi Kernalegenn est directeur d\u2019association et enseignant-chercheur \u00e0 Sciences Po Rennes.\"\/>Le Dr. Tudi Kernalegenn est directeur d\u2019association et enseignant-chercheur \u00e0 Sciences Po Rennes. (Photo collection Tudi Kernalegenn)<\/p>\n<p>Les questions sur l\u2019identit\u00e9 ne r\u00e9v\u00e8lent pas de grandes surprises, en tout cas en Bretagne, m\u00eame si les chiffres permettent d\u2019objectiver et de caract\u00e9riser certaines aspirations et tendances\u00a0: 87\u00a0% des Bretons souhaitent l\u2019enseignement de leur histoire \u00e0 l\u2019\u00e9cole, 74\u00a0% sont favorables \u00e0 la coofficialit\u00e9 du breton, 57\u00a0% soutiennent m\u00eame son enseignement obligatoire \u00e0 l\u2019\u00e9cole\u2026 La nouveaut\u00e9, et donc, peut-\u00eatre, le principal int\u00e9r\u00eat du sondage, est ailleurs.<\/p>\n<p>Sur certains sujets, les Bretons semblent singuli\u00e8rement m\u00e9contents. Ainsi, 89\u00a0% des Bretons estiment que l\u2019\u00c9tat central est trop d\u00e9connect\u00e9 des r\u00e9alit\u00e9s locales\u00a0; 89\u00a0% pensent que l\u2019activit\u00e9 des m\u00e9dias se concentre trop sur ce qui se passe \u00e0 Paris\u00a0; seuls 29\u00a0% des sond\u00e9s estiment que les besoins de leur r\u00e9gion sont bien pris en compte par le gouvernement\u2026 Ce sont des chiffres massifs, r\u00e9v\u00e9lateurs d\u2019une rupture entre les Bretons et le pouvoir politique central, sous-entendant que les m\u00e9contentements exprim\u00e9s au moment des bonnets rouges (2013-2014) n\u2019ont fait que se renforcer depuis. D\u2019o\u00f9, notamment, une demande de plus en plus affirm\u00e9e d\u2019\u00e9volutions institutionnelles.<\/p>\n<p>77\u00a0% des Bretons estiment que les collectivit\u00e9s locales n\u2019ont pas assez de pouvoir (et la Bretagne est la r\u00e9gion la plus revendicative sur ce sujet). 84\u00a0% sont favorables \u00e0 ce que les r\u00e9gions puissent adapter les lois nationales pour tenir compte des r\u00e9alit\u00e9s locales (r\u00e9gion la plus exigeante sur le sujet avec la Corse et l\u2019Alsace). 78\u00a0% soutiennent l\u2019id\u00e9e que la France devienne un \u00c9tat f\u00e9d\u00e9ral. M\u00eame le concept d\u2019autonomie semble d\u00e9sormais accept\u00e9, avec 63\u00a0% des Bretons sond\u00e9s favorables, alors que ce terme \u00e9tait longtemps tabou.<\/p>\n<p>Le 8 avril 2022, le conseil r\u00e9gional de Bretagne votait \u00e0 la quasi-unanimit\u00e9 un v\u0153u appelant \u00e0 \u00ab\u00a0entamer des discussions pour la d\u00e9finition d\u2019un possible mod\u00e8le d\u2019autonomie pour la Bretagne\u00a0\u00bb. Seuls les \u00e9lus d\u2019extr\u00eame-droite avaient vot\u00e9 contre\u00a0; or, aujourd\u2019hui, m\u00eame l\u2019\u00e9lectorat du RN semble particuli\u00e8rement revendicatif en la mati\u00e8re. Ce v\u0153u n\u2019a, pour l\u2019instant, d\u00e9bouch\u00e9 sur aucune \u00e9volution. Pourtant, il serait dangereux d\u2019ignorer cette aspiration \u00e0 une d\u00e9mocratie plus dynamique et locale en Bretagne.<\/p>\n<p>En Europe occidentale, la France est le seul pays rest\u00e9 sur un mod\u00e8le centralis\u00e9 et uniformisateur, avec un pouvoir concentr\u00e9 \u00e0 Paris et, dans une large mesure, entre les mains de la haute fonction publique d\u2019\u00c9tat, dans les cabinets minist\u00e9riels, au conseil constitutionnel ou au conseil d\u2019\u00c9tat.<\/p>\n<p>Le temps est peut-\u00eatre venu de mettre fin \u00e0 cette peu glorieuse exception fran\u00e7aise en entamant, plus de 40 ans apr\u00e8s les lois de d\u00e9centralisation de 1982, une nouvelle \u00e9tape pour une transformation en profondeur de la R\u00e9publique fran\u00e7aise, renfor\u00e7ant consid\u00e9rablement les r\u00e9gions et rapprochant le pouvoir des citoyens. Et pourquoi pas sur une base f\u00e9d\u00e9raliste, comme presque tous nos voisins\u00a0?<\/p>\n<p>Dr. Tudi Kernalegenn,<\/p>\n<p>Directeur d\u2019association<\/p>\n<p>Enseignant-chercheur \u00e0 Sciences Po Rennes<\/p>\n","protected":false},"excerpt":{"rendered":"Un sondage de l\u2019Ifop, d\u00e9voil\u00e9 ce lundi, r\u00e9v\u00e8le un quasi-consensus parmi les sond\u00e9s pour rejeter le centralisme et&hellip;\n","protected":false},"author":2,"featured_media":353917,"comment_status":"","ping_status":"","sticky":false,"template":"","format":"standard","meta":{"footnotes":""},"categories":[2821],"tags":[1111,11,829,1777,674,1011,27,12,1427,584,25],"class_list":{"0":"post-353916","1":"post","2":"type-post","3":"status-publish","4":"format-standard","5":"has-post-thumbnail","7":"category-rennes","8":"tag-actu","9":"tag-actualites","10":"tag-bretagne","11":"tag-eu","12":"tag-europe","13":"tag-fr","14":"tag-france","15":"tag-news","16":"tag-opinions","17":"tag-rennes","18":"tag-republique-francaise"},"share_on_mastodon":{"url":"https:\/\/pubeurope.com\/@fr\/115116257467714937","error":""},"_links":{"self":[{"href":"https:\/\/www.europesays.com\/fr\/wp-json\/wp\/v2\/posts\/353916","targetHints":{"allow":["GET"]}}],"collection":[{"href":"https:\/\/www.europesays.com\/fr\/wp-json\/wp\/v2\/posts"}],"about":[{"href":"https:\/\/www.europesays.com\/fr\/wp-json\/wp\/v2\/types\/post"}],"author":[{"embeddable":true,"href":"https:\/\/www.europesays.com\/fr\/wp-json\/wp\/v2\/users\/2"}],"replies":[{"embeddable":true,"href":"https:\/\/www.europesays.com\/fr\/wp-json\/wp\/v2\/comments?post=353916"}],"version-history":[{"count":0,"href":"https:\/\/www.europesays.com\/fr\/wp-json\/wp\/v2\/posts\/353916\/revisions"}],"wp:featuredmedia":[{"embeddable":true,"href":"https:\/\/www.europesays.com\/fr\/wp-json\/wp\/v2\/media\/353917"}],"wp:attachment":[{"href":"https:\/\/www.europesays.com\/fr\/wp-json\/wp\/v2\/media?parent=353916"}],"wp:term":[{"taxonomy":"category","embeddable":true,"href":"https:\/\/www.europesays.com\/fr\/wp-json\/wp\/v2\/categories?post=353916"},{"taxonomy":"post_tag","embeddable":true,"href":"https:\/\/www.europesays.com\/fr\/wp-json\/wp\/v2\/tags?post=353916"}],"curies":[{"name":"wp","href":"https:\/\/api.w.org\/{rel}","templated":true}]}}