{"id":353918,"date":"2025-08-30T06:17:15","date_gmt":"2025-08-30T06:17:15","guid":{"rendered":"https:\/\/www.europesays.com\/fr\/353918\/"},"modified":"2025-08-30T06:17:15","modified_gmt":"2025-08-30T06:17:15","slug":"lemblematique-parking-vilaine-vit-ses-dernieres-heures-avant-sa-mort","status":"publish","type":"post","link":"https:\/\/www.europesays.com\/fr\/353918\/","title":{"rendered":"L\u2019embl\u00e9matique parking Vilaine vit ses derni\u00e8res heures avant sa mort"},"content":{"rendered":"<p>Rarement la disparition d\u2019un parking aura fait autant causer \u00e0 Rennes. Mais le parking Vilaine n\u2019est pas un parking comme les autres. Parce qu\u2019il est plant\u00e9 en plein milieu du centre-ville. Parce qu\u2019il est l\u00e0 depuis plus de soixante ans. Mais surtout parce qu\u2019il est au c\u0153ur d\u2019un vif d\u00e9bat. \u00ab\u00a0Je ne sais pas ce qu\u2019il faut faire avec le parking Vilaine\u00a0\u00bb, <a href=\"https:\/\/www.20minutes.fr\/rennes\/2331899-20180906-rennes-sais-faut-faire-parking-vilaine-admet-nathalie-appere\" class=\"c-link c-link--is-underlined\" target=\"_blank\" rel=\"noopener\">avait reconnu Nathalie App\u00e9r\u00e9<\/a>, quelques mois avant d\u2019acter la d\u00e9molition de cette aire de stationnement construite au-dessus du fleuve traversant Rennes.<\/p>\n<p>Une d\u00e9cision <a href=\"https:\/\/www.20minutes.fr\/rennes\/3252587-20220315-rennes-suppression-parking-actee-quoi-ressembleront-quais-vilaine\" class=\"c-link c-link--is-underlined\" target=\"_blank\" rel=\"noopener\">applaudie par une partie des habitants<\/a> et conspu\u00e9e par d\u2019autres. Si certains se r\u00e9jouissent de voir la Vilaine <a href=\"https:\/\/www.20minutes.fr\/rennes\/4157359-20250606-rennes-va-casser-parking-retrouver-amour-vilaine\" class=\"c-link c-link--is-underlined\" target=\"_blank\" rel=\"noopener\">refaire surface en plein c\u0153ur de ville<\/a>, d\u2019autres pestent. Les adeptes de la voiture en ville et certains commer\u00e7ants s\u2019inqui\u00e8tent notamment de la disparition de ces 250 places, malgr\u00e9 les chiffres rassurants fournis par la ville sur l\u2019offre de stationnement dans le secteur.<\/p>\n<\/p>\n<p>Dans les rangs des opposants, on critique aussi le co\u00fbt de ce projet d\u2019urbanisme complexe. Si la d\u00e9molition du parking ne co\u00fbtera \u00ab\u00a0que\u00a0\u00bb deux millions, c\u2019est une enveloppe bien sup\u00e9rieure qui sera consacr\u00e9e \u00e0 l\u2019enti\u00e8re refonte de la place de la R\u00e9publique et des quais. Un peu moins de 30\u00a0millions d\u2019euros devraient \u00eatre n\u00e9cessaires pour requalifier les lieux. Un espace \u00e0 mi-chemin entre une place et une grande art\u00e8re s\u00e9parant le nord et le sud de la capitale bretonne <a href=\"https:\/\/www.20minutes.fr\/rennes\/3218491-20220117-rennes-parking-vilaine-va-bien-disparaitre-demoli-voici-futur-visage\" class=\"c-link c-link--is-underlined\" target=\"_blank\" rel=\"noopener\">qui demandait clairement \u00e0 \u00eatre repens\u00e9<\/a>. Objectif\u00a0: \u00ab\u00a0retrouver l\u2019amour\u00a0\u00bb avec la Vilaine. Rien que \u00e7a.<\/p>\n<p><img decoding=\"async\" alt=\"Une passerelle sera construite au-dessus de la Vilaine une fois le parking d\u00e9truit, afin de faciliter les travers\u00e9es. \" class=\"c-img\" loading=\"lazy\" fetchpriority=\"auto\" width=\"718\"  src=\"https:\/\/img.20mn.fr\/Hr4Lo87RSzi0zC916Ysa-Sk\/718x0\" \/>Une passerelle sera construite au-dessus de la Vilaine une fois le parking d\u00e9truit, afin de faciliter les travers\u00e9es. \u2002-\u00a0Phytolab<\/p>\n<p>Pour mener \u00e0 bien les travaux de d\u00e9molition \u00e0 compter du mois d\u2019octobre, la ville de Rennes a annonc\u00e9 la fermeture d\u00e9finitive du parking dans la soir\u00e9e du dimanche 31\u00a0ao\u00fbt. Il faudra ensuite sept mois pour d\u00e9couper les 6.000 tonnes de b\u00e9ton et de ferraille. L\u2019ensemble des gravats <a href=\"https:\/\/www.20minutes.fr\/rennes\/4160373-20250625-rennes-6-000-tonnes-beton-parking-vilaine-voyageront-bateau\" class=\"c-link c-link--is-underlined\" target=\"_blank\" rel=\"noopener\">seront \u00e9vacu\u00e9s par des barges<\/a> jusqu\u2019\u00e0 un site am\u00e9nag\u00e9 par l\u2019entreprise Charier \u00e0 quatre kilom\u00e8tres du centre. Une page de l\u2019histoire de Rennes va se refermer. Que l\u2019on soit pour ou contre sa d\u00e9molition, on a h\u00e2te de voir ce que cela va donner.<\/p>\n","protected":false},"excerpt":{"rendered":"Rarement la disparition d\u2019un parking aura fait autant causer \u00e0 Rennes. Mais le parking Vilaine n\u2019est pas un&hellip;\n","protected":false},"author":2,"featured_media":353919,"comment_status":"","ping_status":"","sticky":false,"template":"","format":"standard","meta":{"footnotes":""},"categories":[2821],"tags":[1111,11,829,4858,1777,674,1011,27,848,10736,12,16025,1306,584,25,6173,1352,4752],"class_list":{"0":"post-353918","1":"post","2":"type-post","3":"status-publish","4":"format-standard","5":"has-post-thumbnail","7":"category-rennes","8":"tag-actu","9":"tag-actualites","10":"tag-bretagne","11":"tag-eau","12":"tag-eu","13":"tag-europe","14":"tag-fr","15":"tag-france","16":"tag-ille-et-vilaine","17":"tag-nathalie-appere","18":"tag-news","19":"tag-parking","20":"tag-regions","21":"tag-rennes","22":"tag-republique-francaise","23":"tag-stationnement","24":"tag-urbanisme","25":"tag-voiture"},"share_on_mastodon":{"url":"https:\/\/pubeurope.com\/@fr\/115116261074659013","error":""},"_links":{"self":[{"href":"https:\/\/www.europesays.com\/fr\/wp-json\/wp\/v2\/posts\/353918","targetHints":{"allow":["GET"]}}],"collection":[{"href":"https:\/\/www.europesays.com\/fr\/wp-json\/wp\/v2\/posts"}],"about":[{"href":"https:\/\/www.europesays.com\/fr\/wp-json\/wp\/v2\/types\/post"}],"author":[{"embeddable":true,"href":"https:\/\/www.europesays.com\/fr\/wp-json\/wp\/v2\/users\/2"}],"replies":[{"embeddable":true,"href":"https:\/\/www.europesays.com\/fr\/wp-json\/wp\/v2\/comments?post=353918"}],"version-history":[{"count":0,"href":"https:\/\/www.europesays.com\/fr\/wp-json\/wp\/v2\/posts\/353918\/revisions"}],"wp:featuredmedia":[{"embeddable":true,"href":"https:\/\/www.europesays.com\/fr\/wp-json\/wp\/v2\/media\/353919"}],"wp:attachment":[{"href":"https:\/\/www.europesays.com\/fr\/wp-json\/wp\/v2\/media?parent=353918"}],"wp:term":[{"taxonomy":"category","embeddable":true,"href":"https:\/\/www.europesays.com\/fr\/wp-json\/wp\/v2\/categories?post=353918"},{"taxonomy":"post_tag","embeddable":true,"href":"https:\/\/www.europesays.com\/fr\/wp-json\/wp\/v2\/tags?post=353918"}],"curies":[{"name":"wp","href":"https:\/\/api.w.org\/{rel}","templated":true}]}}