{"id":353920,"date":"2025-08-30T06:18:12","date_gmt":"2025-08-30T06:18:12","guid":{"rendered":"https:\/\/www.europesays.com\/fr\/353920\/"},"modified":"2025-08-30T06:18:12","modified_gmt":"2025-08-30T06:18:12","slug":"toute-lactu-top-music-yoga-opera-et-drag-show-la-nouvelle-saison-de-leglise-saint-guillaume","status":"publish","type":"post","link":"https:\/\/www.europesays.com\/fr\/353920\/","title":{"rendered":"Toute l&rsquo;actu Top Music &#8211; Yoga, op\u00e9ra et drag show : la nouvelle saison de l\u2019\u00e9glise Saint-Guillaume"},"content":{"rendered":"<p><img decoding=\"async\" class=\"\" style=\"width:100%\" src=\"https:\/\/www.europesays.com\/fr\/wp-content\/uploads\/2025\/08\/eglise1756301813148.webp.webp\" alt=\"Nouvelle programmation culturelle pour l'\u00e9glise Saint-Guillaume de Strasbourg\"\/><\/p>\n<p>Nouvelle programmation culturelle pour l&rsquo;\u00e9glise Saint-Guillaume de Strasbourg<\/p>\n<p>Cr\u00e9dit : Lucie Jacquemin<\/p>\n<p>Pour sa <strong>nouvelle programmation culturelle<\/strong>, l\u2019\u00e9glise <strong>Saint-Guillaume de Strasbourg <\/strong>opte pour de la relaxation. Il sera possible de<strong> faire du yoga<\/strong> au sein de l\u2019\u00e9difice. Le premier cours commence ce <strong>mardi 2 septembre<\/strong>. Un rendez-vous <strong>hebdomadaire<\/strong> qui commence \u00e0 10h.<\/p>\n<p><strong>Un moment de d\u00e9tente<\/strong><\/p>\n<p>\u00ab\u00a0Le yoga, c\u2019est spirituel par ses mouvements, par sa philosophie. C\u2019\u00e9tait donc logique et \u00e7a avait du sens d\u2019en faire dans une \u00e9glise \u00bb, affirme Cyril Pallaud, pr\u00e9sident de la structure Passions crois\u00e9es. Les sessions de yoga sont assur\u00e9es par Lise Paquet, professeure certifi\u00e9e par Yoga Alliance International. Les cours de yoga se d\u00e9rouleront dans le<strong> Grand Salon Schweitzer<\/strong>. Cet espace de <strong>60 m\u00b2<\/strong> avec une hauteur sous plafond de 6 m <strong>baigne dans la lumi\u00e8re du plus vieux vitrail de l\u2019\u00e9glise<\/strong>. La pi\u00e8ce a \u00e9t\u00e9 refaite avec un plancher massif. Elle surplombe l\u2019\u00e9difice du XV\u00e8me si\u00e8cle. Les s\u00e9ances peuvent accueillir jusqu\u2019\u00e0 <strong>18 personnes<\/strong>. Pour une s\u00e9ance, compter 12 \u20ac.\u00a0\u00ab C\u2019est tr\u00e8s rare de faire du yoga dans un endroit de plus de 700 ans \u00bb, conclut-il.<\/p>\n<p>Pour vous inscrire : <a href=\"https:\/\/www.passions-croisees.com\/concert\/yoga-a-saint-guillaume\/\" target=\"_blank\" rel=\"noopener\">Yoga \u00e0 Saint-Guillaume &#8211; Passions Crois\u00e9es<\/a><\/p>\n<p><strong>Des animations surprenantes<\/strong><\/p>\n<p>Le programme culturel de l&rsquo;\u00e9glise Saint-Guillaume se veut<strong> riche et vari\u00e9<\/strong>.\u00a0\u00ab On aime croiser les arts et d\u00e9cloisonner les publics. On allie le chant lyrique et l\u2019art du cirque pour int\u00e9resser des publics diff\u00e9rents \u00bb, explique Cyril Pallaud.<\/p>\n<ul>\n<li><strong>Un samedi par mois<\/strong>, c\u2019est le retour des <strong>ateliers-op\u00e9ras<\/strong>. Ils sont anim\u00e9s par <strong>Guillem Aubry<\/strong>, ancien chef de chant de l\u2019Op\u00e9ra de Paris. \u00c0 travers ces ateliers, des \u0153uvres de renom seront \u00e9tudi\u00e9es. Un moment p\u00e9dagogique qui allie humour et \u00e9motions. La premi\u00e8re s\u00e9ance commence <strong>le 13 septembre \u00e0 11 h<\/strong>.<\/li>\n<li><strong>Roselyne Bachelot<\/strong> (ancienne ministre) sera pr\u00e9sente le <strong>26 septembre <\/strong>\u00e0 l\u2019\u00e9glise Saint-Guillaume ainsi que la chanteuse lyrique <strong>Martina Russomanno<\/strong>. Elles \u00e9changeront sur les<strong> femmes compositrices<\/strong>. Elles seront \u00e9galement accompagn\u00e9es par <strong>Guillem Aubry <\/strong>(directeur artistique de Passions Crois\u00e9es).<\/li>\n<li>Le <strong>5 octobre<\/strong>, l\u2019\u00e9glise protestante ouvrira ses portes \u00e0 un <strong>drag show singulier<\/strong>. Il s&rsquo;agit d&rsquo;un spectacle o\u00f9 des artistes, appel\u00e9s drag queens ou drag kings, incarnent des personnages exag\u00e9r\u00e9s et stylis\u00e9s, et jouent souvent avec les codes de genre. Durant une heure, Elys\u00e9e Moon fera vibrer l\u2019\u00e9glise de sa <strong>voix de t\u00e9nor lyrique<\/strong>. L\u2019artiste y m\u00eale avec malice drag, op\u00e9ra et histoire de l\u2019art. Elle interagira \u00e9galement avec le public avec des quiz.\n<p data-start=\"503\" data-end=\"686\" data-is-last-node=\"\" data-is-only-node=\"\">\u00a0<\/p>\n<\/li>\n<\/ul>\n<p>Les autres animations sont \u00e0 retrouver : <a href=\"https:\/\/www.passions-croisees.com\/programmation\/\" target=\"_blank\" rel=\"noopener\">Programmation &#8211; Passions Crois\u00e9es<\/a><\/p>\n<p>\u00a0<\/p>\n<tr>\n<td style=\"width: 98.5866%;\">L\u2019\u00e9glise Saint-Guillaume de Strasbourg est reconnue pour son ouverture d\u2019esprit et son engagement culturel. En plus d&rsquo;\u00eatre un lieu de culte, elle est aussi un centre culturel international. Elle affirme \u00e9galement son soutien \u00e0 la communaut\u00e9 LGBTQIA+ en arborant fi\u00e8rement le drapeau arc-en-ciel.<\/td>\n<\/tr>\n","protected":false},"excerpt":{"rendered":"Nouvelle programmation culturelle pour l&rsquo;\u00e9glise Saint-Guillaume de Strasbourg Cr\u00e9dit : Lucie Jacquemin Pour sa nouvelle programmation culturelle, l\u2019\u00e9glise&hellip;\n","protected":false},"author":2,"featured_media":353921,"comment_status":"","ping_status":"","sticky":false,"template":"","format":"standard","meta":{"footnotes":""},"categories":[2820],"tags":[1111,11,2389,1063,2649,1697,251,4987,12336,1777,674,1011,27,775,12,7165,3551,5240,25,640,4993],"class_list":{"0":"post-353920","1":"post","2":"type-post","3":"status-publish","4":"format-standard","5":"has-post-thumbnail","7":"category-strasbourg","8":"tag-actu","9":"tag-actualites","10":"tag-alsace","11":"tag-animations","12":"tag-bas-rhin","13":"tag-concert","14":"tag-culture","15":"tag-detente","16":"tag-eglise","17":"tag-eu","18":"tag-europe","19":"tag-fr","20":"tag-france","21":"tag-grand-est","22":"tag-news","23":"tag-opera","24":"tag-programmation","25":"tag-programme","26":"tag-republique-francaise","27":"tag-strasbourg","28":"tag-yoga"},"share_on_mastodon":{"url":"https:\/\/pubeurope.com\/@fr\/115116264936449209","error":""},"_links":{"self":[{"href":"https:\/\/www.europesays.com\/fr\/wp-json\/wp\/v2\/posts\/353920","targetHints":{"allow":["GET"]}}],"collection":[{"href":"https:\/\/www.europesays.com\/fr\/wp-json\/wp\/v2\/posts"}],"about":[{"href":"https:\/\/www.europesays.com\/fr\/wp-json\/wp\/v2\/types\/post"}],"author":[{"embeddable":true,"href":"https:\/\/www.europesays.com\/fr\/wp-json\/wp\/v2\/users\/2"}],"replies":[{"embeddable":true,"href":"https:\/\/www.europesays.com\/fr\/wp-json\/wp\/v2\/comments?post=353920"}],"version-history":[{"count":0,"href":"https:\/\/www.europesays.com\/fr\/wp-json\/wp\/v2\/posts\/353920\/revisions"}],"wp:featuredmedia":[{"embeddable":true,"href":"https:\/\/www.europesays.com\/fr\/wp-json\/wp\/v2\/media\/353921"}],"wp:attachment":[{"href":"https:\/\/www.europesays.com\/fr\/wp-json\/wp\/v2\/media?parent=353920"}],"wp:term":[{"taxonomy":"category","embeddable":true,"href":"https:\/\/www.europesays.com\/fr\/wp-json\/wp\/v2\/categories?post=353920"},{"taxonomy":"post_tag","embeddable":true,"href":"https:\/\/www.europesays.com\/fr\/wp-json\/wp\/v2\/tags?post=353920"}],"curies":[{"name":"wp","href":"https:\/\/api.w.org\/{rel}","templated":true}]}}