{"id":353922,"date":"2025-08-30T06:19:13","date_gmt":"2025-08-30T06:19:13","guid":{"rendered":"https:\/\/www.europesays.com\/fr\/353922\/"},"modified":"2025-08-30T06:19:13","modified_gmt":"2025-08-30T06:19:13","slug":"jean-philippe-vetter-se-dote-dun-conseil-dexperts","status":"publish","type":"post","link":"https:\/\/www.europesays.com\/fr\/353922\/","title":{"rendered":"Jean-Philippe Vetter se dote d&rsquo;un conseil d&rsquo;experts"},"content":{"rendered":"<p class=\"wp-block-post-excerpt__excerpt\">Candidat aux \u00e9lections municipales, Jean-Philippe Vetter a dot\u00e9 son projet d\u2019une \u00e9quipe de 19 personnes, toutes expertes dans leurs domaines, afin d\u2019affiner ses mesures avant le scrutin de mars 2026. <\/p>\n<p class=\"font-sans\">\n\t\t\tCet article est en acc\u00e8s libre. Pour soutenir Rue89 Strasbourg,<br \/>\n\t\t\t<a class=\"underline\" href=\"https:\/\/www.rue89strasbourg.com\/abonnement\" target=\"_blank\" rel=\"noopener\">abonnez-vous<\/a>.\n\t\t<\/p>\n<p>Pierre France<\/p>\n<p>Publi\u00e9 le 30 ao\u00fbt 2025\u00a0\u00a0\u00b7\u00a0\u00a0<\/p>\n<p>Imprim\u00e9 le 30 ao\u00fbt 2025 \u00e0 08h10\u00a0\u00a0\u00b7\u00a0\u00a0<\/p>\n<p>\t\t\t\t\t3\u00a0minutes\n<\/p>\n<p class=\"has-drop-cap\">Au pied de la cath\u00e9drale, \u00ab\u00a0symbole de la grandeur de Strasbourg\u00a0\u00bb, Jean-Philippe Vetter (Les R\u00e9publicains) a pr\u00e9sent\u00e9 vendredi 29 ao\u00fbt son \u00ab\u00a0XV de Strasbourg\u00a0\u00bb. Une \u00e9quipe de 19 personnes, chacune experte d\u2019une th\u00e9matique, qui doit aider le conseiller municipal d\u2019opposition \u00e0 produire un programme \u00ab\u00a0r\u00e9aliste et r\u00e9alisable\u00a0\u00bb pour les \u00e9lections municipales de mars 2026.<\/p>\n<p>Apr\u00e8s un \u00ab\u00a0printemps strasbourgeois\u00a0\u00bb pass\u00e9 \u00e0 \u00ab\u00a0\u00e9couter les citoyens\u00a0\u00bb lors d\u2019une dizaine de r\u00e9unions publiques dans les quartiers de Strasbourg, Jean-Philippe Vetter estime qu\u2019il est temps de passer \u00e0 la phase de construction du programme. Coordonn\u00e9s par Fran\u00e7ois Bouchard, ancien directeur g\u00e9n\u00e9ral des services de la R\u00e9gion Grand Est, les experts du \u00ab\u00a0XV de Strasbourg\u00a0\u00bb doivent produire des notes et des mesures, en lien avec les remarques des Strasbourgeois qui se sont inscrits sur le <a href=\"https:\/\/www.aimerstrasbourg.alsace\/\" target=\"_blank\" rel=\"noreferrer noopener\">site de campagne de Jean-Philippe Vetter<\/a> et avec les propos qui seront tenus lors de futures r\u00e9unions th\u00e9matiques.<\/p>\n<p>Le \u00ab\u00a0XV de Strasbourg\u00a0\u00bb<\/p>\n<ul class=\"wp-block-list\">\n<li>Alain Renck (Rayonnement, d\u00e9veloppement \u00e9conomique, universit\u00e9), ancien de BPI France, conseiller du commerce ext\u00e9rieur de la France. <\/li>\n<li>Anne Sander (Europe), conseill\u00e8re r\u00e9gionale et ancienne eurod\u00e9put\u00e9e.<\/li>\n<li>Benjamin Stalter (Commerce, artisanat), coiffeur et formateur.<\/li>\n<li>\u00c9ric Fullenwarth (Urbanisme), ancien dirigeant de la Soci\u00e9t\u00e9 d\u2019am\u00e9nagement et d\u2019\u00e9quipement de Strasbourg (Sers).<\/li>\n<li>Sophia Kechida (Social et associatif), professionnelle du secteur m\u00e9dico-social, fondatrice de l\u2019association AZ Sport Strasbourg.<\/li>\n<li>Joseph Muller (S\u00e9curit\u00e9), ancien directeur de la police municipale de Strasbourg.<\/li>\n<li>Max Mondon (Transport et mobilit\u00e9s), Ancien pr\u00e9sident de l\u2019association Astus (Association des usagers des transports urbains de l\u2019agglom\u00e9ration strasbourgeoise) et secr\u00e9taire g\u00e9n\u00e9ral adjoint de la FNAUT Grand Est.<\/li>\n<li>Bertrand Gillig (Culture), galeriste et pr\u00e9sident de la SAAMS (Soci\u00e9t\u00e9 des amis des arts et<br \/>des mus\u00e9es de Strasbourg).<\/li>\n<li>Fran\u00e7ois Labolle (\u00c9cologie), professeur agr\u00e9g\u00e9 en Sciences de la Vie et de la Terre (SVT) \u00e0 l\u2019Universit\u00e9 de Strasbourg de biologie et physiologie v\u00e9g\u00e9tales. Ancien directeur du Jardin botanique de l\u2019Universit\u00e9 de Strasbourg.<\/li>\n<li>Catherine Balouka (\u00c9ducation), ancienne directrice de l\u2019\u00e9cole maternelle Conseil des XV \u00e0 Strasbourg.<\/li>\n<li>Yamina Grosjean (D\u00e9mocratie), assistante sociale lib\u00e9rale et formatrice ind\u00e9pendante, engag\u00e9e pour la d\u00e9mocratie participative.<\/li>\n<li>Qendrim Kasabaqi (Handicap), repr\u00e9sentant d\u00e9partemental de l\u2019association APF France handicap.<\/li>\n<li>Bornia Tarall (Dialogue interculturel et valeurs r\u00e9publicaines), ancienne conseill\u00e8re municipale, militante engag\u00e9e pour la la\u00efcit\u00e9 et contre le racisme et l\u2019antis\u00e9mitisme.<\/li>\n<li>S\u00e9bastien G\u2019Styr (Sport), vice-pr\u00e9sident de l\u2019Office des Sports de Strasbourg, pr\u00e9sident la section Quilles de l\u2019ASL Robertsau.<\/li>\n<li>Maeva Ntela (Animation de la ville), directrice de boutique \u00e0 Strasbourg.<\/li>\n<li>Maryam Beik Baghban (Bien-\u00eatre animal), juriste, sp\u00e9cialiste de la l\u00e9gislation europ\u00e9enne en mati\u00e8re de protection animale.<\/li>\n<li>Calvin Moluh (Quartiers prioritaires), chef de service \u00e9ducatif de l\u2019<a href=\"https:\/\/www.associationlesdisciples.org\/\" target=\"_blank\" rel=\"noreferrer noopener\">Association Les Disciples<\/a>.<\/li>\n<li>Claude Arnold (Sant\u00e9), m\u00e9decin du sport, ancien m\u00e9decin des Internationaux de Tennis de Strasbourg, pr\u00e9sident de la commission m\u00e9dicale du District d\u2019Alsace de Football.<\/li>\n<li>Ysoline Robin-Zelazo (Vie \u00e9tudiante), \u00e9tudiante en chimie \u00e0 l\u2019Universit\u00e9 de Strasbourg.<\/li>\n<\/ul>\n<p>Mais tout ceci doit tenir dans un cadre g\u00e9n\u00e9ral, une \u00ab\u00a0vision pour Strasbourg en 2050\u00a0\u00bb de Jean-Philippe Vetter\u00a0:<\/p>\n<blockquote class=\"wp-block-quote is-layout-flow wp-block-quote-is-layout-flow\">\n<p>\u00ab\u00a0Il ne s\u2019agit pas de produire un inventaire \u00e0 la Pr\u00e9vert de mesures \u00e9parses. Elles devront contribuer \u00e0 rendre \u00e0 Strasbourg sa grandeur, \u00e0 permettre aux Strasbourgeois de retrouver leur fiert\u00e9 d\u2019habiter dans une ville ouverte, \u00e9prise de libert\u00e9s et capitale europ\u00e9enne.\u00a0\u00bb<\/p>\n<\/blockquote>\n<p>Membre de Les R\u00e9publicains, Jean-Philippe a profit\u00e9 de l\u2019occasion pour rappeler qu\u2019il ne s\u2019agissait pas de construire un programme de droite\u00a0:<\/p>\n<blockquote class=\"wp-block-quote is-layout-flow wp-block-quote-is-layout-flow\">\n<p>\u00ab\u00a0Strasbourg, ce n\u2019est pas l\u2019Assembl\u00e9e nationale. Les clivages partisans n\u2019y ont pas leur place. Il s\u2019agit de construire un programme rassembleur, de provoquer une large adh\u00e9sion et de reb\u00e2tir l\u2019attractivit\u00e9 strasbourgeoise. Et j\u2019en appelle \u00e0 Nicolas Matt (Renaissance, NDLR), Pierre Jakubowicz (Horizons) et Catherine Trautmann (Parti socialiste)\u00a0: ce qui nous rapproche est plus important que ce qui nous divise\u00a0! Sachons d\u00e9passer les \u00e9gos et construire l\u2019union des propositions\u00a0!\u00a0\u00bb<\/p>\n<\/blockquote>\n<p>Les \u00e9lus du centre ainsi cit\u00e9s se retrouvent certes dans leur opposition \u00e0 la maire sortante, Jeanne Barseghian (Les \u00c9cologistes), mais ils sont d\u00e9j\u00e0 tous engag\u00e9s dans leurs d\u00e9marches respectives de mobilisation, dont aucune n\u2019inclue \u00e0 ce stade de fusion des propositions ou des candidats avec Aimer Strasbourg de Jean-Philippe Vetter.<\/p>\n","protected":false},"excerpt":{"rendered":"Candidat aux \u00e9lections municipales, Jean-Philippe Vetter a dot\u00e9 son projet d\u2019une \u00e9quipe de 19 personnes, toutes expertes dans&hellip;\n","protected":false},"author":2,"featured_media":353923,"comment_status":"","ping_status":"","sticky":false,"template":"","format":"standard","meta":{"footnotes":""},"categories":[2820],"tags":[1111,11,2761,1777,674,1011,27,775,33949,12,316,25,640],"class_list":{"0":"post-353922","1":"post","2":"type-post","3":"status-publish","4":"format-standard","5":"has-post-thumbnail","7":"category-strasbourg","8":"tag-actu","9":"tag-actualites","10":"tag-elections-municipales-2026","11":"tag-eu","12":"tag-europe","13":"tag-fr","14":"tag-france","15":"tag-grand-est","16":"tag-jean-philippe-vetter","17":"tag-news","18":"tag-politique","19":"tag-republique-francaise","20":"tag-strasbourg"},"share_on_mastodon":{"url":"https:\/\/pubeurope.com\/@fr\/115116268889230031","error":""},"_links":{"self":[{"href":"https:\/\/www.europesays.com\/fr\/wp-json\/wp\/v2\/posts\/353922","targetHints":{"allow":["GET"]}}],"collection":[{"href":"https:\/\/www.europesays.com\/fr\/wp-json\/wp\/v2\/posts"}],"about":[{"href":"https:\/\/www.europesays.com\/fr\/wp-json\/wp\/v2\/types\/post"}],"author":[{"embeddable":true,"href":"https:\/\/www.europesays.com\/fr\/wp-json\/wp\/v2\/users\/2"}],"replies":[{"embeddable":true,"href":"https:\/\/www.europesays.com\/fr\/wp-json\/wp\/v2\/comments?post=353922"}],"version-history":[{"count":0,"href":"https:\/\/www.europesays.com\/fr\/wp-json\/wp\/v2\/posts\/353922\/revisions"}],"wp:featuredmedia":[{"embeddable":true,"href":"https:\/\/www.europesays.com\/fr\/wp-json\/wp\/v2\/media\/353923"}],"wp:attachment":[{"href":"https:\/\/www.europesays.com\/fr\/wp-json\/wp\/v2\/media?parent=353922"}],"wp:term":[{"taxonomy":"category","embeddable":true,"href":"https:\/\/www.europesays.com\/fr\/wp-json\/wp\/v2\/categories?post=353922"},{"taxonomy":"post_tag","embeddable":true,"href":"https:\/\/www.europesays.com\/fr\/wp-json\/wp\/v2\/tags?post=353922"}],"curies":[{"name":"wp","href":"https:\/\/api.w.org\/{rel}","templated":true}]}}