{"id":353924,"date":"2025-08-30T06:20:10","date_gmt":"2025-08-30T06:20:10","guid":{"rendered":"https:\/\/www.europesays.com\/fr\/353924\/"},"modified":"2025-08-30T06:20:10","modified_gmt":"2025-08-30T06:20:10","slug":"pres-de-nice-la-belle-histoire-dune-libraire-et-de-sa-cliente-a-la-tete-dune-institution-du-livre-depuis-7-ans","status":"publish","type":"post","link":"https:\/\/www.europesays.com\/fr\/353924\/","title":{"rendered":"Pr\u00e8s de Nice, la belle histoire d\u2019une libraire et de sa cliente \u00e0 la t\u00eate d\u2019une institution du livre depuis 7 ans"},"content":{"rendered":"<p>Un anniversaire magique. \u00c0 Cagnes-sur-Mer, voil\u00e0 ce que vont vivre Aur\u00e9lie Barlet et Virginie Platel, cog\u00e9rantes de la librairie La Pl\u00e9iade.<\/p>\n<p>Bien connu des amateurs de belles lettres, le lieu, repris depuis 7 ans par ce duo, f\u00eate <a href=\"https:\/\/www.nicematin.com\/litterature\/evenement-de-la-rentree-litteraire-sorj-chalandon-presente-son-livre-de-kells-a-draguignan-et-cagnes-sur-mer-998828\" rel=\"nofollow noopener\" target=\"_blank\">ce samedi 30 ao\u00fbt son anniversaire en recevant &#8211; \u00e0 guichets ferm\u00e9s &#8211; l\u2019auteur et journaliste Sorj Chalandon<\/a>, dont Le livre de Kells est l\u2019une des sensations de la rentr\u00e9e litt\u00e9raire.<\/p>\n<p>Un \u00e9v\u00e9nement&#8230; et \u00ab\u00a0un r\u00eave de plus r\u00e9alis\u00e9\u00a0\u00bb, lance Aur\u00e9lie, 43 ans, \u00e9prise de cette plume engag\u00e9e depuis qu\u2019elle a mis en rayon son premier bouquin en 2005.<\/p>\n<p>\u00c0 l\u2019\u00e9poque, cette n\u00e9oazur\u00e9enne, originaire de Savoie, \u00e9tait d\u00e9j\u00e0 libraire. \u00ab\u00a0Une vocation\u00a0\u00bb, reconna\u00eet celle qui officia \u00e0 Lyon, puis \u00e0 Nice, au &#8211; feu &#8211; Virgin de Jean-M\u00e9decin puis \u00e0 la Fnac &#8211; o\u00f9 elle fonda un club lecture &#8211; et \u00e0 la librairie Acropole de Felix-Faure.<\/p>\n<p>C\u2019est entre les murs de cette \u00e9choppe, d\u00e9sormais close, qu\u2019elle rencontre Virginie, de 7 ans son a\u00een\u00e9e. Kin\u00e9sith\u00e9rapeute, c\u2019est une cliente fid\u00e8le.<\/p>\n<p>\u00ab\u00a0J\u2019adorais lire les conseils laiss\u00e9s par les libraires sur les couvertures\u00a0\u00bb, se souvient celle qui nourrit alors elle aussi un r\u00eave: tout plaquer pour travailler au milieu des livres.<\/p>\n<p>En 2017, Virginie Platel saute le pas. Deux apr\u00e8s-midi par semaine, elle troque sa blouse de kin\u00e9 pour une immersion \u00e0 la librairie Acropole, tente m\u00eame de la racheter.<\/p>\n<p>Mais le projet fait long feu. Comme un signe, Aur\u00e9lie Barlet tombe alors sur cette annonce: \u00e0 Cagnes, La Pl\u00e9iade, institution qui fait dans le livre depuis 50 ans, est \u00e0 c\u00e9der.<\/p>\n<p>\u00ab\u00a0La semaine suivante, on visitait. Deux mois apr\u00e8s, on signait le compromis!\u00a0\u00bb, retrace-t-elle. , a pouss\u00e9 les murs d\u00e8s 2021 en reprenant le local du coiffeur voisin pour en faire un espace jeunesse, revu l\u2019organisation des rayons&#8230; qui accueillent aujourd\u2019hui 17.000 titres!<\/p>\n<p>D\u00e9dicace&#8230; au c\u0153ur des halles!<\/p>\n<p>Bien plus qu\u2019un alignement de bouquins, La Pl\u00e9iade propose avant tout \u00ab\u00a0du lien\u00a0\u00bb. \u00ab\u00a0On n\u2019aime pas lire dans notre coin mais partager. Le summum, c\u2019est de faire venir une \u00e0 deux fois par mois des auteurs. En arrivant \u00e0 Cagnes, on a senti qu\u2019il y avait un vrai besoin d\u2019offre culturelle\u00a0\u00bb, dixit Aur\u00e9lie, qui profite de son r\u00e9seau pour attirer de grands noms.<\/p>\n<p>\u00c0 l\u2019instar de <a href=\"https:\/\/www.varmatin.com\/litterature\/vous-aimez-franck-thilliez-le-pro-du-polar-nous-presente-son-dernier-livre-avant-ses-dedicaces-a-toulon-et-cagnes-990356\" rel=\"nofollow noopener\" target=\"_blank\">Franck Thilliez, star du policier<\/a>, qui a ravi en juin Virginie &#8211; \u00ab\u00a0la grande pr\u00eatresse du polar\u00a0\u00bb &#8211; et de nombreux passionn\u00e9s. Ouvert sur la ville, le lieu a lanc\u00e9 la rentr\u00e9e derni\u00e8re son prix Pl\u00e9iado, qui met des lyc\u00e9ens de Renoir et Escoffier dans la peau d\u2019un jury litt\u00e9raire.<\/p>\n<p>En mai, pour accueillir Sophie Demange, autrice du livre Les Bouch\u00e8res, le duo s\u2019est d\u00e9localis\u00e9 dans les halles marchandes et a rev\u00eati le tablier.<\/p>\n<p>\u00ab\u00a0Chaque d\u00e9dicace offrait 10% de r\u00e9duction sur les \u00e9tals\u00a0\u00bb, racontent les filles, soucieuses de faire vivre le tissu local. Qui le leur rend bien&#8230; Le 10 juin, alors que le plafond de leur coin jeunesse s\u2019effondrait \u00e0 cause d\u2019une fuite, des clients leur apportaient des viennoiseries, \u00ab\u00a0les coll\u00e8gues de Biocoop une cagette de bons produits\u00a0\u00bb, s\u2019\u00e9meuvent-elles.<\/p>\n<p>De quoi faire oublier \u00ab\u00a0les marges qui baissent\u00a0\u00bb et le gros travail de manutention d\u2019un m\u00e9tier \u00ab\u00a0tr\u00e8s pr\u00e9caire\u00a0\u00bb. \u00ab\u00a0Ici, je gagne bien moins qu\u2019avant mais je suis la plus heureuse\u00a0\u00bb, lance Virginie. Quant \u00e0 Aur\u00e9lie, qui retrouve chaque soir avec joie \u00ab\u00a0une muraille de Chine de livres sur [sa] table de nuit\u00a0\u00bb, elle ne troquerait pour rien au monde \u00ab\u00a0la grande famille cr\u00e9\u00e9e \u00e0 La Pl\u00e9iade\u00a0\u00bb.<\/p>\n","protected":false},"excerpt":{"rendered":"Un anniversaire magique. \u00c0 Cagnes-sur-Mer, voil\u00e0 ce que vont vivre Aur\u00e9lie Barlet et Virginie Platel, cog\u00e9rantes de la&hellip;\n","protected":false},"author":2,"featured_media":353925,"comment_status":"","ping_status":"","sticky":false,"template":"","format":"standard","meta":{"footnotes":""},"categories":[2819],"tags":[1111,11,215,251,1777,674,1011,27,12,2401,882,25,3366],"class_list":{"0":"post-353924","1":"post","2":"type-post","3":"status-publish","4":"format-standard","5":"has-post-thumbnail","7":"category-nice","8":"tag-actu","9":"tag-actualites","10":"tag-commerce","11":"tag-culture","12":"tag-eu","13":"tag-europe","14":"tag-fr","15":"tag-france","16":"tag-news","17":"tag-nice","18":"tag-provence-alpes-cote-dazur","19":"tag-republique-francaise","20":"tag-vie-locale"},"share_on_mastodon":{"url":"https:\/\/pubeurope.com\/@fr\/115116272835855355","error":""},"_links":{"self":[{"href":"https:\/\/www.europesays.com\/fr\/wp-json\/wp\/v2\/posts\/353924","targetHints":{"allow":["GET"]}}],"collection":[{"href":"https:\/\/www.europesays.com\/fr\/wp-json\/wp\/v2\/posts"}],"about":[{"href":"https:\/\/www.europesays.com\/fr\/wp-json\/wp\/v2\/types\/post"}],"author":[{"embeddable":true,"href":"https:\/\/www.europesays.com\/fr\/wp-json\/wp\/v2\/users\/2"}],"replies":[{"embeddable":true,"href":"https:\/\/www.europesays.com\/fr\/wp-json\/wp\/v2\/comments?post=353924"}],"version-history":[{"count":0,"href":"https:\/\/www.europesays.com\/fr\/wp-json\/wp\/v2\/posts\/353924\/revisions"}],"wp:featuredmedia":[{"embeddable":true,"href":"https:\/\/www.europesays.com\/fr\/wp-json\/wp\/v2\/media\/353925"}],"wp:attachment":[{"href":"https:\/\/www.europesays.com\/fr\/wp-json\/wp\/v2\/media?parent=353924"}],"wp:term":[{"taxonomy":"category","embeddable":true,"href":"https:\/\/www.europesays.com\/fr\/wp-json\/wp\/v2\/categories?post=353924"},{"taxonomy":"post_tag","embeddable":true,"href":"https:\/\/www.europesays.com\/fr\/wp-json\/wp\/v2\/tags?post=353924"}],"curies":[{"name":"wp","href":"https:\/\/api.w.org\/{rel}","templated":true}]}}