{"id":353926,"date":"2025-08-30T06:21:10","date_gmt":"2025-08-30T06:21:10","guid":{"rendered":"https:\/\/www.europesays.com\/fr\/353926\/"},"modified":"2025-08-30T06:21:10","modified_gmt":"2025-08-30T06:21:10","slug":"jai-350-000-raisons-davoir-envie-la-rentree-politique-de-christian-estrosi-a-moins-de-sept-mois-des-municipales","status":"publish","type":"post","link":"https:\/\/www.europesays.com\/fr\/353926\/","title":{"rendered":"\u00ab\u00a0J&rsquo;ai 350.000 raisons d&rsquo;avoir envie\u00a0\u00bb: la rentr\u00e9e politique de Christian Estrosi \u00e0 moins de sept mois des municipales"},"content":{"rendered":"<p>La 12e \u00e9dition de Lou festin nissart, le grand banquet populaire organis\u00e9 par l\u2019association des Amis du maire de Nice, a r\u00e9uni, hier soir, 6200 convives, jardin Albert-Ier. Un rendez-vous qui marquait la rentr\u00e9e politique de Christian Estrosi. \u00ab\u00a0Et nous avons \u00e9t\u00e9 oblig\u00e9s de refuser 2000 personnes\u00a0\u00bb, a-t-il ajout\u00e9, se disant \u00ab\u00a0fier\u00a0\u00bb de rassembler une foule record.<\/p>\n<p>\u00ab\u00a0L\u2019an prochain, nous serons entre 8 et 10.000. Nous aurons de la place avec l\u2019extension de la coul\u00e9e verte, au nord du Mus\u00e9e d\u2019Art Moderne et d\u2019Art Contemporain\u00a0\u00bb, s\u2019est emball\u00e9 l\u2019\u00e9dile, se voyant d\u00e9j\u00e0 victorieux des \u00e9lections municipales des 15 et 22 mars pour lesquelles il est candidat \u00e0 un 4e mandat.<\/p>\n<p><strong>\u00ab\u00a0Le meilleur n\u00e9gociateur possible\u00a0\u00bb<\/strong><\/p>\n<p>Pendant plus d\u2019une demi-heure, micro en main, le maire de Nice a dress\u00e9 la liste de ce qu\u2019il consid\u00e8re comme ses plus belles r\u00e9ussites. D\u2019abord sur l\u2019estrade, au milieu des \u00e9lus, maires et parlementaires des communes de la m\u00e9tropole. Avant d\u2019aller au contact du public, en descendant de sc\u00e8ne au milieu des longues tables dress\u00e9es pour l\u2019occasion, comme une rock star prenant un bain de foule.<\/p>\n<p>\u00ab\u00a0Impossible n\u2019est pas ni\u00e7ois\u00a0\u00bb, a-t-il r\u00e9sum\u00e9. \u00ab\u00a0Et pour rendre possible l\u2019impossible, on ne peut pas s\u2019enfermer dans l\u2019id\u00e9ologie et ne parler qu\u2019aux gens qui pensent comme vous. Qu\u2019on le veuille ou non, mon devoir d\u2019un maire c\u2019est d\u2019\u00eatre le meilleur n\u00e9gociateur possible, quelle que soit sa couleur politique, avec l\u2019\u00c9tat et le gouvernement, avec les administrations, pour l\u2019int\u00e9r\u00eat de ses concitoyens\u00a0\u00bb, a insist\u00e9 le maire, souvent attaqu\u00e9 par ses d\u00e9tracteurs sur sa proximit\u00e9 avec l\u2019impopulaire Emmanuel Macron.<\/p>\n<p>\u00ab\u00a0C\u2019est comme \u00e7a que nous avons obtenu les financements, s\u2019est-il justifi\u00e9. C\u2019est comme cela qu\u2019on a obtenu d\u2019accueillir le plus grand sommet de la plan\u00e8te pour la protection des oc\u00e9ans. Vaut-il mieux qu\u2019on les accueille \u00e0 Nice, avec toutes les retomb\u00e9es qui vont avec pour l\u2019emploi des Ni\u00e7ois, ou qu\u2019on les laisse partir \u00e0 Paris ou ailleurs?\u00a0\u00bb, a-t-il poursuivi avant de citer aussi l\u2019arriv\u00e9e du Tour de France, le tramway, l\u2019h\u00f4tel de police [en cours de construction], la Promenade du Paillon, l\u2019extension du centre hospitalier universitaire Pasteur.<\/p>\n<p>Il a promis de continuer \u00e0 se battre pour les Ni\u00e7ois, \u00e9voquant son \u00ab\u00a0combat symbolique\u00a0\u00bb pour garder la statue de Jeanne d\u2019Arc que le pr\u00e9fet avait voulu faire d\u00e9boulonner. Son combat contre les bateaux de croisi\u00e8re, \u00ab\u00a0le tourisme d\u00e9brid\u00e9\u00a0\u00bb, le logement, le pouvoir d\u2019achat.<\/p>\n<p><strong>\u00ab\u00a0Un petit qui gesticule\u00a0\u00bb<\/strong><\/p>\n<p>De la candidature de son rival <a href=\"https:\/\/www.nicematin.com\/politique\/eric-ciotti-annonce-sa-candidature-a-la-mairie-de-nice-999495\" rel=\"nofollow noopener\" target=\"_blank\">\u00c9ric Ciotti, qui s\u2019est officiellement d\u00e9clar\u00e9 mercredi<\/a>, il n\u2019en a \u00e9t\u00e9 nullement question. Comme si cela \u00e9tait un non-\u00e9v\u00e9nement.<\/p>\n<p>Il faut dire que le pr\u00e9sident de la R\u00e9gion Renaud Muselier (Horizons), qui l\u2019a pr\u00e9c\u00e9d\u00e9 au micro, avait fait le job. \u00ab\u00a0La coul\u00e9e verte, c\u2019est fantastique comme id\u00e9e. Qui peut se plaindre de \u00e7a et dire que \u00e7a n\u2019a pas \u00e9t\u00e9 bien fait? Ceux qui veulent se pr\u00e9senter \u00e0 des \u00e9lections. Je vois un petit qui gesticule. Iznogoud. En fran\u00e7ais, \u00e7a veut dire ce n\u2019est pas bon\u00a0\u00bb, a-t-il raill\u00e9, faisant allusion du d\u00e9put\u00e9 UDR qui r\u00eave de ravir le fauteuil de \u00ab\u00a0son ami Christian\u00a0\u00bb.<\/p>\n<p>\u00ab\u00a0Il veut \u00eatre calife \u00e0 la place du maire. Mais le califat, ce n\u2019est pas la libert\u00e9. Et quand je vois l\u2019histoire des fichiers, je ne suis pas tranquille\u00a0\u00bb, a-t-il ajout\u00e9 en r\u00e9f\u00e9rence aux pr\u00e9sum\u00e9s fichiers ill\u00e9gaux du d\u00e9put\u00e9 ni\u00e7ois qui int\u00e9ressent la justice. \u00ab\u00a0Moi, j\u2019aime la libert\u00e9. J\u2019aime le combat politique avec panache, avec noblesse, avec envie.\u00a0\u00bb<\/p>\n<p>L\u2019envie, c\u2019est aussi ce qui anime Christian Estrosi. \u00ab\u00a0J\u2019ai 350.000 raisons de me battre tous les jours. Ces raisons, c\u2019est vous. Le peuple de Nice. Le sang de Nice. Notre fiert\u00e9. Notre avenir! J\u2019ai 350.000 raisons d\u2019avoir envie. L\u2019envie de vous servir. De d\u00e9placer des montagnes. L\u2019envie de Nice. Et, comme dirait Johnny, simplement l\u2019envie d\u2019avoir envie\u00a0\u00bb, a-t-il conclu.<\/p>\n<p>Le meeting politique a soudain tourn\u00e9 au karaok\u00e9. Tandis que les paroles du tube de \u00ab\u00a0l\u2019idole des jeunes\u00a0\u00bb d\u00e9filaient en bas des \u00e9crans g\u00e9ants, les \u00e9lus, sur sc\u00e8ne, ont entonn\u00e9 le titre en c\u0153ur.<\/p>\n<p>            \u00c0 Nice, \u00ab\u00a0j\u2019ai fait l\u2019essentiel de ce qu\u2019il fallait y faire\u00a0\u00bb<\/p>\n<p>\u00c0 la fin du show, titill\u00e9 par les journalistes sur la candidature d\u2019\u00c9ric Ciotti, le maire de Nice a assur\u00e9 ne pas avoir \u00ab\u00a0l\u2019intention de r\u00e9agir\u00a0\u00bb.<\/p>\n<p> \u00ab\u00a0J\u2019aurai des adversaires sans doute de qualit\u00e9 que je respecte totalement et puis le temps viendra o\u00f9 nous aurons l\u2019occasion de d\u00e9battre de tout cela. Mais il y a d\u2019autres choses \u00e0 faire. J\u2019ai \u00e0 finir mon mandat de maire jusqu\u2019au bout, je n\u2019ai pas \u00e9t\u00e9 \u00e9lu pour 5 ans et demi mais pour 6 ans\u00a0\u00bb, a-t-il conclu, avant de livrer, finalement, \u00ab\u00a0un petit mot politique\u00a0\u00bb. \u00ab\u00a0Mais ce sera le dernier et le seul que je dirai\u00a0\u00bb, a-t-il pr\u00e9venu.<\/p>\n<p>\u00ab\u00a0Peut-\u00eatre qu\u2019il y en a autant qui ont envie aujourd\u2019hui de s\u2019int\u00e9resser \u00e0 Nice parce qu\u2019il n\u2019y a plus tant de choses que \u00e7a \u00e0 faire, tellement j\u2019en ai r\u00e9alis\u00e9. La ville est belle \u00e0 prendre puisque j\u2019ai fait l\u2019essentiel de ce qu\u2019il fallait y faire\u00a0\u00bb.<\/p>\n<p>            \u00ab\u00a0Entre Estrosi et Ciotti, \u00e7a va \u00eatre un vrai duel\u00a0\u00bb<\/p>\n<p>Maryse est venue en famille, avec ses deux petits-fils, profiter de cette soir\u00e9e d\u2019\u00e9t\u00e9 au festin ni\u00e7ois. C\u2019est une fervente du maire de Nice, comme la plupart des convives r\u00e9unis ce vendredi soir jardin Albert-Ier. \u00ab\u00a0La d\u00e9claration de candidature d\u2019\u00c9ric Ciotti, \u00e7a m\u2019a bien fait rigoler. Il se fout de la ville de Nice et des Ni\u00e7ois. Il veut juste emb\u00eater Christian Estrosi. Sa candidature, elle est mal venue. Avant de critiquer, il ferait mieux de balayer devant sa porte. \u00c7a fait tr\u00e8s querelle de village\u00a0\u00bb, d\u00e9plore-t-elle.<\/p>\n<p>La retrait\u00e9e le sait, \u00ab\u00a0des voix, Ciotti va en prendre puisqu\u2019il s\u2019est acoquin\u00e9 avec le RN\u00a0\u00bb. Mais pas de nature \u00e0 d\u00e9stabiliser son chouchou. \u00ab\u00a0Nice est devenue une ville verte\u00a0\u00bb. \u00ab\u00a0Et vivante\u00a0\u00bb, la coupe son voisin de table. \u00ab\u00a0Et nos petits-enfants en profitent\u00a0\u00bb, reprend-elle. \u00ab\u00a0Alors oui, il a d\u00e9moli des b\u00e2timents. \u00c7a n\u2019a pas plu \u00e0 certains mais on ne fait pas d\u2019omelette sans casser des \u0153ufs\u00a0\u00bb. <\/p>\n<p>\u00ab\u00a0Ce n\u2019est pas la premi\u00e8re fois qu\u2019\u00c9ric Ciotti pense \u00e0 la mairie de Nice. Et ce n\u2019est certainement pas la derni\u00e8re\u00a0\u00bb, se gausse Marie, 75 ans, qui a r\u00e9serv\u00e9 sa place avec deux amies d\u2019enfance du quartier de la Digue-des-Fran\u00e7ais. Qu\u2019Estrosi gagne une nouvelle fois l\u2019\u00e9lection municipale, elle en est persuad\u00e9e. \u00ab\u00a0Il a fait trois mandats. Il a plu. Pourquoi il d\u00e9cevrait pour le 4e?\u00a0\u00bb<\/p>\n<p>\u00ab\u00a0Depuis que je suis petit, je vois que la ville est en constante \u00e9volution. Beaucoup de gens se plaignent des imp\u00f4ts et de l\u2019\u00e9tat des finances de la ville, mais au moins on sait o\u00f9 va l\u2019argent\u00a0\u00bb, estime Thomas, 33 ans, entrepreneur dans le domaine de la construction et de l\u2019immobilier. \u00ab\u00a0Je ne suis pas du tout surpris que Ciotti soit candidat. Mais je ne lui fais pas confiance parce qu\u2019il a retourn\u00e9 sa veste. Des gens voteront pour lui, c\u2019est s\u00fbr. Des \u00e9lecteurs du RN, il y en a \u00e0 Nice. Entre eux deux, \u00e7a va \u00eatre un vrai duel\u00a0\u00bb.<\/p>\n","protected":false},"excerpt":{"rendered":"La 12e \u00e9dition de Lou festin nissart, le grand banquet populaire organis\u00e9 par l\u2019association des Amis du maire&hellip;\n","protected":false},"author":2,"featured_media":353927,"comment_status":"","ping_status":"","sticky":false,"template":"","format":"standard","meta":{"footnotes":""},"categories":[2819],"tags":[1111,11,1777,674,1011,27,12,2401,316,882,25],"class_list":{"0":"post-353926","1":"post","2":"type-post","3":"status-publish","4":"format-standard","5":"has-post-thumbnail","7":"category-nice","8":"tag-actu","9":"tag-actualites","10":"tag-eu","11":"tag-europe","12":"tag-fr","13":"tag-france","14":"tag-news","15":"tag-nice","16":"tag-politique","17":"tag-provence-alpes-cote-dazur","18":"tag-republique-francaise"},"share_on_mastodon":{"url":"https:\/\/pubeurope.com\/@fr\/115116276678929904","error":""},"_links":{"self":[{"href":"https:\/\/www.europesays.com\/fr\/wp-json\/wp\/v2\/posts\/353926","targetHints":{"allow":["GET"]}}],"collection":[{"href":"https:\/\/www.europesays.com\/fr\/wp-json\/wp\/v2\/posts"}],"about":[{"href":"https:\/\/www.europesays.com\/fr\/wp-json\/wp\/v2\/types\/post"}],"author":[{"embeddable":true,"href":"https:\/\/www.europesays.com\/fr\/wp-json\/wp\/v2\/users\/2"}],"replies":[{"embeddable":true,"href":"https:\/\/www.europesays.com\/fr\/wp-json\/wp\/v2\/comments?post=353926"}],"version-history":[{"count":0,"href":"https:\/\/www.europesays.com\/fr\/wp-json\/wp\/v2\/posts\/353926\/revisions"}],"wp:featuredmedia":[{"embeddable":true,"href":"https:\/\/www.europesays.com\/fr\/wp-json\/wp\/v2\/media\/353927"}],"wp:attachment":[{"href":"https:\/\/www.europesays.com\/fr\/wp-json\/wp\/v2\/media?parent=353926"}],"wp:term":[{"taxonomy":"category","embeddable":true,"href":"https:\/\/www.europesays.com\/fr\/wp-json\/wp\/v2\/categories?post=353926"},{"taxonomy":"post_tag","embeddable":true,"href":"https:\/\/www.europesays.com\/fr\/wp-json\/wp\/v2\/tags?post=353926"}],"curies":[{"name":"wp","href":"https:\/\/api.w.org\/{rel}","templated":true}]}}