{"id":353928,"date":"2025-08-30T06:22:39","date_gmt":"2025-08-30T06:22:39","guid":{"rendered":"https:\/\/www.europesays.com\/fr\/353928\/"},"modified":"2025-08-30T06:22:39","modified_gmt":"2025-08-30T06:22:39","slug":"travaux-sur-la11-et-le-peripherique-nantais-circulation-perturbee-jusquau-24-octobre","status":"publish","type":"post","link":"https:\/\/www.europesays.com\/fr\/353928\/","title":{"rendered":"Travaux sur l\u2019A11 et le p\u00e9riph\u00e9rique nantais : circulation perturb\u00e9e jusqu\u2019au 24 octobre"},"content":{"rendered":"<p><img decoding=\"async\" class=\"\" style=\"width:100%\" src=\"https:\/\/www.europesays.com\/fr\/wp-content\/uploads\/2025\/08\/Capture_d_e_cran_2025_08_29_a__18_52_421756486374429.png\" alt=\"Du 1er septembre au 24 octobre, Vinci Autoroutes engage des travaux sur l\u2019autoroute A11\"\/><\/p>\n<p>Du 1er septembre au 24 octobre, Vinci Autoroutes engage des travaux sur l\u2019autoroute A11<\/p>\n<p>Cr\u00e9dit :  PHOTO VINCI AUTOROUTES<\/p>\n<p>Du 1er septembre au 24 octobre 2025, l\u2019autoroute A11 et le p\u00e9riph\u00e9rique nord et est de Nantes conna\u00eetront plusieurs fermetures dans les deux sens de circulation. En cause : des travaux de r\u00e9novation de la chauss\u00e9e men\u00e9s par Vinci Autoroutes, programm\u00e9s de jour comme de nuit.<\/p>\n<p>Quand et o\u00f9 auront lieu les travaux ?<\/p>\n<p data-start=\"643\" data-end=\"912\">Le chantier s\u2019\u00e9tend sur pr\u00e8s de 40 kilom\u00e8tres, entre l\u2019\u00e9changeur d\u2019Ancenis (n\u00b020) et la porte de Gesvres (n\u00b038). Vinci pr\u00e9voit une intervention continue, avec des phases de fermeture ponctuelles la nuit, afin de limiter l\u2019impact en journ\u00e9e sur les automobilistes.<\/p>\n<p data-start=\"958\" data-end=\"1007\">La circulation sera fortement perturb\u00e9e, avec des fermetures d\u2019\u00e9changeurs et de bretelles \u00e0 Vieilleville, Boisbonne, Gachet et la B\u00e9rangerais ; des coupures de l\u2019A11 entre la porte de Rennes et Vieilleville, selon le sens de circulation ; des restrictions sur le p\u00e9riph\u00e9rique nord et est (A844 et N844), avec plusieurs neutralisations de voies et fermetures de sections enti\u00e8res.<\/p>\n<p data-start=\"1367\" data-end=\"1477\">Les fermetures auront lieu principalement de 20 h \/ 20 h 30 \u00e0 5 h 45 le lendemain, les nuits de semaine.<\/p>\n<p> Le d\u00e9tail des fermetures<\/p>\n<p>Du 1er au 4 septembre : fermeture de l\u2019\u00e9changeur de Vieilleville (n\u00b022) et de certaines bretelles. Du 8 septembre au 2 octobre, plusieurs nuits successives : coupures de l\u2019A11 entre Vieilleville et la porte de Rennes, avec impact direct sur les liaisons vers Vannes et Paris. Des fermetures ponctuelles toucheront \u00e9galement le p\u00e9riph\u00e9rique est, entre la porte de Gesvres et la porte de La Chapelle. Des itin\u00e9raires de d\u00e9viation seront mis en place et signal\u00e9s sur site.<\/p>\n<p data-start=\"2044\" data-end=\"2080\">Ces travaux d\u2019envergure visent \u00e0 renforcer la s\u00e9curit\u00e9 et le confort de conduite ; r\u00e9duire le bruit gr\u00e2ce \u00e0 de nouveaux enrob\u00e9s phoniques ; r\u00e9nover la signalisation au sol. En trois \u00e9tapes \u2014 rabotage, application d\u2019une nouvelle couche de roulement, puis r\u00e9fection des marquages \u2014 le chantier doit permettre de maintenir un haut niveau de qualit\u00e9 sur l\u2019un des axes les plus fr\u00e9quent\u00e9s de la r\u00e9gion nantaise.<\/p>\n","protected":false},"excerpt":{"rendered":"Du 1er septembre au 24 octobre, Vinci Autoroutes engage des travaux sur l\u2019autoroute A11 Cr\u00e9dit : PHOTO VINCI&hellip;\n","protected":false},"author":2,"featured_media":353929,"comment_status":"","ping_status":"","sticky":false,"template":"","format":"standard","meta":{"footnotes":""},"categories":[2818],"tags":[1111,11,28368,829,16823,1777,674,118,462,1106,1011,27,848,1922,6417,1114,13289,2217,28369,3047,3729,766,12,2636,1833,584,25,3272,517,3087,2546],"class_list":{"0":"post-353928","1":"post","2":"type-post","3":"status-publish","4":"format-standard","5":"has-post-thumbnail","7":"category-nantes","8":"tag-actu","9":"tag-actualites","10":"tag-bain-de-bretagne","11":"tag-bretagne","12":"tag-chateaubriant","13":"tag-eu","14":"tag-europe","15":"tag-faits-divers","16":"tag-fc-nantes","17":"tag-flash","18":"tag-fr","19":"tag-france","20":"tag-ille-et-vilaine","21":"tag-info","22":"tag-information","23":"tag-infos","24":"tag-la-roche-sur-yon","25":"tag-la-rochelle","26":"tag-les-sables-d-olonnes","27":"tag-loire-atlantique","28":"tag-morbihan","29":"tag-nantes","30":"tag-news","31":"tag-pays-de-la-loire","32":"tag-redaction","33":"tag-rennes","34":"tag-republique-francaise","35":"tag-saint-nazaire","36":"tag-sport","37":"tag-stade-rennais","38":"tag-vendee"},"share_on_mastodon":{"url":"https:\/\/pubeurope.com\/@fr\/115116280682571789","error":""},"_links":{"self":[{"href":"https:\/\/www.europesays.com\/fr\/wp-json\/wp\/v2\/posts\/353928","targetHints":{"allow":["GET"]}}],"collection":[{"href":"https:\/\/www.europesays.com\/fr\/wp-json\/wp\/v2\/posts"}],"about":[{"href":"https:\/\/www.europesays.com\/fr\/wp-json\/wp\/v2\/types\/post"}],"author":[{"embeddable":true,"href":"https:\/\/www.europesays.com\/fr\/wp-json\/wp\/v2\/users\/2"}],"replies":[{"embeddable":true,"href":"https:\/\/www.europesays.com\/fr\/wp-json\/wp\/v2\/comments?post=353928"}],"version-history":[{"count":0,"href":"https:\/\/www.europesays.com\/fr\/wp-json\/wp\/v2\/posts\/353928\/revisions"}],"wp:featuredmedia":[{"embeddable":true,"href":"https:\/\/www.europesays.com\/fr\/wp-json\/wp\/v2\/media\/353929"}],"wp:attachment":[{"href":"https:\/\/www.europesays.com\/fr\/wp-json\/wp\/v2\/media?parent=353928"}],"wp:term":[{"taxonomy":"category","embeddable":true,"href":"https:\/\/www.europesays.com\/fr\/wp-json\/wp\/v2\/categories?post=353928"},{"taxonomy":"post_tag","embeddable":true,"href":"https:\/\/www.europesays.com\/fr\/wp-json\/wp\/v2\/tags?post=353928"}],"curies":[{"name":"wp","href":"https:\/\/api.w.org\/{rel}","templated":true}]}}