{"id":353930,"date":"2025-08-30T06:23:53","date_gmt":"2025-08-30T06:23:53","guid":{"rendered":"https:\/\/www.europesays.com\/fr\/353930\/"},"modified":"2025-08-30T06:23:53","modified_gmt":"2025-08-30T06:23:53","slug":"5-pretres-dun-etablissement-catholique-de-nantes-mis-en-cause-pour-abus-sexuels","status":"publish","type":"post","link":"https:\/\/www.europesays.com\/fr\/353930\/","title":{"rendered":"5 pr\u00eatres d&rsquo;un \u00e9tablissement catholique de Nantes mis en cause pour abus sexuels"},"content":{"rendered":"<p class=\"article-p mdl\">Pr\u00e8s de 40 ans de violences sexuelles. Dans une conf\u00e9rence de presse tenue ce vendredi 29 ao\u00fbt, l&rsquo;enseignement catholique et le dioc\u00e8se de Loire-Atlantique ont annonc\u00e9 avoir recueilli plusieurs t\u00e9moignages de violences sexuelles au sein d&rsquo;un \u00e9tablissement de Nantes entre les ann\u00e9es 1950 et 1990, \u00e9voquant 10 victimes ainsi que 5 pr\u00eatres mis en cause, aujourd&rsquo;hui d\u00e9c\u00e9d\u00e9s.\u00a0<\/p>\n<p class=\"article-p mdl\">\u00ab\u00a0Nous avions des soup\u00e7ons pour l&rsquo;\u00e9tablissement en question et sans doute\u00a0<a class=\"link\" href=\"https:\/\/www.rtl.fr\/actu\/politique\/affaire-betharram-francois-bayrou-avait-les-moyens-d-agir-et-il-n-a-rien-fait-deplore-paul-vannier-sur-rtl-7900520912\" title=\"Affaire B\u00e9tharram : Fran\u00e7ois Bayrou &quot;avait les moyens d&#039;agir et il n&#039;a rien fait&quot;, d\u00e9plore Paul Vannier sur RTL\" target=\"_blank\" rel=\"noopener\">l&rsquo;affaire B\u00e9tharram<\/a>, comme dans beaucoup de dioc\u00e8ses, a permis \u00e0 des victimes de comprendre qu&rsquo;il \u00e9tait temps de parler\u00a0\u00bb, explique Fr\u00e9d\u00e9ric Delemazure, directeur dioc\u00e9sain de l&rsquo;enseignement catholique de Loire-Atlantique, invit\u00e9 sur RTL.\u00a0<\/p>\n<p class=\"article-p mdl\">\u00ab\u00a0Ces faits sont survenus entre 1958 et 1995 pr\u00e9cis\u00e9ment et ils impliquent des pr\u00eatres ainsi qu&rsquo;au moins un membre du personnel \u00e9ducatif\u00a0\u00bb au coll\u00e8ge-lyc\u00e9e Saint-Stanislas, avait-il d\u00e9taill\u00e9 en conf\u00e9rence de presse. Les t\u00e9moignages, \u00e9manant des victimes ou de leurs familles, d\u00e9crivent\u00a0<a class=\"link\" href=\"https:\/\/www.rtl.fr\/actu\/politique\/outre-betharram-francois-bayrou-avait-ete-alerte-sur-des-violences-dans-un-college-de-la-loire-7900521030\" title=\"Outre B\u00e9tharram, Fran\u00e7ois Bayrou avait \u00e9t\u00e9 alert\u00e9 sur des violences dans un coll\u00e8ge de la Loire\" target=\"_blank\" rel=\"noopener\">des viols, des agressions sexuelles et des attouchements<\/a>\u00a0commis au sein de l&rsquo;internat et pour \u00ab\u00a0au moins une victime\u00a0\u00bb des faits survenus lors de vacances organis\u00e9es par l&rsquo;\u00e9tablissement.\u00a0<\/p>\n<p class=\"article-p mdl\">Les victimes, neuf hommes et une femme, \u00e9taient coll\u00e9giens \u00e0 l&rsquo;\u00e9poque des faits. \u00ab\u00a0Les p\u00e9riodes concern\u00e9es, selon ce que l&rsquo;on sait, sont les suivantes : 1958 \u00e0 1978, les ann\u00e9es 1980 \u00e0 1981, les ann\u00e9es 1991 \u00e0 1995\u00a0\u00bb, a pr\u00e9cis\u00e9 Fr\u00e9d\u00e9ric Delemazure.\u00a0Les faits \u00ab\u00a0ont \u00e9t\u00e9 signal\u00e9s \u00e0 l&rsquo;autorit\u00e9 judiciaire\u00a0\u00bb, a-t-il ajout\u00e9.\u00a0\u00a0<\/p>\n<blockquote class=\"article-quote\">\n<p class=\"article-quote-text icon icon-quote-v2\">Je leur demande pardon. J&rsquo;ai honte de ce qui a \u00e9t\u00e9 fait.<\/p>\n<p>Fr\u00e9d\u00e9ric Delemazure, directeur dioc\u00e9sain de l&rsquo;enseignement catholique de Loire-Atlantique<\/p>\n<\/blockquote>\n<p class=\"article-p mdl\">Apr\u00e8s avoir r\u00e9v\u00e9l\u00e9 ces faits, le dioc\u00e8se lance un appel \u00e0 t\u00e9moins. Il souhaite \u00ab\u00a0<strong>inciter les victimes qui ont v\u00e9cu ces atrocit\u00e9s \u00e0 se faire conna\u00eetre<\/strong> aupr\u00e8s du dioc\u00e8se ou de l&rsquo;enseignement catholique, parce que nous sommes persuad\u00e9s que c&rsquo;est important pour elles de se manifester. On voit bien au travers de notre lien avec les victimes, les rares victimes qui se sont manifest\u00e9es, que c&rsquo;est un chemin n\u00e9cessaire pour accepter ce qui s&rsquo;est pass\u00e9\u00a0\u00bb, confie\u00a0Fr\u00e9d\u00e9ric Delemazure sur RTL.<\/p>\n<p class=\"article-p mdl\">\u00ab\u00a0<strong>Je leur demande pardon. J&rsquo;ai honte de ce qui a \u00e9t\u00e9 fait,<\/strong> m\u00eame si je n&rsquo;\u00e9tais \u00e9videmment pas l\u00e0 \u00e0 ce moment-l\u00e0. Je veux garantir, parce que je sais que c&rsquo;est leur souhait, je veux les garantir que l&rsquo;enseignement catholique et l&rsquo;\u00c9glise en g\u00e9n\u00e9ral, aujourd&rsquo;hui, a pris conscience de ces atrocit\u00e9s et fait en sorte que les enfants sont aujourd&rsquo;hui en s\u00e9curit\u00e9\u00a0\u00bb, poursuit-il.<\/p>\n<p class=\"article-p mdl\">L&rsquo;\u00e9v\u00eaque de Nantes, Mgr Laurent Percerou, a lanc\u00e9 lors de la conf\u00e9rence de presse <strong>un appel \u00e0 t\u00e9moignages<\/strong> \u00ab\u00a0avec l&rsquo;espoir que se fassent conna\u00eetre celles et ceux qui auraient \u00e9t\u00e9 victimes d&rsquo;agressions physiques ou sexuelles \u00e0 Saint-Stanislas ainsi que dans les \u00e9tablissements scolaires de l&rsquo;enseignement catholique de Loire-Atlantique\u00a0\u00bb.\u00a0<\/p>\n<p class=\"article-p mdl\">Les t\u00e9moignages \u00e9voqu\u00e9s ont \u00e9t\u00e9 recueillis en f\u00e9vrier et juin 2025. Trois victimes sont aujourd&rsquo;hui d\u00e9c\u00e9d\u00e9es.\u00a0\u00a0<\/p>\n<p>    La r\u00e9daction vous recommande<\/p>\n<p class=\"s-newsletter__title\">\n                L\u2019actualit\u00e9 par la r\u00e9daction de RTL dans votre bo\u00eete mail.\n            <\/p>\n<p class=\"s-newsletter__subtitle\">\n                Gr\u00e2ce \u00e0 votre compte RTL abonnez-vous \u00e0 la newsletter RTL info pour suivre toute l&rsquo;actualit\u00e9 au quotidien\n            <\/p>\n<p>\n                                    Lire la suite\n                                <\/p>\n","protected":false},"excerpt":{"rendered":"Pr\u00e8s de 40 ans de violences sexuelles. Dans une conf\u00e9rence de presse tenue ce vendredi 29 ao\u00fbt, l&rsquo;enseignement&hellip;\n","protected":false},"author":2,"featured_media":353931,"comment_status":"","ping_status":"","sticky":false,"template":"","format":"standard","meta":{"footnotes":""},"categories":[2818],"tags":[33205,1111,11,1267,1777,674,107,1011,27,3047,766,12,2636,1974,25,1265,2949],"class_list":{"0":"post-353930","1":"post","2":"type-post","3":"status-publish","4":"format-standard","5":"has-post-thumbnail","7":"category-nantes","8":"tag-abus-sexuel","9":"tag-actu","10":"tag-actualites","11":"tag-agression-sexuelle","12":"tag-eu","13":"tag-europe","14":"tag-fil-info","15":"tag-fr","16":"tag-france","17":"tag-loire-atlantique","18":"tag-nantes","19":"tag-news","20":"tag-pays-de-la-loire","21":"tag-pedocriminalite","22":"tag-republique-francaise","23":"tag-viol","24":"tag-violences"},"share_on_mastodon":{"url":"https:\/\/pubeurope.com\/@fr\/115116288602424099","error":""},"_links":{"self":[{"href":"https:\/\/www.europesays.com\/fr\/wp-json\/wp\/v2\/posts\/353930","targetHints":{"allow":["GET"]}}],"collection":[{"href":"https:\/\/www.europesays.com\/fr\/wp-json\/wp\/v2\/posts"}],"about":[{"href":"https:\/\/www.europesays.com\/fr\/wp-json\/wp\/v2\/types\/post"}],"author":[{"embeddable":true,"href":"https:\/\/www.europesays.com\/fr\/wp-json\/wp\/v2\/users\/2"}],"replies":[{"embeddable":true,"href":"https:\/\/www.europesays.com\/fr\/wp-json\/wp\/v2\/comments?post=353930"}],"version-history":[{"count":0,"href":"https:\/\/www.europesays.com\/fr\/wp-json\/wp\/v2\/posts\/353930\/revisions"}],"wp:featuredmedia":[{"embeddable":true,"href":"https:\/\/www.europesays.com\/fr\/wp-json\/wp\/v2\/media\/353931"}],"wp:attachment":[{"href":"https:\/\/www.europesays.com\/fr\/wp-json\/wp\/v2\/media?parent=353930"}],"wp:term":[{"taxonomy":"category","embeddable":true,"href":"https:\/\/www.europesays.com\/fr\/wp-json\/wp\/v2\/categories?post=353930"},{"taxonomy":"post_tag","embeddable":true,"href":"https:\/\/www.europesays.com\/fr\/wp-json\/wp\/v2\/tags?post=353930"}],"curies":[{"name":"wp","href":"https:\/\/api.w.org\/{rel}","templated":true}]}}