{"id":353933,"date":"2025-08-30T06:25:17","date_gmt":"2025-08-30T06:25:17","guid":{"rendered":"https:\/\/www.europesays.com\/fr\/353933\/"},"modified":"2025-08-30T06:25:17","modified_gmt":"2025-08-30T06:25:17","slug":"pres-de-bordeaux-lorganisation-dun-salon-du-chiot-cree-la-polemique","status":"publish","type":"post","link":"https:\/\/www.europesays.com\/fr\/353933\/","title":{"rendered":"pr\u00e8s de Bordeaux, l\u2019organisation d\u2019un salon du chiot cr\u00e9e la pol\u00e9mique"},"content":{"rendered":"<p>Ce samedi 30 et dimanche 31 ao\u00fbt, un salon du chiot se tient \u00e0 Pessac, pr\u00e8s de Bordeaux. Les associations de protection animale et les \u00e9lus locaux s\u2019inqui\u00e8tent des d\u00e9rives possibles d\u2019un tel \u00e9v\u00e9nement qui pousse, selon eux, \u00e0 l\u2019achat compulsif.<\/p>\n<p class=\"fig-paragraph\">Le salon de la discorde. \u00c0\u00a0<a href=\"https:\/\/www.lefigaro.fr\/bordeaux\/aeroport-de-bordeaux-a-pessac-les-syndicats-de-riverains-divises-sur-l-avenir-de-la-piste-secante-20250311?msockid=258c4318a154643d05395665a0ed65f9\" target=\"_blank\" data-fig-type=\"NewsFlash\" rel=\"sponsored noopener\" data-gtm-custom-categorie=\"navigation\" data-gtm-custom-action=\"crossclick\" data-gtm-custom-label=\"Contextuel\" data-gtm-event=\"customEventSPE\" data-fig-domain=\"LEFIGARO\">Pessac<\/a>, l\u2019\u00e9v\u00e9nement organis\u00e9 \u00e0 la ferme de Tartifume n\u2019a pas \u00e9t\u00e9 bien accueilli par la mairie. \u00abNous avons d\u00e9couvert l\u2019existence du salon via les r\u00e9seaux sociaux\u00bb, regrette Sylvie Vieu, adjointe au respect du vivant et \u00e0 la cause animale. L\u2019\u00e9lue, qui rappelle que la commune d\u00e9fend activement la protection des animaux, est vent debout contre April\u2019Events, la soci\u00e9t\u00e9 organisatrice. \u00abPar rapport au bien-\u00eatre animal, nous sommes oppos\u00e9s \u00e0 ce genre d\u2019\u00e9v\u00e9nement. Les chiots sont mis en avant et mis \u00e0 la vente, cette mani\u00e8re de faire est beaucoup moins int\u00e9ressante que d\u2019aller directement chez un \u00e9leveur. Acheter un chien, c\u2019est une d\u00e9marche sur le long terme. \u00c7a ne peut pas \u00eatre un achat coup de c\u0153ur. Un chiot n\u2019est pas un cadeau de No\u00ebl\u00a0! On s\u2019engage \u00e0 faire attention \u00e0 lui et \u00e0 en prendre soin\u00bb.<\/p>\n<p class=\"fig-paragraph\">Pour autant, la ville a d\u00fb reconna\u00eetre son impuissance face \u00e0 l\u2019organisation du salon\u00a0: la manifestation ne se tenant pas sur l\u2019espace public, aucun levier l\u00e9gal n\u2019existe pour l\u2019emp\u00eacher. \u00abIls sont sur un terrain priv\u00e9, on a essay\u00e9 d\u2019intervenir aupr\u00e8s de la pr\u00e9fecture&#8230; mais en vain. Les organisateurs ne nous ont jamais contact\u00e9s, et ils n\u2019ont contact\u00e9 aucune association de notre territoire\u00bb, s\u2019insurge l\u2019\u00e9lue.<\/p>\n<p>                                    <a class=\"fig-a11y-skip a11y-hidden\" href=\"#fig-a11y-skip-main-inarticle\"><br \/>\n        Passer la publicit\u00e9<br \/>\n    <\/a><\/p>\n<p>\u00abLa France est championne d\u2019Europe des abandons\u00bb<\/p>\n<p class=\"fig-paragraph\">Les d\u00e9fenseurs des animaux n\u2019ont pas tard\u00e9, eux aussi, \u00e0 r\u00e9agir.\u00a0<a href=\"https:\/\/www.mesopinions.com\/petition\/animaux\/salon-chiot-pessac-30-31-aout\/248144\" target=\"_blank\" rel=\"sponsored noopener\" data-gtm-custom-categorie=\"navigation\" data-gtm-custom-action=\"crossclick\" data-gtm-custom-label=\"Contextuel\" data-gtm-event=\"customEventSPE\">Une p\u00e9tition<\/a>\u00a0\u00abNon au Salon du Chiot de Pessac\u00bb a \u00e9t\u00e9 lanc\u00e9e et a recueilli plus de 23.000 signatures. \u00abLa grande probl\u00e9matique, dans ces salons, c\u2019est qu\u2019on est dans un march\u00e9 au fruit. On vient chercher son chiot comme on ach\u00e8te la salade au march\u00e9\u00bb, alerte Baptise Praud, pr\u00e9sident de l\u2019association Argos 42, \u00e0 l\u2019origine de la p\u00e9tition. Pour lui, il s\u2019agit d\u2019un mod\u00e8le d\u00e9pass\u00e9, contraire aux enjeux actuels du bien-\u00eatre animal. Il rappelle que \u00abla France est championne d\u2019Europe des abandons, avec 300.000 animaux de compagnie d\u00e9laiss\u00e9s par an, selon les derni\u00e8res estimations\u00bb.<\/p>\n<p class=\"fig-paragraph\">Contact\u00e9e \u00e0 de nombreuses reprises par Le Figaro, la soci\u00e9t\u00e9 April\u2019Events n\u2019a pas r\u00e9pondu \u00e0 nos sollicitations. Chez nos confr\u00e8res de Sud-Ouest, Steeve Murillo, l\u2019un des \u00e9leveurs organisateurs du salon, d\u00e9fend le concept. \u00abCela permet aux gens de voir plusieurs races et de mieux identifier celle qui leur correspond\u00bb. Pour lui, \u00abLes gens ne vont pas acheter un chien 2000\u00a0euros pour l\u2019abandonner\u00bb.<\/p>\n<p class=\"fig-paragraph\">L<a href=\"http:\/\/www.lefigaro.fr\/actualite-france\/lutte-contre-la-maltraitance-animale-ultime-vote-de-l-assemblee-quasi-unanime-avant-le-senat-jeudi-20211116\" target=\"_blank\" data-fig-type=\"NewsFlash\" rel=\"noopener\" data-gtm-custom-categorie=\"navigation\" data-gtm-custom-action=\"crossclick\" data-gtm-custom-label=\"Contextuel\" data-gtm-event=\"customEventSPE\" data-fig-domain=\"LEFIGARO\">a loi de 2021 contre la maltraitance animale\u00a0<\/a>impose aujourd\u2019hui qu\u2019un certificat d\u2019engagement soit sign\u00e9 par l\u2019adoptant au moins une semaine avant l\u2019adoption. Sans ce document, aucune adoption ne peut \u00eatre effectu\u00e9e lors du salon. Pour Sylvie Vieu, c\u2019est une pratique qui n\u2019est pas respect\u00e9e. \u00abSouvent, certains acheteurs n\u2019ont rien sign\u00e9 au pr\u00e9alable, mais les \u00e9leveurs peuvent antidater le certificat. Les familles viennent par curiosit\u00e9, et parfois ressortent du salon avec un chiot sous les bras\u00bb, d\u00e9plore-t-elle. Ce samedi, elle assure qu\u2019elle se rendra au salon pour v\u00e9rifier que les r\u00e8gles seront bien respect\u00e9es et \u00abpour avertir les forces de l\u2019ordre s\u2019il y a des choses qui contreviennent \u00e0 la l\u00e9galit\u00e9\u00bb.<\/p>\n<p class=\"fig-paragraph\">Il y a une dizaine de jours, un\u00a0<a href=\"https:\/\/www.lefigaro.fr\/nantes\/on-ne-peut-pas-tirer-a-boulets-rouges-sans-savoir-de-quoi-on-parle-a-nantes-le-salon-du-chiot-dans-le-viseur-des-animalistes-20250820?msockid=258c4318a154643d05395665a0ed65f9\" target=\"_blank\" data-fig-type=\"NewsFlash\" rel=\"sponsored noopener\" data-gtm-custom-categorie=\"navigation\" data-gtm-custom-action=\"crossclick\" data-gtm-custom-label=\"Contextuel\" data-gtm-event=\"customEventSPE\" data-fig-domain=\"LEFIGARO\">salon du chiot organis\u00e9 \u00e0 Nantes \u00e9tait \u00e9galement dans le viseur de plusieurs associations animalistes<\/a>.<\/p>\n","protected":false},"excerpt":{"rendered":"Ce samedi 30 et dimanche 31 ao\u00fbt, un salon du chiot se tient \u00e0 Pessac, pr\u00e8s de Bordeaux.&hellip;\n","protected":false},"author":2,"featured_media":353934,"comment_status":"","ping_status":"","sticky":false,"template":"","format":"standard","meta":{"footnotes":""},"categories":[2817],"tags":[1111,11,1997,4850,1777,674,1011,27,12,2219,10595,25],"class_list":{"0":"post-353933","1":"post","2":"type-post","3":"status-publish","4":"format-standard","5":"has-post-thumbnail","7":"category-bordeaux","8":"tag-actu","9":"tag-actualites","10":"tag-bordeaux","11":"tag-chien","12":"tag-eu","13":"tag-europe","14":"tag-fr","15":"tag-france","16":"tag-news","17":"tag-nouvelle-aquitaine","18":"tag-protection-animale","19":"tag-republique-francaise"},"share_on_mastodon":{"url":"https:\/\/pubeurope.com\/@fr\/115116292516073132","error":""},"_links":{"self":[{"href":"https:\/\/www.europesays.com\/fr\/wp-json\/wp\/v2\/posts\/353933","targetHints":{"allow":["GET"]}}],"collection":[{"href":"https:\/\/www.europesays.com\/fr\/wp-json\/wp\/v2\/posts"}],"about":[{"href":"https:\/\/www.europesays.com\/fr\/wp-json\/wp\/v2\/types\/post"}],"author":[{"embeddable":true,"href":"https:\/\/www.europesays.com\/fr\/wp-json\/wp\/v2\/users\/2"}],"replies":[{"embeddable":true,"href":"https:\/\/www.europesays.com\/fr\/wp-json\/wp\/v2\/comments?post=353933"}],"version-history":[{"count":0,"href":"https:\/\/www.europesays.com\/fr\/wp-json\/wp\/v2\/posts\/353933\/revisions"}],"wp:featuredmedia":[{"embeddable":true,"href":"https:\/\/www.europesays.com\/fr\/wp-json\/wp\/v2\/media\/353934"}],"wp:attachment":[{"href":"https:\/\/www.europesays.com\/fr\/wp-json\/wp\/v2\/media?parent=353933"}],"wp:term":[{"taxonomy":"category","embeddable":true,"href":"https:\/\/www.europesays.com\/fr\/wp-json\/wp\/v2\/categories?post=353933"},{"taxonomy":"post_tag","embeddable":true,"href":"https:\/\/www.europesays.com\/fr\/wp-json\/wp\/v2\/tags?post=353933"}],"curies":[{"name":"wp","href":"https:\/\/api.w.org\/{rel}","templated":true}]}}