{"id":353935,"date":"2025-08-30T06:26:11","date_gmt":"2025-08-30T06:26:11","guid":{"rendered":"https:\/\/www.europesays.com\/fr\/353935\/"},"modified":"2025-08-30T06:26:11","modified_gmt":"2025-08-30T06:26:11","slug":"haute-garonne-aliocema-organise-une-course-pour-soutenir-les-familles-denfants-prematures-et-la-recherche-sur-les-tumeurs-cerebrales","status":"publish","type":"post","link":"https:\/\/www.europesays.com\/fr\/353935\/","title":{"rendered":"Haute-Garonne\u00a0: Aliocema organise une course pour soutenir les familles d\u2019enfants pr\u00e9matur\u00e9s et la recherche sur les tumeurs c\u00e9r\u00e9brales"},"content":{"rendered":"<p class=\"paragraph text_align_left lp-f-body-02\">Une course solidaire \u00e0 travers paysages urbains et nature pour financer la recherche contre le cancer du cerveau et aider les familles d\u2019enfants pr\u00e9matur\u00e9s. C\u2019est l\u2019objectif de la deuxi\u00e8me \u00e9dition d\u2019<a href=\"https:\/\/aliocema.com\/evenements\/aliocema-run-2025\/\" target=\"_blank\" rel=\"noreferrer nofollow noopener\">Aliocema Run<\/a>, une course qui se d\u00e9roulera \u00e0 Saint-Jean (Haute-Garonne), au nord de Toulouse, ce dimanche 31 ao\u00fbt 2025.<\/p>\n<p class=\"paragraph text_align_left lp-f-body-02\">Organis\u00e9e par le collectif Aliocema en partenariat avec l\u2019Association pour <a href=\"https:\/\/www.leparisien.fr\/societe\/sante\/atteint-dun-cancer-du-cerveau-incurable-un-medecin-australien-na-plus-de-tumeur-grace-a-son-traitement-experimental-15-05-2024-R2RUU7FLLBCFHE4MY42WZYFWZE.php\" target=\"_blank\" rel=\"noreferrer nofollow noopener\">la recherche sur les tumeurs c\u00e9r\u00e9brales<\/a>, cette course a \u00e9t\u00e9 cr\u00e9\u00e9e par un couple, Marie et Nicolas. En 2018, ils d\u00e9couvrent que l\u2019une de leurs filles, Oc\u00e9ane, souffre \u00e0 19 ans d\u2019une tumeur au cerveau. Si, depuis, ils ont surmont\u00e9 ensemble cette \u00e9preuve, elle a donn\u00e9 au couple envie de soutenir les autres familles touch\u00e9es, et de r\u00e9colter des fonds pour la recherche.<\/p>\n<p class=\"paragraph text_align_left lp-f-body-02\">\u00ab Marie a une fille, Manon, d\u2019une pr\u00e9c\u00e9dente union, et moi-m\u00eame, je suis p\u00e8re de deux filles, Aliz\u00e9e et Oc\u00e9ane, ce qui fait de nous une famille recompos\u00e9e \u00bb, raconte Nicolas. \u00ab Le 31 octobre 2018, nous avons appris la tumeur d\u2019Oc\u00e9ane qui a d\u00fb \u00eatre op\u00e9r\u00e9e puis effectuer de la radioth\u00e9rapie et de la chimioth\u00e9rapie. Aujourd\u2019hui, elle va bien, et est en r\u00e9mission. \u00bb<\/p>\n<p class=\"paragraph text_align_left lp-f-body-02\">Durant les premi\u00e8res ann\u00e9es difficiles de la maladie d\u2019Oc\u00e9ane, il court r\u00e9guli\u00e8rement \u00ab dans la for\u00eat de Buzet-sur-Tarn (Haute-Garonne), pr\u00e8s de chez nous, <a href=\"https:\/\/www.leparisien.fr\/sports\/la-course-a-pied-ma-sauvee-stress-burn-out-le-sport-les-a-aidees-a-etre-bien-dans-leurs-baskets-09-10-2023-TZJFBLF4FBGNRM22BYOXDMFAGY.php\" target=\"_blank\" rel=\"noreferrer nofollow noopener\">pour me ressourcer<\/a>, pour revenir solide comme un roc \u00e0 ses c\u00f4t\u00e9s \u00bb. C\u2019est apr\u00e8s avoir re\u00e7u des bonnes nouvelles sur la sant\u00e9 de la jeune femme que na\u00eet l\u2019id\u00e9e d\u2019une course solidaire.<\/p>\n<p class=\"paragraph text_align_left lp-f-body-02\">Constatant la solitude des familles de malades, Nicolas et Marie ont ainsi effectu\u00e9 toutes les d\u00e9marches pour cr\u00e9er l\u2019association Aliocema (pour Aliz\u00e9e, Oc\u00e9ane et Manon), reconnue d\u2019int\u00e9r\u00eat g\u00e9n\u00e9ral le 31 octobre 2022. Manon, la fille de Marie, ayant \u00e9t\u00e9 une enfant grande pr\u00e9matur\u00e9e, ils ont aussi d\u00e9cid\u00e9 de soutenir aussi cette cause.<\/p>\n<p>Trois parcours pour courir ou marcher<\/p>\n<p class=\"paragraph text_align_left lp-f-body-02\">\u00ab Nos enfants font partie int\u00e9grante de notre association qui vise \u00e0 r\u00e9pondre aux questions que se posent les parents dans ce genre d\u2019\u00e9preuve \u00bb, confie Marie. \u00ab Nous tenons \u00e0 remercier tous ceux qui nous \u00e9paulent dans l\u2019association et pour l\u2019organisation de cette course qui n\u00e9cessite un an de travail. \u00bb<\/p>\n<p class=\"paragraph text_align_left lp-f-body-02\">Apr\u00e8s une premi\u00e8re \u00e9dition r\u00e9unissant 350 participants dans la for\u00eat de Buzet-sur-Tarn le 31 octobre 2021, c\u2019est dans la ville de Saint-Jean que les coureurs s\u2019\u00e9lanceront cette ann\u00e9e, le long de trois parcours diff\u00e9rents : Oc\u00e9ane sur 10 km, Aliz\u00e9e sur 5 km, et Manon pour la marche de 5 km.<\/p>\n<p class=\"paragraph text_align_left lp-f-body-02\">L\u2019association Aliocema, qui r\u00e9colte des fonds essentiellement aupr\u00e8s de m\u00e9c\u00e8nes et d\u2019entreprises, a r\u00e9uni environ 40 000 euros de dons en 2024. Elle esp\u00e8re rassembler pr\u00e8s d\u2019un millier de coureurs cette ann\u00e9e. Les inscriptions <a href=\"https:\/\/aliocema.com\/evenements\/aliocema-run-2025\/\" target=\"_blank\" rel=\"noreferrer nofollow noopener\">sont possibles sur le site Internet de l\u2019\u00e9v\u00e9nement<\/a> et sur place le jour de la course.<\/p>\n","protected":false},"excerpt":{"rendered":"Une course solidaire \u00e0 travers paysages urbains et nature pour financer la recherche contre le cancer du cerveau&hellip;\n","protected":false},"author":2,"featured_media":353936,"comment_status":"","ping_status":"","sticky":false,"template":"","format":"standard","meta":{"footnotes":""},"categories":[2816],"tags":[1111,11,459,1777,674,1011,27,4623,12,2680,25,104,2312],"class_list":{"0":"post-353935","1":"post","2":"type-post","3":"status-publish","4":"format-standard","5":"has-post-thumbnail","7":"category-toulouse","8":"tag-actu","9":"tag-actualites","10":"tag-departements-horsidfo","11":"tag-eu","12":"tag-europe","13":"tag-fr","14":"tag-france","15":"tag-haute-garonne-31","16":"tag-news","17":"tag-occitanie","18":"tag-republique-francaise","19":"tag-societe","20":"tag-toulouse"},"share_on_mastodon":{"url":"https:\/\/pubeurope.com\/@fr\/115116296372462747","error":""},"_links":{"self":[{"href":"https:\/\/www.europesays.com\/fr\/wp-json\/wp\/v2\/posts\/353935","targetHints":{"allow":["GET"]}}],"collection":[{"href":"https:\/\/www.europesays.com\/fr\/wp-json\/wp\/v2\/posts"}],"about":[{"href":"https:\/\/www.europesays.com\/fr\/wp-json\/wp\/v2\/types\/post"}],"author":[{"embeddable":true,"href":"https:\/\/www.europesays.com\/fr\/wp-json\/wp\/v2\/users\/2"}],"replies":[{"embeddable":true,"href":"https:\/\/www.europesays.com\/fr\/wp-json\/wp\/v2\/comments?post=353935"}],"version-history":[{"count":0,"href":"https:\/\/www.europesays.com\/fr\/wp-json\/wp\/v2\/posts\/353935\/revisions"}],"wp:featuredmedia":[{"embeddable":true,"href":"https:\/\/www.europesays.com\/fr\/wp-json\/wp\/v2\/media\/353936"}],"wp:attachment":[{"href":"https:\/\/www.europesays.com\/fr\/wp-json\/wp\/v2\/media?parent=353935"}],"wp:term":[{"taxonomy":"category","embeddable":true,"href":"https:\/\/www.europesays.com\/fr\/wp-json\/wp\/v2\/categories?post=353935"},{"taxonomy":"post_tag","embeddable":true,"href":"https:\/\/www.europesays.com\/fr\/wp-json\/wp\/v2\/tags?post=353935"}],"curies":[{"name":"wp","href":"https:\/\/api.w.org\/{rel}","templated":true}]}}