{"id":353937,"date":"2025-08-30T06:27:11","date_gmt":"2025-08-30T06:27:11","guid":{"rendered":"https:\/\/www.europesays.com\/fr\/353937\/"},"modified":"2025-08-30T06:27:11","modified_gmt":"2025-08-30T06:27:11","slug":"diffusion-toulouse-psg-a-quelle-heure-et-sur-quelle-chaine-voir-le-match-en-direct","status":"publish","type":"post","link":"https:\/\/www.europesays.com\/fr\/353937\/","title":{"rendered":"Diffusion Toulouse \u2013 PSG : \u00e0 quelle heure et sur quelle cha\u00eene voir le match en direct ?"},"content":{"rendered":"<p class=\"paragraph text_align_left lp-f-body-02\">\u00c0 l\u2019heure actuelle, le Toulouse FC occupe la seconde place du tableau, avec deux victoires \u00e0 son actif. Apr\u00e8s avoir battu l\u2019OGC Nice (0-1), les Violets se sont impos\u00e9s contre le Stade Brestois 29 (2-0). Les co\u00e9quipiers de Frank Magri ont d\u00e9sormais l\u2019occasion de r\u00e9aliser un tripl\u00e9, et de se rapprocher de la premi\u00e8re place du classement. En face, les champions d\u2019Europe en titre restent sur deux succ\u00e8s de rang contre les Canaris du FC Nantes (0-1) et le SCO Angers (1-0). \u00c0 \u00e9galit\u00e9 de points avec leur adversaire du jour, Lyon et Strasbourg, les hommes de Luis Enrique n\u2019ont pas d\u2019autre choix que de remporter cette nouvelle confrontation pour rester sur le podium. Pour m\u00e9moire, le Paris Saint-Germain ne s\u2019est pas inclin\u00e9 face au Toulouse FC depuis mai 2024 (1-3). Dans ces lignes, on vous dit \u00e0 quelle heure et sur quelle cha\u00eene regarder le match Toulouse \u2013 Paris SG en direct ce samedi soir.<\/p>\n<p class=\"paragraph text_align_left lp-f-body-02\"><a href=\"https:\/\/dazn.prf.hn\/click\/camref:1011lSfUI\" target=\"_blank\" rel=\"sponsored nofollow noopener\"><b>Bon plan sur l\u2019abonnement Ligue 1+ avec DAZN<\/b><\/a><b> : 9,99\u20ac\/mois pendant 3 mois<\/b><\/p>\n<p><b>Diffusion Toulouse \u2013 PSG en direct : sur quelle cha\u00eene regarder le match ?<\/b><\/p>\n<p class=\"paragraph text_align_left lp-f-body-02\">Le match qui oppose le Toulouse FC et le Paris Saint-Germain est diffus\u00e9 ce samedi 30 ao\u00fbt <a href=\"https:\/\/dazn.prf.hn\/click\/camref:1011lSfUI\" target=\"_blank\" rel=\"sponsored nofollow noopener\">en direct sur Ligue 1+<\/a>. La rencontre est pr\u00e9vue \u00e0 21 heures 05, au Stadium. L\u2019arbitre \u00c9ric Wattellier a \u00e9t\u00e9 d\u00e9sign\u00e9 pour diriger le choc. Il sera assist\u00e9 de Cyril Gringore et de St\u00e9phane Bre \u00e0 la VAR. Les commentateurs vous donnent rendez-vous quelques minutes avant le d\u00e9but du choc, pour faire le point sur les effectifs et les derni\u00e8res actualit\u00e9s des clubs. Ils d\u00e9cryptent ensuite les performances des joueurs, analysent les r\u00e9sultats et reviennent sur les temps forts de la soir\u00e9e.<\/p>\n<p class=\"paragraph text_align_left lp-f-body-02\"><b>Cliquez ici pour <\/b><a href=\"https:\/\/dazn.prf.hn\/click\/camref:1011lSfUI\" target=\"_blank\" rel=\"sponsored nofollow noopener\"><b>regarder le match Toulouse \u2013 PSG<\/b><\/a><\/p>\n","protected":false},"excerpt":{"rendered":"\u00c0 l\u2019heure actuelle, le Toulouse FC occupe la seconde place du tableau, avec deux victoires \u00e0 son actif.&hellip;\n","protected":false},"author":2,"featured_media":353938,"comment_status":"","ping_status":"","sticky":false,"template":"","format":"standard","meta":{"footnotes":""},"categories":[2816],"tags":[1111,11,49020,1777,674,1011,27,749,12,2680,25,2312,40582,6718],"class_list":{"0":"post-353937","1":"post","2":"type-post","3":"status-publish","4":"format-standard","5":"has-post-thumbnail","7":"category-toulouse","8":"tag-actu","9":"tag-actualites","10":"tag-diffusion-toulouse-psg","11":"tag-eu","12":"tag-europe","13":"tag-fr","14":"tag-france","15":"tag-guide-shopping","16":"tag-news","17":"tag-occitanie","18":"tag-republique-francaise","19":"tag-toulouse","20":"tag-toulouse-psg","21":"tag-tv-streaming"},"share_on_mastodon":{"url":"https:\/\/pubeurope.com\/@fr\/115116300338065585","error":""},"_links":{"self":[{"href":"https:\/\/www.europesays.com\/fr\/wp-json\/wp\/v2\/posts\/353937","targetHints":{"allow":["GET"]}}],"collection":[{"href":"https:\/\/www.europesays.com\/fr\/wp-json\/wp\/v2\/posts"}],"about":[{"href":"https:\/\/www.europesays.com\/fr\/wp-json\/wp\/v2\/types\/post"}],"author":[{"embeddable":true,"href":"https:\/\/www.europesays.com\/fr\/wp-json\/wp\/v2\/users\/2"}],"replies":[{"embeddable":true,"href":"https:\/\/www.europesays.com\/fr\/wp-json\/wp\/v2\/comments?post=353937"}],"version-history":[{"count":0,"href":"https:\/\/www.europesays.com\/fr\/wp-json\/wp\/v2\/posts\/353937\/revisions"}],"wp:featuredmedia":[{"embeddable":true,"href":"https:\/\/www.europesays.com\/fr\/wp-json\/wp\/v2\/media\/353938"}],"wp:attachment":[{"href":"https:\/\/www.europesays.com\/fr\/wp-json\/wp\/v2\/media?parent=353937"}],"wp:term":[{"taxonomy":"category","embeddable":true,"href":"https:\/\/www.europesays.com\/fr\/wp-json\/wp\/v2\/categories?post=353937"},{"taxonomy":"post_tag","embeddable":true,"href":"https:\/\/www.europesays.com\/fr\/wp-json\/wp\/v2\/tags?post=353937"}],"curies":[{"name":"wp","href":"https:\/\/api.w.org\/{rel}","templated":true}]}}