{"id":353939,"date":"2025-08-30T06:28:10","date_gmt":"2025-08-30T06:28:10","guid":{"rendered":"https:\/\/www.europesays.com\/fr\/353939\/"},"modified":"2025-08-30T06:28:10","modified_gmt":"2025-08-30T06:28:10","slug":"metropole-de-lille-avant-la-rentree-quels-magasins-seront-ouverts-ce-dimanche-31-aout","status":"publish","type":"post","link":"https:\/\/www.europesays.com\/fr\/353939\/","title":{"rendered":"M\u00e9tropole de Lille. Avant la rentr\u00e9e, quels magasins seront ouverts ce dimanche 31 ao\u00fbt\u00a0?"},"content":{"rendered":"<p>            Par<br \/>\n        <strong><br \/>\n            <a href=\"https:\/\/actu.fr\/auteur\/nicolas-demollien\" title=\"Consulter tous les articles de Nicolas Demollien\" rel=\"nofollow noopener\" target=\"_blank\">Nicolas Demollien<\/a><br \/>\n        <\/strong><\/p>\n<p>        Publi\u00e9 le<\/p>\n<p>            30 ao\u00fbt 2025 \u00e0 7h50        <\/p>\n<p>Envie ou besoin de faire quelques emplettes ? Ce <b>dimanche 31 ao\u00fbt 2025<\/b>, veille de la rentr\u00e9e scolaire, plusieurs <b>magasins ouvriront exceptionnellement<\/b> leurs portes dans la m\u00e9tropole de <a href=\"https:\/\/actu.fr\/hauts-de-france\/lille_59350\" rel=\"nofollow noopener\" target=\"_blank\">Lille<\/a> (Nord). Ce sera notamment le cas de <b>plusieurs grands centres commerciaux<\/b>. On fait le point.<\/p>\n<p>De Lille \u00e0 Roubaix, des magasins ouverts exceptionnellement ce dimanche<\/p>\n<p class=\" wall-content\">Dans la capitale des Flandres, ce sera le cas du plus r\u00e9put\u00e9 d\u2019entre eux : <b>Westfield Euralille<\/b>. L\u2019immense centre commercial sera ainsi ouvert toute la journ\u00e9e, de 10h \u00e0 19h.<\/p>\n<p>    <a href=\"https:\/\/www.facebook.com\/plugins\/post.php?href=https%3A%2F%2Fwww.facebook.com%2FWestfieldEuralille%2Fposts%2Fpfbid02dpnepMaiYnguh59Z8yM9sWwfyHmUed3ReUhpNLc9rMyjeLCJCktBx6VtsadKfErQl&amp;show_text=true&amp;width=350\" title=\"Ouvrie le lien\" rel=\"nofollow noopener\" target=\"_blank\">Cliquez ici pour visualiser le contenu<\/a><\/p>\n<p class=\" wall-content\">Du c\u00f4t\u00e9 de <a href=\"https:\/\/actu.fr\/hauts-de-france\/roncq_59508\" rel=\"nofollow noopener\" target=\"_blank\">Roncq<\/a>, ce sera aussi le cas de l<b>\u2018immense zone commerciale Promenade de Flandre<\/b> avec des magasins ouverts de 10h \u00e0 19h. Notons toutefois qu\u2019Auchan sera ouvert seulement de 8h30 \u00e0 12h30 tandis que sa galerie sera ferm\u00e9e.<\/p>\n<p class=\" wall-content\">Non loin de l\u00e0, \u00e0 <a href=\"https:\/\/actu.fr\/hauts-de-france\/roubaix_59512\" rel=\"nofollow noopener\" target=\"_blank\">Roubaix<\/a>, les deux centres commerciaux outlet seront \u00e9galement ouverts. Aucune surprise pour <b>McArthurGlen<\/b> qui l\u2019est toute l\u2019ann\u00e9e. Mais on note l\u2019ouverture exceptionnelle de <b>L\u2019Usine<\/b> qui vous accueillera de 10h \u00e0 19h.<\/p>\n<p class=\" wall-content\">Bon shopping !<\/p>\n<p class=\" wall-content\">Personnalisez votre actualit\u00e9 en ajoutant vos villes et m\u00e9dias en favori avec <a href=\"https:\/\/moncompte.actu.fr\" title=\"D\u00e9couvez Mon Actu\" rel=\"nofollow noopener\" data-trk=\"{&quot;cta&quot;:{&quot;action&quot;:&quot;https:\\\/\\\/moncompte.actu.fr&quot;,&quot;category&quot;:&quot;mon compte&quot;,&quot;from&quot;:&quot;article footer&quot;,&quot;name&quot;:&quot;Mon actu&quot;,&quot;type&quot;:&quot;cta&quot;}}\" target=\"_blank\">Mon Actu<\/a>.<\/p>\n","protected":false},"excerpt":{"rendered":"Par Nicolas Demollien Publi\u00e9 le 30 ao\u00fbt 2025 \u00e0 7h50 Envie ou besoin de faire quelques emplettes ?&hellip;\n","protected":false},"author":2,"featured_media":353940,"comment_status":"","ping_status":"","sticky":false,"template":"","format":"standard","meta":{"footnotes":""},"categories":[2815],"tags":[1111,11,1777,674,1011,27,811,1307,12,25,104],"class_list":{"0":"post-353939","1":"post","2":"type-post","3":"status-publish","4":"format-standard","5":"has-post-thumbnail","7":"category-lille","8":"tag-actu","9":"tag-actualites","10":"tag-eu","11":"tag-europe","12":"tag-fr","13":"tag-france","14":"tag-hauts-de-france","15":"tag-lille","16":"tag-news","17":"tag-republique-francaise","18":"tag-societe"},"share_on_mastodon":{"url":"https:\/\/pubeurope.com\/@fr\/115116304295167875","error":""},"_links":{"self":[{"href":"https:\/\/www.europesays.com\/fr\/wp-json\/wp\/v2\/posts\/353939","targetHints":{"allow":["GET"]}}],"collection":[{"href":"https:\/\/www.europesays.com\/fr\/wp-json\/wp\/v2\/posts"}],"about":[{"href":"https:\/\/www.europesays.com\/fr\/wp-json\/wp\/v2\/types\/post"}],"author":[{"embeddable":true,"href":"https:\/\/www.europesays.com\/fr\/wp-json\/wp\/v2\/users\/2"}],"replies":[{"embeddable":true,"href":"https:\/\/www.europesays.com\/fr\/wp-json\/wp\/v2\/comments?post=353939"}],"version-history":[{"count":0,"href":"https:\/\/www.europesays.com\/fr\/wp-json\/wp\/v2\/posts\/353939\/revisions"}],"wp:featuredmedia":[{"embeddable":true,"href":"https:\/\/www.europesays.com\/fr\/wp-json\/wp\/v2\/media\/353940"}],"wp:attachment":[{"href":"https:\/\/www.europesays.com\/fr\/wp-json\/wp\/v2\/media?parent=353939"}],"wp:term":[{"taxonomy":"category","embeddable":true,"href":"https:\/\/www.europesays.com\/fr\/wp-json\/wp\/v2\/categories?post=353939"},{"taxonomy":"post_tag","embeddable":true,"href":"https:\/\/www.europesays.com\/fr\/wp-json\/wp\/v2\/tags?post=353939"}],"curies":[{"name":"wp","href":"https:\/\/api.w.org\/{rel}","templated":true}]}}