{"id":353941,"date":"2025-08-30T06:29:23","date_gmt":"2025-08-30T06:29:23","guid":{"rendered":"https:\/\/www.europesays.com\/fr\/353941\/"},"modified":"2025-08-30T06:29:23","modified_gmt":"2025-08-30T06:29:23","slug":"alors-que-la-municipalite-prend-en-charge-les-fournitures-scolaires-lallocation-de-rentree-a-quand-meme-ete-versee","status":"publish","type":"post","link":"https:\/\/www.europesays.com\/fr\/353941\/","title":{"rendered":"alors que la municipalit\u00e9 prend en charge les fournitures scolaires, l&rsquo;allocation de rentr\u00e9e a quand m\u00eame \u00e9t\u00e9 vers\u00e9e"},"content":{"rendered":"<p>\n                                            Maximilien Carlier<\/p>\n<p>                    06h41 . le 30 ao\u00fbt 2025<\/p>\n<p>            <img decoding=\"async\" alt=\"\u00c0 Lille, certaines familles peuvent b\u00e9n\u00e9ficier de\u00a0fournitures scolaires gratuites plus du versement de l'allocation de rentr\u00e9e scolaire\" src=\"https:\/\/www.europesays.com\/fr\/wp-content\/uploads\/2025\/08\/rentree-scolaire-ufc-que-choisir-pointe-les-substances-nocives-de-certaines-fournitures-scolaires.jp.webp\" width=\"343\" height=\"228\" loading=\"lazy\"\/><\/p>\n<p>\n            \u00c0 Lille, certaines familles peuvent b\u00e9n\u00e9ficier de\u00a0fournitures scolaires gratuites plus du versement de l&rsquo;allocation de rentr\u00e9e scolaire<\/p>\n<p>                ANNE-CHRISTINE POUJOULAT \/ AFP<br \/>\n                                        \/<br \/>\n                                                    \u00a9 ANNE-CHRISTINE POUJOULAT \/ AFP<\/p>\n<p class=\"intro \">\u00c0 Lille, pour la cinqui\u00e8me ann\u00e9e cons\u00e9cutive, les enfants des \u00e9coles b\u00e9n\u00e9ficient des fournitures scolaires gratuites, int\u00e9gralement prises en charge par la municipalit\u00e9, alors qu&rsquo;il existe \u00e9galement l&rsquo;allocation de rentr\u00e9e scolaire, vers\u00e9e pour deux millions de familles. Deux aides financ\u00e9es par les imp\u00f4ts des lillois.<\/p>\n<p>Une bonne chose pour certains, une incompr\u00e9hension pour d&rsquo;autres. \u00c0 Lille, certaines familles peuvent b\u00e9n\u00e9ficier de\u00a0<a href=\"https:\/\/www.europe1.fr\/emissions\/la-france-bouge\/baisse-des-prix-sur-les-fournitures-scolaires-770237\" target=\"_blank\" rel=\"nofollow noopener\">fournitures scolaires<\/a> gratuites plus du versement de l&rsquo;allocation de rentr\u00e9e scolaire et Philippe n&rsquo;est pas convaincu par ces deux dispositifs.\u00a0\u00ab\u00a0Il y a double emploi \u00e0 ce moment donc ce n&rsquo;est pas forc\u00e9ment justifi\u00e9\u00a0\u00bb, a-t-il d\u00e9clar\u00e9 \u00e0 notre micro.<\/p>\n<p>    La suite apr\u00e8s cette publicit\u00e9<\/p>\n<p>    La suite apr\u00e8s cette publicit\u00e9<\/p>\n<p>\u00ab\u00a0Le social n&rsquo;est pas fait correctement\u00a0\u00bb<\/p>\n<p>B\u00e9n\u00e9dicte, une autre habitante de la commune lilloise a le m\u00eame sentiment.\u00a0\u00ab\u00a0\u00c7a fait deux aides. Que ces fournitures soient gratuites, c&rsquo;est tr\u00e8s bien. Maintenant, l\u00e0, les allocations que l&rsquo;on verse, style CAF, je ne suis pas pour. Parce que je ne suis pas persuad\u00e9e qu&rsquo;elle soit utilis\u00e9e \u00e0 bon escient pour les enfants, alors que nous finan\u00e7ons tout cela avec nos <a href=\"https:\/\/www.europe1.fr\/dossiers\/impots\" target=\"_blank\" rel=\"nofollow noopener\">imp\u00f4ts<\/a>\u00ab\u00a0, a rapport\u00e9 B\u00e9n\u00e9dicte.\u00a0<\/p>\n<p>Juste \u00e0 c\u00f4t\u00e9, Alain se dit, lui, favorable \u00e0 ce qu&rsquo;on recentre ces aides : \u00ab\u00a0Le social n&rsquo;est pas fait correctement. On devrait r\u00e9unir \u00e7a dans une ou deux cat\u00e9gories d&rsquo;aides. Et non pas avoir une dispersion. C&rsquo;est les communes, d\u00e9partements, r\u00e9gions. Je pense que c&rsquo;est tr\u00e8s mal g\u00e9r\u00e9\u00a0\u00bb.\u00a0Alors que des familles, limit\u00e9es dans les plafonds, pourraient, selon lui, b\u00e9n\u00e9ficier un peu plus de ces aides.\u00a0<\/p>\n","protected":false},"excerpt":{"rendered":"Maximilien Carlier 06h41 . le 30 ao\u00fbt 2025 \u00c0 Lille, certaines familles peuvent b\u00e9n\u00e9ficier de\u00a0fournitures scolaires gratuites plus&hellip;\n","protected":false},"author":2,"featured_media":353942,"comment_status":"","ping_status":"","sticky":false,"template":"","format":"standard","meta":{"footnotes":""},"categories":[2815],"tags":[1111,11,1777,674,1011,27,811,1307,12,25],"class_list":{"0":"post-353941","1":"post","2":"type-post","3":"status-publish","4":"format-standard","5":"has-post-thumbnail","7":"category-lille","8":"tag-actu","9":"tag-actualites","10":"tag-eu","11":"tag-europe","12":"tag-fr","13":"tag-france","14":"tag-hauts-de-france","15":"tag-lille","16":"tag-news","17":"tag-republique-francaise"},"share_on_mastodon":{"url":"https:\/\/pubeurope.com\/@fr\/115116308258921974","error":""},"_links":{"self":[{"href":"https:\/\/www.europesays.com\/fr\/wp-json\/wp\/v2\/posts\/353941","targetHints":{"allow":["GET"]}}],"collection":[{"href":"https:\/\/www.europesays.com\/fr\/wp-json\/wp\/v2\/posts"}],"about":[{"href":"https:\/\/www.europesays.com\/fr\/wp-json\/wp\/v2\/types\/post"}],"author":[{"embeddable":true,"href":"https:\/\/www.europesays.com\/fr\/wp-json\/wp\/v2\/users\/2"}],"replies":[{"embeddable":true,"href":"https:\/\/www.europesays.com\/fr\/wp-json\/wp\/v2\/comments?post=353941"}],"version-history":[{"count":0,"href":"https:\/\/www.europesays.com\/fr\/wp-json\/wp\/v2\/posts\/353941\/revisions"}],"wp:featuredmedia":[{"embeddable":true,"href":"https:\/\/www.europesays.com\/fr\/wp-json\/wp\/v2\/media\/353942"}],"wp:attachment":[{"href":"https:\/\/www.europesays.com\/fr\/wp-json\/wp\/v2\/media?parent=353941"}],"wp:term":[{"taxonomy":"category","embeddable":true,"href":"https:\/\/www.europesays.com\/fr\/wp-json\/wp\/v2\/categories?post=353941"},{"taxonomy":"post_tag","embeddable":true,"href":"https:\/\/www.europesays.com\/fr\/wp-json\/wp\/v2\/tags?post=353941"}],"curies":[{"name":"wp","href":"https:\/\/api.w.org\/{rel}","templated":true}]}}