{"id":353943,"date":"2025-08-30T06:30:12","date_gmt":"2025-08-30T06:30:12","guid":{"rendered":"https:\/\/www.europesays.com\/fr\/353943\/"},"modified":"2025-08-30T06:30:12","modified_gmt":"2025-08-30T06:30:12","slug":"a-belsunce-un-ete-sous-la-coupe-des-dealers-de-crack","status":"publish","type":"post","link":"https:\/\/www.europesays.com\/fr\/353943\/","title":{"rendered":"\u00c0 Belsunce, un \u00e9t\u00e9 sous la coupe des dealers de crack"},"content":{"rendered":"<p>\u00ab\u00a0Les dealers ont juste chang\u00e9 de strat\u00e9gie, r\u00e9sume un commer\u00e7ant qui, comme ses coll\u00e8gues, voit son chiffre d\u2019affaires s\u2019effondrer jour apr\u00e8s jour. Maintenant, ils n\u2019ont plus la marchandise sur eux. Ils attendent que les clients soient nombreux pour aller la chercher et faire la distribution. R\u00e9sultat, il y a des queues de vingt ou trente toxicos, des bagarres quand il n\u2019y a pas assez de drogue pour tout le monde\u2026 C\u2019est l\u2019enfer.\u00a0\u00bb<\/p>\n<p>Coups de feu, tirs de mortier, portes d\u2019immeubles forc\u00e9es, halls d\u2019immeubles squatt\u00e9s, tentatives de cambriolages, pression sur les commer\u00e7ants, toxicomanes qui se piquen&#8230;<\/p>\n","protected":false},"excerpt":{"rendered":"\u00ab\u00a0Les dealers ont juste chang\u00e9 de strat\u00e9gie, r\u00e9sume un commer\u00e7ant qui, comme ses coll\u00e8gues, voit son chiffre d\u2019affaires&hellip;\n","protected":false},"author":2,"featured_media":353944,"comment_status":"","ping_status":"","sticky":false,"template":"","format":"standard","meta":{"footnotes":""},"categories":[2814],"tags":[17,1111,11,17039,615,16054,154,2883,1777,674,1011,27,884,12,882,16,25,3107],"class_list":{"0":"post-353943","1":"post","2":"type-post","3":"status-publish","4":"format-standard","5":"has-post-thumbnail","7":"category-marseille","8":"tag-17","9":"tag-actu","10":"tag-actualites","11":"tag-belsunce","12":"tag-coupe","13":"tag-dealers","14":"tag-des","15":"tag-ete","16":"tag-eu","17":"tag-europe","18":"tag-fr","19":"tag-france","20":"tag-marseille","21":"tag-news","22":"tag-provence-alpes-cote-dazur","23":"tag-region","24":"tag-republique-francaise","25":"tag-sous"},"share_on_mastodon":{"url":"https:\/\/pubeurope.com\/@fr\/115116312159430942","error":""},"_links":{"self":[{"href":"https:\/\/www.europesays.com\/fr\/wp-json\/wp\/v2\/posts\/353943","targetHints":{"allow":["GET"]}}],"collection":[{"href":"https:\/\/www.europesays.com\/fr\/wp-json\/wp\/v2\/posts"}],"about":[{"href":"https:\/\/www.europesays.com\/fr\/wp-json\/wp\/v2\/types\/post"}],"author":[{"embeddable":true,"href":"https:\/\/www.europesays.com\/fr\/wp-json\/wp\/v2\/users\/2"}],"replies":[{"embeddable":true,"href":"https:\/\/www.europesays.com\/fr\/wp-json\/wp\/v2\/comments?post=353943"}],"version-history":[{"count":0,"href":"https:\/\/www.europesays.com\/fr\/wp-json\/wp\/v2\/posts\/353943\/revisions"}],"wp:featuredmedia":[{"embeddable":true,"href":"https:\/\/www.europesays.com\/fr\/wp-json\/wp\/v2\/media\/353944"}],"wp:attachment":[{"href":"https:\/\/www.europesays.com\/fr\/wp-json\/wp\/v2\/media?parent=353943"}],"wp:term":[{"taxonomy":"category","embeddable":true,"href":"https:\/\/www.europesays.com\/fr\/wp-json\/wp\/v2\/categories?post=353943"},{"taxonomy":"post_tag","embeddable":true,"href":"https:\/\/www.europesays.com\/fr\/wp-json\/wp\/v2\/tags?post=353943"}],"curies":[{"name":"wp","href":"https:\/\/api.w.org\/{rel}","templated":true}]}}