{"id":353945,"date":"2025-08-30T06:31:10","date_gmt":"2025-08-30T06:31:10","guid":{"rendered":"https:\/\/www.europesays.com\/fr\/353945\/"},"modified":"2025-08-30T06:31:10","modified_gmt":"2025-08-30T06:31:10","slug":"marseille-ce-supermarche-peut-etre-ouvert-meme-le-dimanche-la-justice-desapprouve-le-prefet","status":"publish","type":"post","link":"https:\/\/www.europesays.com\/fr\/353945\/","title":{"rendered":"Marseille. Ce supermarch\u00e9 peut \u00eatre ouvert m\u00eame le dimanche, la justice d\u00e9sapprouve le pr\u00e9fet"},"content":{"rendered":"<p>            Par<br \/>\n        <strong><br \/>\n            <a href=\"https:\/\/actu.fr\/auteur\/redaction-marseille\" title=\"Consulter tous les articles de R\u00e9daction Marseille\" rel=\"nofollow noopener\" target=\"_blank\">R\u00e9daction Marseille<\/a><br \/>\n        <\/strong><\/p>\n<p>        Publi\u00e9 le<\/p>\n<p>            30 ao\u00fbt 2025 \u00e0 7h30        <\/p>\n<p>Le juge des r\u00e9f\u00e9r\u00e9s du tribunal administratif de Marseille a ordonn\u00e9 au pr\u00e9fet des Bouches-du-Rh\u00f4ne de laisser <strong>un Carrefour Express du 7e arrondissement<\/strong> de <a href=\"https:\/\/actu.fr\/marseille\/\" rel=\"nofollow noopener\" target=\"_blank\">Marseille<\/a> (<a href=\"https:\/\/actu.fr\/provence-alpes-cote-d-azur\/bouches-du-rhone_13\" rel=\"nofollow noopener\" target=\"_blank\">Bouches-du-Rh\u00f4ne<\/a>) ouvrir le dimanche apr\u00e8s-midi, comme le lui demandaient son g\u00e9rant et ses salari\u00e9s.<\/p>\n<p>Avec l\u2019accord des salari\u00e9s<\/p>\n<p class=\" wall-content\">La soci\u00e9t\u00e9\u00a0JFM-DC, qui exploite la sup\u00e9rette install\u00e9e au n\u00b0197 de la corniche du Pr\u00e9sident John Fitzgerald Kennedy, avait saisi la justice le 28\u00a0juillet 2025\u2009: le repr\u00e9sentant de l\u2019\u00c9tat avait rejet\u00e9 le 23\u00a0d\u00e9cembre 2024 sa <strong>demande de \u00ab\u2009d\u00e9rogation \u00e0 la r\u00e8gle du repos dominical des salari\u00e9s apr\u00e8s 13h\u2009\u00bb<\/strong> entre le 1er\u00a0juin et le 15\u00a0septembre pour les ann\u00e9es 2025 \u00e0 2027.<\/p>\n<p>    <a href=\"https:\/\/www.google.com\/maps\/embed?pb=!1m18!1m12!1m3!1d2726.714920077322!2d5.3478982757719855!3d43.28364517625483!2m3!1f0!2f0!3f0!3m2!1i1024!2i768!4f13.1!3m3!1m2!1s0x12c9c17281b6f87d%3A0xa00506d68cd4d355!2sCarrefour%20Express!5e1!3m2!1sfr!2sfr!4v1756505327432!5m2!1sfr!2sfr\" title=\"Ouvrie le lien\" rel=\"nofollow noopener\" target=\"_blank\">Cliquez ici pour visualiser le contenu<\/a><\/p>\n<p class=\" wall-content\">Son g\u00e9rant avait bien form\u00e9 un \u00ab\u2009recours hi\u00e9rarchique\u2009\u00bb aupr\u00e8s du minist\u00e8re du Travail, mais celui-ci s\u2019\u00e9tait heurt\u00e9 \u00e0 une \u00ab\u2009d\u00e9cision implicite de rejet\u2009\u00bb le 23\u00a0mars 2025 suite au silence gard\u00e9 par l\u2019administration centrale parisienne.<\/p>\n<p class=\" wall-content\"><strong>\u00ab\u2009Les salari\u00e9s ont vot\u00e9 pour l\u2019ouverture du magasin apr\u00e8s 13h\u2009\u00bb,<\/strong> soutenait donc l\u2019avocat de la soci\u00e9t\u00e9 devant le juge des r\u00e9f\u00e9r\u00e9s du tribunal administratif de Marseille. \u00ab\u2009La fermeture du magasin, situ\u00e9 sur un lieu tr\u00e8s fr\u00e9quent\u00e9, lui cause une perte importante de chiffre d\u2019affaires.\u2009\u00bb<\/p>\n<p>Un concurrent \u00ab\u2009\u00e0 200\u00a0m\u2009\u00bb autoris\u00e9 \u00e0 ouvrir<\/p>\n<p class=\" wall-content\">Surtout, la d\u00e9cision du pr\u00e9fet des Bouches-du-Rh\u00f4ne constituait <strong>une \u00ab\u2009atteinte \u00e0 la libert\u00e9 d\u2019entreprendre\u2009\u00bb<\/strong> mais aussi au \u00ab\u2009principe de la libre concurrence\u2009\u00bb\u2009: un \u00ab\u2009commerce similaire\u2009\u00bb situ\u00e9 \u00e0 \u00ab\u2009200\u00a0m\u00e8tres\u2009\u00bb du Carrefour Express \u2013\u00a0le Petit Casino de la Corniche\u00a0\u2013 a pour sa part \u00e9t\u00e9 \u00ab\u2009autoris\u00e9 \u00e0 ouvrir le dimanche apr\u00e8s-midi\u2009\u00bb. \u00ab\u2009Cela constitue, sur le long terme, un d\u00e9tournement de sa client\u00e8le\u2009\u00bb, r\u00e9sumait l\u2019avocat.<\/p>\n<p class=\" wall-content\">\u00ab\u2009La soci\u00e9t\u00e9 [\u2026] produit deux attestations comptables [\u2026] faisant \u00e9tat d\u2019une baisse d\u2019activit\u00e9 de 68\u2009% sur les douze premiers dimanches de 2024 \u2013 o\u00f9 le magasin \u00e9tait ouvert toute la journ\u00e9e [\u2026] \u2013 par rapport \u00e0 2025, o\u00f9 le magasin fermait apr\u00e8s 13h\u2009\u00bb, commence par constater le juge des r\u00e9f\u00e9r\u00e9s dans une ordonnance en date du 12\u00a0ao\u00fbt 2025 qui vient d\u2019\u00eatre rendue publique. La m\u00eame attestation comptable pr\u00e9voyait donc \u00ab\u2009<strong>une baisse de la marge brute de 15\u2009%<\/strong> suite \u00e0 la cessation d\u2019activit\u00e9 les dimanches apr\u00e8s-midi depuis octobre\u00a02024\u2009\u00bb.<\/p>\n<p>Votre r\u00e9gion, votre actu !<\/p>\n<p>Recevez chaque jour les infos qui comptent pour vous.<\/p>\n<p>\t<a href=\"https:\/\/actu.fr\/newsletter\" class=\"ac-btn ac-btn--corner ac-btn--medium ac-btn--blue800\" rel=\"nofollow noopener\" target=\"_blank\">S&rsquo;incrire<\/a><br \/>\n\u00ab\u2009Des r\u00e9percussions graves\u2009\u00bb<\/p>\n<p class=\" wall-content\">\u00ab\u2009De m\u00eame, l\u2019attestation du 15\u00a0juillet 2025 fait \u00e9tat d\u2019<strong>une perte d\u2019exploitation de 55282 euros hors taxes<\/strong>\u2009\u00bb, rel\u00e8ve le magistrat. \u00ab\u2009En outre, l\u2019administration ne conteste pas les effets du commerce similaire qui se trouve \u00e0 proximit\u00e9 de celui de la requ\u00e9rante, laquelle ne peut fid\u00e9liser sa client\u00e8le sur cette plage horaire.\u2009\u00bb<\/p>\n<p class=\" wall-content\">Le refus oppos\u00e9 par le pr\u00e9fet des Bouches-du-Rh\u00f4ne \u00e0 la demande de d\u00e9rogation au principe du repos dominical des salari\u00e9s a donc \u00ab\u2009des r\u00e9percussions graves sur la situation \u00e9conomique et financi\u00e8re\u2009\u00bb de la sup\u00e9rette marseillaise.<\/p>\n<p class=\" wall-content\">\u00ab\u2009En l\u2019\u00e9tat de l\u2019instruction, le moyen tir\u00e9 de ce que l\u2019arr\u00eat\u00e9 m\u00e9conna\u00eet les dispositions [\u2026] du Code du travail et est entach\u00e9 d\u2019une erreur d\u2019appr\u00e9ciation est de nature \u00e0 faire na\u00eetre un doute s\u00e9rieux quant \u00e0 la l\u00e9galit\u00e9 de la mesure\u2009\u00bb, conclut le juge des r\u00e9f\u00e9r\u00e9s. Le repr\u00e9sentant de l\u2019\u00c9tat a donc \u00e9t\u00e9 somm\u00e9 d\u2019autoriser la soci\u00e9t\u00e9 \u00e0 ouvrir le dimanche apr\u00e8s-midi jusqu\u2019au r\u00e9examen de l\u2019affaire par une formation coll\u00e9giale de trois juges, d\u2019ici dix-huit mois \u00e0 deux ans. Dans l\u2019imm\u00e9diat, <strong>le pr\u00e9fet devra verser 1.200 \u20ac de frais d\u2019avocat \u00e0 la soci\u00e9t\u00e9.<\/strong><\/p>\n<p class=\" wall-content\"><strong>GF \/ PressPepper<\/strong><\/p>\n<p class=\" wall-content\">Personnalisez votre actualit\u00e9 en ajoutant vos villes et m\u00e9dias en favori avec <a href=\"https:\/\/moncompte.actu.fr\" title=\"D\u00e9couvez Mon Actu\" rel=\"nofollow noopener\" data-trk=\"{&quot;cta&quot;:{&quot;action&quot;:&quot;https:\\\/\\\/moncompte.actu.fr&quot;,&quot;category&quot;:&quot;mon compte&quot;,&quot;from&quot;:&quot;article footer&quot;,&quot;name&quot;:&quot;Mon actu&quot;,&quot;type&quot;:&quot;cta&quot;}}\" target=\"_blank\">Mon Actu<\/a>.<\/p>\n","protected":false},"excerpt":{"rendered":"Par R\u00e9daction Marseille Publi\u00e9 le 30 ao\u00fbt 2025 \u00e0 7h30 Le juge des r\u00e9f\u00e9r\u00e9s du tribunal administratif de&hellip;\n","protected":false},"author":2,"featured_media":353946,"comment_status":"","ping_status":"","sticky":false,"template":"","format":"standard","meta":{"footnotes":""},"categories":[2814],"tags":[1111,11,4304,215,1777,674,1011,27,884,12,882,25,104],"class_list":{"0":"post-353945","1":"post","2":"type-post","3":"status-publish","4":"format-standard","5":"has-post-thumbnail","7":"category-marseille","8":"tag-actu","9":"tag-actualites","10":"tag-carrefour","11":"tag-commerce","12":"tag-eu","13":"tag-europe","14":"tag-fr","15":"tag-france","16":"tag-marseille","17":"tag-news","18":"tag-provence-alpes-cote-dazur","19":"tag-republique-francaise","20":"tag-societe"},"share_on_mastodon":{"url":"https:\/\/pubeurope.com\/@fr\/115116316072976183","error":""},"_links":{"self":[{"href":"https:\/\/www.europesays.com\/fr\/wp-json\/wp\/v2\/posts\/353945","targetHints":{"allow":["GET"]}}],"collection":[{"href":"https:\/\/www.europesays.com\/fr\/wp-json\/wp\/v2\/posts"}],"about":[{"href":"https:\/\/www.europesays.com\/fr\/wp-json\/wp\/v2\/types\/post"}],"author":[{"embeddable":true,"href":"https:\/\/www.europesays.com\/fr\/wp-json\/wp\/v2\/users\/2"}],"replies":[{"embeddable":true,"href":"https:\/\/www.europesays.com\/fr\/wp-json\/wp\/v2\/comments?post=353945"}],"version-history":[{"count":0,"href":"https:\/\/www.europesays.com\/fr\/wp-json\/wp\/v2\/posts\/353945\/revisions"}],"wp:featuredmedia":[{"embeddable":true,"href":"https:\/\/www.europesays.com\/fr\/wp-json\/wp\/v2\/media\/353946"}],"wp:attachment":[{"href":"https:\/\/www.europesays.com\/fr\/wp-json\/wp\/v2\/media?parent=353945"}],"wp:term":[{"taxonomy":"category","embeddable":true,"href":"https:\/\/www.europesays.com\/fr\/wp-json\/wp\/v2\/categories?post=353945"},{"taxonomy":"post_tag","embeddable":true,"href":"https:\/\/www.europesays.com\/fr\/wp-json\/wp\/v2\/tags?post=353945"}],"curies":[{"name":"wp","href":"https:\/\/api.w.org\/{rel}","templated":true}]}}