{"id":353947,"date":"2025-08-30T06:32:11","date_gmt":"2025-08-30T06:32:11","guid":{"rendered":"https:\/\/www.europesays.com\/fr\/353947\/"},"modified":"2025-08-30T06:32:11","modified_gmt":"2025-08-30T06:32:11","slug":"la-belle-idee-de-cet-atelier-dorfevre","status":"publish","type":"post","link":"https:\/\/www.europesays.com\/fr\/353947\/","title":{"rendered":"la belle id\u00e9e de cet atelier d&rsquo;orf\u00e8vre"},"content":{"rendered":"<p>Selon une enqu\u00eate Insee, 247\u00a0000 mariages ont \u00e9t\u00e9 c\u00e9l\u00e9br\u00e9s en France en 2024. Et pour bon nombre d\u2019entre eux, pour raisons \u00e9conomiques ou par envie d\u2019un mariage unique, le Do-it-yourself (faites-le vous-m\u00eame) a fonctionn\u00e9 \u00e0 plein pour la d\u00e9coration, le repas, la musique. Il reste n\u00e9anmoins deux \u00e9l\u00e9ments essentiels au mariage qui semblent r\u00e9sister \u00e0 cette r\u00e9alisation maison\u00a0: la confection de la robe de mari\u00e9e et celle des alliances. <a href=\"https:\/\/www.leprogres.fr\/economie\/2025\/08\/08\/il-y-a-de-plus-en-plus-d-hommes-un-atelier-couture-pour-confectionner-son-petit-sac-de-voyage\" target=\"_blank\" rel=\"noopener\"><\/p>\n<p>C\u2019est ce que l\u2019on croit&#8230;<\/p>\n","protected":false},"excerpt":{"rendered":"Selon une enqu\u00eate Insee, 247\u00a0000 mariages ont \u00e9t\u00e9 c\u00e9l\u00e9br\u00e9s en France en 2024. Et pour bon nombre d\u2019entre&hellip;\n","protected":false},"author":2,"featured_media":353948,"comment_status":"","ping_status":"","sticky":false,"template":"","format":"standard","meta":{"footnotes":""},"categories":[1889],"tags":[1111,11,1477,2430,130,33,2757,1777,674,1011,27,2428,2756,12,25,2429,3151],"class_list":{"0":"post-353947","1":"post","2":"type-post","3":"status-publish","4":"format-standard","5":"has-post-thumbnail","7":"category-lyon","8":"tag-actu","9":"tag-actualites","10":"tag-artisanat","11":"tag-auvergne-rhone-alpes","12":"tag-consommation","13":"tag-economie","14":"tag-edition-lyon-villeurbanne","15":"tag-eu","16":"tag-europe","17":"tag-fr","18":"tag-france","19":"tag-lyon","20":"tag-lyon-bassin","21":"tag-news","22":"tag-republique-francaise","23":"tag-rhone","24":"tag-selection-de-la-redaction-69"},"share_on_mastodon":{"url":"https:\/\/pubeurope.com\/@fr\/115116320017638447","error":""},"_links":{"self":[{"href":"https:\/\/www.europesays.com\/fr\/wp-json\/wp\/v2\/posts\/353947","targetHints":{"allow":["GET"]}}],"collection":[{"href":"https:\/\/www.europesays.com\/fr\/wp-json\/wp\/v2\/posts"}],"about":[{"href":"https:\/\/www.europesays.com\/fr\/wp-json\/wp\/v2\/types\/post"}],"author":[{"embeddable":true,"href":"https:\/\/www.europesays.com\/fr\/wp-json\/wp\/v2\/users\/2"}],"replies":[{"embeddable":true,"href":"https:\/\/www.europesays.com\/fr\/wp-json\/wp\/v2\/comments?post=353947"}],"version-history":[{"count":0,"href":"https:\/\/www.europesays.com\/fr\/wp-json\/wp\/v2\/posts\/353947\/revisions"}],"wp:featuredmedia":[{"embeddable":true,"href":"https:\/\/www.europesays.com\/fr\/wp-json\/wp\/v2\/media\/353948"}],"wp:attachment":[{"href":"https:\/\/www.europesays.com\/fr\/wp-json\/wp\/v2\/media?parent=353947"}],"wp:term":[{"taxonomy":"category","embeddable":true,"href":"https:\/\/www.europesays.com\/fr\/wp-json\/wp\/v2\/categories?post=353947"},{"taxonomy":"post_tag","embeddable":true,"href":"https:\/\/www.europesays.com\/fr\/wp-json\/wp\/v2\/tags?post=353947"}],"curies":[{"name":"wp","href":"https:\/\/api.w.org\/{rel}","templated":true}]}}