{"id":353959,"date":"2025-08-30T06:39:11","date_gmt":"2025-08-30T06:39:11","guid":{"rendered":"https:\/\/www.europesays.com\/fr\/353959\/"},"modified":"2025-08-30T06:39:11","modified_gmt":"2025-08-30T06:39:11","slug":"dans-le-14e-arrondissement-de-paris-ce-discret-bistrot-de-quartier-rencontre-un-vrai-succes","status":"publish","type":"post","link":"https:\/\/www.europesays.com\/fr\/353959\/","title":{"rendered":"dans le 14e arrondissement de Paris, ce discret bistrot de quartier rencontre un vrai succ\u00e8s"},"content":{"rendered":"<p>            Par<br \/>\n        <strong><br \/>\n            <a href=\"https:\/\/actu.fr\/auteur\/thomas-martin\" title=\"Consulter tous les articles de Thomas Martin\" target=\"_blank\" rel=\"noopener\">Thomas Martin<\/a><br \/>\n        <\/strong><\/p>\n<p>        Publi\u00e9 le<\/p>\n<p>            30 ao\u00fbt 2025 \u00e0 8h20        <\/p>\n<p>C\u2019est une adresse \u00e0 conseiller \u00e0 ses amis et \u00e0 cacher \u00e0 ses ennemis. Dans le 14e arrondissement de Paris, la charmante place <a href=\"https:\/\/actu.fr\/ile-de-france\/paris_75056\/michel-audiard-aurait-eu-100-ans-ce-15-mai-liens-paris_33646015.html\" target=\"_blank\" rel=\"noopener\">Michel-Audiard<\/a>, entre l\u2019avenue Ren\u00e9-Coty et celle du G\u00e9n\u00e9ral Leclerc, accueille un <a href=\"https:\/\/actu.fr\/ile-de-france\/paris_75056\/ou-sont-les-meilleurs-bistrots-de-paris-un-guide-devoile-100-adresses-incontournables_60475687.html\" target=\"_blank\" rel=\"noopener\">bistrot<\/a> de quartier hautement recommandable. <strong>La Petite Soeur<\/strong>, en r\u00e9f\u00e9rence au cultissime film Dikkenek, fait la quasi-unanimit\u00e9 parmi les avis laiss\u00e9s sur Google. En vrai, c\u2019est encore mieux.\u00a0<\/p>\n<p>Une ardoise resserr\u00e9e et efficace<\/p>\n<p class=\" wall-content\">En cette fin d\u2019\u00e9t\u00e9, le soleil donne encore sur Paris. Ce coin m\u00e9connu du 14e est des plus tranquilles, quasiment aucune voiture \u00e0 l\u2019horizon, pas de bruit. Une table nous tend les bras sur la terrasse avant de lorgner sur l\u2019aguichante proposition du soir. Une ardoise resserr\u00e9e et qui sort des sentiers battus \u00e0 des prix des plus corrects. On en salive d\u00e9j\u00e0.\u00a0<\/p>\n<p class=\" wall-content\">L\u2019oeuf et demi mayo (9 euros), le filet de sardines accompagn\u00e9 de stracciatella (14 euros)\u00a0 our encore le tirokafteri, un toast \u00e0 la grecque accompagn\u00e9 d\u2019un coulis de tomate et d\u2019une cr\u00e8me de feta (9 euros) incitent au partage. C\u2019est color\u00e9 et frais. Un pousse au crime.\u00a0<\/p>\n<p>    <img   decoding=\"async\" loading=\"lazy\" src=\"https:\/\/www.europesays.com\/fr\/wp-content\/uploads\/2025\/08\/tempfileforshare-20250829-152853-960x640.jpg\" alt=\"Un oeuf mayo au top\" width=\"960\" height=\"640\"\/><br \/>\n    Un oeuf mayo au top (\u00a9TM\/actuParis)<\/p>\n<p class=\" wall-content\">Et pour accompagner le tout, la maison propose des <a href=\"https:\/\/actu.fr\/tag\/vin\" target=\"_blank\" rel=\"noopener\">vins<\/a> nature, c\u2019est-\u00e0-dire produits \u00e0 partir de raisins bio, vendang\u00e9s \u00e0 la main et travaill\u00e9s sans aucun intrant de synth\u00e8se ainsi que des <a href=\"https:\/\/actu.fr\/tag\/biere\" target=\"_blank\" rel=\"noopener\">bi\u00e8res<\/a> artisanales, issues de brasseurs ind\u00e9pendants d\u2019\u00cele-de-France. Le choix du roi.\u00a0<\/p>\n<p class=\" wall-content\">La commande se fait au comptoir. Ne pr\u00eatez pas au message \u00ab\u00a0I hate the people\u00a0\u00bb, l\u2019accueil est au contraire fort sympathique entre ses murs.\u00a0<\/p>\n<p class=\" wall-content\">Ce soir-l\u00e0, on se contente d\u2019un partage d\u2019entr\u00e9es. Les plats \u00e9taient pourtant des plus attrayants : effiloch\u00e9 de poulet \u00e0 la figue (18 euros) ou f\u00e8ves \u00e0 la catalane (17 euros). Tout comme les abricots r\u00f4tis (8 euros) et le lemon curd en dessert (9 euros).\u00a0<\/p>\n<p>Votre r\u00e9gion, votre actu !<\/p>\n<p>Recevez chaque jour les infos qui comptent pour vous.<\/p>\n<p>\t<a href=\"https:\/\/actu.fr\/newsletter\" class=\"ac-btn ac-btn--corner ac-btn--medium ac-btn--blue800\" target=\"_blank\" rel=\"noopener\">S&rsquo;incrire<\/a><\/p>\n<p class=\" wall-content\">\u00a0Il y aura une prochaine fois, c\u2019est certain.\u00a0<\/p>\n<p><a href=\"https:\/\/lapetitesoeurparis.fr\/index.html\" target=\"_blank\" rel=\"noopener\">La Petite Soeur<\/a> \u2013 Place Michel-Audiard 75014 Paris \u2013 01 43 21 51 07 \/ Du mardi au jeudi &amp; dimanche : 18h \u2013 00h (Cuisine : 19h \u2013 22h30) \u2013 Vendredi samedi: 18h \u2013 02h (Cuisine : 19h \u2013 23h00) \u2013 Ferm\u00e9 le Lundi.<\/p>\n<p class=\" wall-content\">Personnalisez votre actualit\u00e9 en ajoutant vos villes et m\u00e9dias en favori avec <a href=\"https:\/\/moncompte.actu.fr\" title=\"D\u00e9couvez Mon Actu\" rel=\"nofollow noopener\" data-trk=\"{&quot;cta&quot;:{&quot;action&quot;:&quot;https:\\\/\\\/moncompte.actu.fr&quot;,&quot;category&quot;:&quot;mon compte&quot;,&quot;from&quot;:&quot;article footer&quot;,&quot;name&quot;:&quot;Mon actu&quot;,&quot;type&quot;:&quot;cta&quot;}}\" target=\"_blank\">Mon Actu<\/a>.<\/p>\n","protected":false},"excerpt":{"rendered":"Par Thomas Martin Publi\u00e9 le 30 ao\u00fbt 2025 \u00e0 8h20 C\u2019est une adresse \u00e0 conseiller \u00e0 ses amis&hellip;\n","protected":false},"author":2,"featured_media":353960,"comment_status":"","ping_status":"","sticky":false,"template":"","format":"standard","meta":{"footnotes":""},"categories":[1888],"tags":[11,7722,1777,674,1011,27,1652,12,626,25,1340,1662],"class_list":{"0":"post-353959","1":"post","2":"type-post","3":"status-publish","4":"format-standard","5":"has-post-thumbnail","7":"category-paris","8":"tag-actualites","9":"tag-biere","10":"tag-eu","11":"tag-europe","12":"tag-fr","13":"tag-france","14":"tag-loisirs-culture","15":"tag-news","16":"tag-paris","17":"tag-republique-francaise","18":"tag-restaurant","19":"tag-vin"},"share_on_mastodon":{"url":"https:\/\/pubeurope.com\/@fr\/115116347519236536","error":""},"_links":{"self":[{"href":"https:\/\/www.europesays.com\/fr\/wp-json\/wp\/v2\/posts\/353959","targetHints":{"allow":["GET"]}}],"collection":[{"href":"https:\/\/www.europesays.com\/fr\/wp-json\/wp\/v2\/posts"}],"about":[{"href":"https:\/\/www.europesays.com\/fr\/wp-json\/wp\/v2\/types\/post"}],"author":[{"embeddable":true,"href":"https:\/\/www.europesays.com\/fr\/wp-json\/wp\/v2\/users\/2"}],"replies":[{"embeddable":true,"href":"https:\/\/www.europesays.com\/fr\/wp-json\/wp\/v2\/comments?post=353959"}],"version-history":[{"count":0,"href":"https:\/\/www.europesays.com\/fr\/wp-json\/wp\/v2\/posts\/353959\/revisions"}],"wp:featuredmedia":[{"embeddable":true,"href":"https:\/\/www.europesays.com\/fr\/wp-json\/wp\/v2\/media\/353960"}],"wp:attachment":[{"href":"https:\/\/www.europesays.com\/fr\/wp-json\/wp\/v2\/media?parent=353959"}],"wp:term":[{"taxonomy":"category","embeddable":true,"href":"https:\/\/www.europesays.com\/fr\/wp-json\/wp\/v2\/categories?post=353959"},{"taxonomy":"post_tag","embeddable":true,"href":"https:\/\/www.europesays.com\/fr\/wp-json\/wp\/v2\/tags?post=353959"}],"curies":[{"name":"wp","href":"https:\/\/api.w.org\/{rel}","templated":true}]}}