{"id":353965,"date":"2025-08-30T06:42:10","date_gmt":"2025-08-30T06:42:10","guid":{"rendered":"https:\/\/www.europesays.com\/fr\/353965\/"},"modified":"2025-08-30T06:42:10","modified_gmt":"2025-08-30T06:42:10","slug":"les-4-erreurs-de-la-politique-economique-de-trump-et-leurs-consequences","status":"publish","type":"post","link":"https:\/\/www.europesays.com\/fr\/353965\/","title":{"rendered":"les 4\u00a0erreurs de la politique \u00e9conomique de Trump\u2026 et leurs cons\u00e9quences"},"content":{"rendered":"<p>L&rsquo;administration Trump fait quatre erreurs majeures en mati\u00e8re de politique \u00e9conomique qui entra\u00eeneront, \u00e0 court et \u00e0 long terme, une hausse de l&rsquo;inflation et un recul de la croissance.\u00a0La premi\u00e8re erreur est la mise en place <a class=\"Link\" href=\"https:\/\/www.lepoint.fr\/economie\/trump-et-von-der-leyen-annoncent-un-accord-sur-des-droits-de-douane-de-15--27-07-2025-2595216_28.php\" title=\"\" data-gtm=\"click:capsule\" data-capsule=\"Lien\" target=\"_blank\" rel=\"noopener\">de droits de douane \u00e9lev\u00e9s<\/a>. Ils entra\u00eenent des droits de douane moyens, calcul\u00e9s sur l&rsquo;ensemble des importations des \u00c9tats-Unis, de 18,3\u00a0% (d&rsquo;apr\u00e8s les calculs du Budget Lab de l&rsquo;universit\u00e9 Yale), c&rsquo;est-\u00e0-dire un niveau plus \u00e9lev\u00e9 que celui atteint avec <a class=\"Link\" href=\"https:\/\/www.lepoint.fr\/economie\/smoot-hawley-quand-les-etats-unis-s-essayaient-deja-au-protectionnisme-11-02-2025-2582110_28.php\" title=\"\" data-gtm=\"click:capsule\" data-capsule=\"Lien\" target=\"_blank\" rel=\"noopener\">le Smoot-Hawley Tariff de 1930<\/a>.<\/p>\n<p>Le premier risque, avec un niveau \u00e9lev\u00e9 de droits de douane, est celui de l&rsquo;inflation \u00e0 court terme\u00a0puisque les \u00e9tudes disponibles montrent que la hausse des droits de douane est presque int\u00e9gralement pass\u00e9e dans le prix des importations.<\/p>\n<p>Le second risque est celui du recul de la croiss&#8230;<\/p>\n<p>Toute l\u2019actualit\u00e9 \u00e0 1\u20ac le premier mois<\/p>\n<p><a href=\"https:\/\/abo.lepoint.fr\/?provenance=21EDI020098\" class=\"btn\" title=\"S&#039;abonner\" data-gtm=\"click:abo|display:abo\" data-campaign=\"paywall_maison\" target=\"_blank\" rel=\"noopener\">S&rsquo;abonner<\/a><\/p>\n<p>ou<\/p>\n","protected":false},"excerpt":{"rendered":"L&rsquo;administration Trump fait quatre erreurs majeures en mati\u00e8re de politique \u00e9conomique qui entra\u00eeneront, \u00e0 court et \u00e0 long&hellip;\n","protected":false},"author":2,"featured_media":353966,"comment_status":"","ping_status":"","sticky":false,"template":"","format":"standard","meta":{"footnotes":""},"categories":[1589],"tags":[11,75,73,1866,12,49021,1864,1865,1863,308],"class_list":{"0":"post-353965","1":"post","2":"type-post","3":"status-publish","4":"format-standard","5":"has-post-thumbnail","7":"category-etats-unis","8":"tag-actualites","9":"tag-donald-trump","10":"tag-etats-unis","11":"tag-etats-unis-damerique","12":"tag-news","13":"tag-patrick-artus-leco-sans-tabou","14":"tag-united-states","15":"tag-united-states-of-america","16":"tag-us","17":"tag-usa"},"share_on_mastodon":{"url":"https:\/\/pubeurope.com\/@fr\/115116359398739920","error":""},"_links":{"self":[{"href":"https:\/\/www.europesays.com\/fr\/wp-json\/wp\/v2\/posts\/353965","targetHints":{"allow":["GET"]}}],"collection":[{"href":"https:\/\/www.europesays.com\/fr\/wp-json\/wp\/v2\/posts"}],"about":[{"href":"https:\/\/www.europesays.com\/fr\/wp-json\/wp\/v2\/types\/post"}],"author":[{"embeddable":true,"href":"https:\/\/www.europesays.com\/fr\/wp-json\/wp\/v2\/users\/2"}],"replies":[{"embeddable":true,"href":"https:\/\/www.europesays.com\/fr\/wp-json\/wp\/v2\/comments?post=353965"}],"version-history":[{"count":0,"href":"https:\/\/www.europesays.com\/fr\/wp-json\/wp\/v2\/posts\/353965\/revisions"}],"wp:featuredmedia":[{"embeddable":true,"href":"https:\/\/www.europesays.com\/fr\/wp-json\/wp\/v2\/media\/353966"}],"wp:attachment":[{"href":"https:\/\/www.europesays.com\/fr\/wp-json\/wp\/v2\/media?parent=353965"}],"wp:term":[{"taxonomy":"category","embeddable":true,"href":"https:\/\/www.europesays.com\/fr\/wp-json\/wp\/v2\/categories?post=353965"},{"taxonomy":"post_tag","embeddable":true,"href":"https:\/\/www.europesays.com\/fr\/wp-json\/wp\/v2\/tags?post=353965"}],"curies":[{"name":"wp","href":"https:\/\/api.w.org\/{rel}","templated":true}]}}