{"id":353967,"date":"2025-08-30T06:43:23","date_gmt":"2025-08-30T06:43:23","guid":{"rendered":"https:\/\/www.europesays.com\/fr\/353967\/"},"modified":"2025-08-30T06:43:23","modified_gmt":"2025-08-30T06:43:23","slug":"un-coup-de-poing-dans-le-ventre","status":"publish","type":"post","link":"https:\/\/www.europesays.com\/fr\/353967\/","title":{"rendered":"Un coup de poing dans le ventre"},"content":{"rendered":"<p><strong>La renaissance de <a href=\"https:\/\/fr.motor1.com\/news\/765295\/lotus-goodwood-entre-pass\u00e9-futur\/\" data-inline-widget=\"internal-links\" data-type-id=\"0\" data-params=\"%7B%22article_edition_id%22%3A%22765295%22%2C%22section%22%3A%221%22%2C%22alias%22%3A%22lotus-goodwood-entre-pass%C3%A9-futur%22%7D\" rel=\"nofollow noopener\" target=\"_blank\">Lotus<\/a><\/strong> sous la propri\u00e9t\u00e9 de <a href=\"https:\/\/fr.motor1.com\/news\/757600\/renault-geely-essence-voitures-hybrides\/\" data-inline-widget=\"internal-links\" data-type-id=\"0\" data-params=\"%7B%22article_edition_id%22%3A%22757600%22%2C%22section%22%3A%221%22%2C%22alias%22%3A%22renault-geely-essence-voitures-hybrides%22%7D\" rel=\"nofollow noopener\" target=\"_blank\">Geely<\/a> a \u00e9t\u00e9 lente. La voiture de sport <a href=\"https:\/\/fr.motor1.com\/news\/761810\/lotus-emira-moteur-turbo\/\" data-inline-widget=\"internal-links\" data-type-id=\"0\" data-params=\"%7B%22article_edition_id%22%3A%22761810%22%2C%22section%22%3A%221%22%2C%22alias%22%3A%22lotus-emira-moteur-turbo%22%7D\" rel=\"nofollow noopener\" target=\"_blank\"><strong>Emira<\/strong><\/a> a montr\u00e9 beaucoup de promesses, mais a \u00e9t\u00e9 frein\u00e9e par des retards de production et un prix plus \u00e9lev\u00e9 que pr\u00e9vu initialement. Les mod\u00e8les \u00e9lectriques <a href=\"https:\/\/fr.motor1.com\/news\/755374\/lotus-eletre-emeya-mises-jour\/\" data-inline-widget=\"internal-links\" data-type-id=\"0\" data-params=\"%7B%22article_edition_id%22%3A%22755374%22%2C%22section%22%3A%221%22%2C%22alias%22%3A%22lotus-eletre-emeya-mises-jour%22%7D\" rel=\"nofollow noopener\" target=\"_blank\">Emeya<\/a> et <a href=\"https:\/\/fr.motor1.com\/reviews\/664410\/lotus-eletre-r-test-video\/\" data-inline-widget=\"internal-links\" data-type-id=\"0\" data-params=\"%7B%22article_edition_id%22%3A%22664410%22%2C%22section%22%3A%222%22%2C%22alias%22%3A%22lotus-eletre-r-test-video%22%7D\" rel=\"nofollow noopener\" target=\"_blank\">Eletre<\/a> n\u2019ont pas non plus rencontr\u00e9 un \u00e9norme succ\u00e8s, et \u00e9tant fabriqu\u00e9s en Chine, ils sont prohibitivement chers en raison des tarifs douaniers. Maintenant, Lotus proc\u00e8de \u00e0 des r\u00e9ductions massives d&#8217;emplois.<\/p>\n<p>La <a href=\"https:\/\/www.bbc.com\/news\/articles\/cr4evdr355xo\" target=\"_blank\" rel=\"noopener nofollow\">BBC rapporte<\/a> que Lotus va supprimer 550 postes \u00e0 son si\u00e8ge de Hethel, au Royaume-Uni, qui compte environ 1 300 employ\u00e9s au total. Dans une d\u00e9claration, le constructeur automobile a d\u00e9clar\u00e9 \u00ab\u00a0[nous] croyons que cela est n\u00e9cessaire pour assurer un avenir durable \u00e0 l&rsquo;entreprise dans l&rsquo;environnement automobile en \u00e9volution rapide d&rsquo;aujourd&rsquo;hui, qui conna\u00eet des incertitudes avec des changements rapides dans les politiques mondiales, y compris les tarifs.\u00a0\u00bb<\/p>\n<p>Hethel resta \u00ab\u00a0la base de ses op\u00e9rations\u00a0\u00bb<\/p>\n<p>Lotus a r\u00e9affirm\u00e9 son \u00ab\u00a0engagement\u00a0\u00bb envers le Royaume-Uni et a indiqu\u00e9 que Hethel\u2014que le constructeur a ouvert en 1966\u2014restera la base de ses \u00ab\u00a0op\u00e9rations de voitures de sport, de sports m\u00e9caniques et de conseil en ing\u00e9nierie.\u00a0\u00bb De plus, l&rsquo;entreprise a d\u00e9clar\u00e9 qu&rsquo;elle \u00ab\u00a0explore activement des opportunit\u00e9s de croissance future pour diversifier le mod\u00e8le commercial de Lotus Cars, notamment par le biais de la fabrication par des tiers.\u00a0\u00bb<\/p>\n<p>Nous avons contact\u00e9 Lotus pour savoir si les suppressions d&#8217;emplois concernent principalement la fabrication. Le constructeur avait pr\u00e9c\u00e9demment supprim\u00e9 270 emplois \u00e0 Hethel en f\u00e9vrier. Il a enregistr\u00e9 une perte de 200 millions de dollars au premier semestre 2024 malgr\u00e9 une certaine dynamique de ventes. Et les perspectives pour l&rsquo;industrie automobile \u00e9taient bien diff\u00e9rentes il y a un an par rapport \u00e0 maintenant.<\/p>\n<p>        <img decoding=\"async\" src=\"https:\/\/www.europesays.com\/fr\/wp-content\/uploads\/2025\/04\/16x9-tr.png\" alt=\"Lotus Evora 400 Hethel Edition\" width=\"16\" height=\"9\" loading=\"lazy\"\/><\/p>\n<p>Lotus Evora 400 Hethel Edition<\/p>\n<p>Le d\u00e9put\u00e9 travailliste de South Norfolk, Ben Goldsborough, a d\u00e9crit cette nouvelle comme un \u00ab\u00a0coup de poing dans l&rsquo;estomac.\u00a0\u00bb Cependant, il a ajout\u00e9 que \u00ab\u00a0le pire sc\u00e9nario a \u00e9t\u00e9 \u00e9vit\u00e9, \u00e0 savoir une fermeture compl\u00e8te et totale de Lotus UK.\u00a0\u00bb<\/p>\n<p>Malgr\u00e9 sa renomm\u00e9e parmi les passionn\u00e9s, Lotus a toujours \u00e9t\u00e9 dans une certaine situation financi\u00e8re difficile, surtout depuis la mort du fondateur Colin Chapman en 1982. La gestion initialement r\u00e9ussie et non interventionniste de Volvo par Geely a suscit\u00e9 beaucoup d&rsquo;optimisme lorsqu&rsquo;elle a acquis Lotus en 2017, mais maintenant, l&rsquo;avenir semble sombre pour la marque embl\u00e9matique de voitures de sport.<\/p>\n<p>Comme toujours.<\/p>\n","protected":false},"excerpt":{"rendered":"La renaissance de Lotus sous la propri\u00e9t\u00e9 de Geely a \u00e9t\u00e9 lente. La voiture de sport Emira a&hellip;\n","protected":false},"author":2,"featured_media":353968,"comment_status":"","ping_status":"","sticky":false,"template":"","format":"standard","meta":{"footnotes":""},"categories":[1588],"tags":[11,1777,674,693,12,473,1853,1851,1850,1852],"class_list":{"0":"post-353967","1":"post","2":"type-post","3":"status-publish","4":"format-standard","5":"has-post-thumbnail","7":"category-royaume-uni","8":"tag-actualites","9":"tag-eu","10":"tag-europe","11":"tag-industrie","12":"tag-news","13":"tag-royaume-uni","14":"tag-royaume-uni-de-grande-bretagne-et-dirlande-du-nord","15":"tag-uk","16":"tag-united-kingdom","17":"tag-united-kingdom-of-great-britain-and-northern-ireland"},"share_on_mastodon":{"url":"https:\/\/pubeurope.com\/@fr\/115116363347625448","error":""},"_links":{"self":[{"href":"https:\/\/www.europesays.com\/fr\/wp-json\/wp\/v2\/posts\/353967","targetHints":{"allow":["GET"]}}],"collection":[{"href":"https:\/\/www.europesays.com\/fr\/wp-json\/wp\/v2\/posts"}],"about":[{"href":"https:\/\/www.europesays.com\/fr\/wp-json\/wp\/v2\/types\/post"}],"author":[{"embeddable":true,"href":"https:\/\/www.europesays.com\/fr\/wp-json\/wp\/v2\/users\/2"}],"replies":[{"embeddable":true,"href":"https:\/\/www.europesays.com\/fr\/wp-json\/wp\/v2\/comments?post=353967"}],"version-history":[{"count":0,"href":"https:\/\/www.europesays.com\/fr\/wp-json\/wp\/v2\/posts\/353967\/revisions"}],"wp:featuredmedia":[{"embeddable":true,"href":"https:\/\/www.europesays.com\/fr\/wp-json\/wp\/v2\/media\/353968"}],"wp:attachment":[{"href":"https:\/\/www.europesays.com\/fr\/wp-json\/wp\/v2\/media?parent=353967"}],"wp:term":[{"taxonomy":"category","embeddable":true,"href":"https:\/\/www.europesays.com\/fr\/wp-json\/wp\/v2\/categories?post=353967"},{"taxonomy":"post_tag","embeddable":true,"href":"https:\/\/www.europesays.com\/fr\/wp-json\/wp\/v2\/tags?post=353967"}],"curies":[{"name":"wp","href":"https:\/\/api.w.org\/{rel}","templated":true}]}}