{"id":353969,"date":"2025-08-30T06:44:14","date_gmt":"2025-08-30T06:44:14","guid":{"rendered":"https:\/\/www.europesays.com\/fr\/353969\/"},"modified":"2025-08-30T06:44:14","modified_gmt":"2025-08-30T06:44:14","slug":"en-allemagne-une-neonazie-trans-relance-le-debat-sur-le-changement-de-genre","status":"publish","type":"post","link":"https:\/\/www.europesays.com\/fr\/353969\/","title":{"rendered":"En Allemagne, une n\u00e9onazie trans relance le d\u00e9bat sur le changement de genre"},"content":{"rendered":"<p>Sven Liebich avait \u00e9t\u00e9 condamn\u00e9 \u00e0 18 mois de prison pour \u00abincitation \u00e0 la haine\u00bb, avant de changer de genre gr\u00e2ce \u00e0 une loi vot\u00e9e en 2024. Il avait demand\u00e9 \u00e0 \u00eatre enferm\u00e9 dans un \u00e9tablissement p\u00e9nitentiaire r\u00e9serv\u00e9 aux femmes, mais a pris la fuite avant son incarc\u00e9ration.<\/p>\n<p class=\"fig-paragraph\">Nouveau rebondissement d&rsquo;une affaire qui a provoqu\u00e9 des d\u00e9bats enflamm\u00e9s en Allemagne\u00a0: Marla-Svenja Liebich \u2013 anciennement Sven Liebich, de sexe masculin &#8211;\u00a0<a href=\"http:\/\/www.lefigaro.fr\/international\/allemagne-un-neonazi-change-de-sexe-pour-purger-sa-peine-dans-une-prison-pour-femmes-et-provoque-un-scandale-20250822\" data-fig-type=\"NewsFlash\" data-gtm-custom-categorie=\"navigation\" data-gtm-custom-action=\"crossclick\" data-gtm-custom-label=\"Contextuel\" data-gtm-event=\"customEventSPE\" data-fig-domain=\"LEFIGARO\" target=\"_blank\" rel=\"noopener\">figure n\u00e9onazie<\/a>\u00a0ayant chang\u00e9 de genre apr\u00e8s une condamnation, a affirm\u00e9 vendredi avoir quitt\u00e9 le pays au lieu d&rsquo;int\u00e9grer une prison pour femmes.<\/p>\n<p class=\"fig-paragraph\">\u00abUn tour de magie\u00a0: tous les regards sont attir\u00e9s par l\u2019arri\u00e8re-plan tandis que l\u2019objet dispara\u00eet dans l\u2019ombre\u00a0\u00bb, a \u00e9crit myst\u00e9rieusement l\u2019extr\u00e9miste de droite sur son compte X vendredi soir, \u00e0 c\u00f4t\u00e9 d\u2019une illustration le montrant en tenue de femme devant la cath\u00e9drale Saint-Basile de Moscou. Coutumi\u00e8re des provocations, Marla-Svenja Liebich devait se pr\u00e9senter dans la soir\u00e9e \u00e0 la prison pour femmes de Chemnitz, en Saxe, dans l&rsquo;est du pays pour commencer \u00e0 purger sa peine de 18 mois pour incitation \u00e0 la haine, diffamation et outrage.<\/p>\n<p>                                    <a class=\"fig-a11y-skip a11y-hidden\" href=\"#fig-a11y-skip-main-inarticle\"><br \/>\n        Passer la publicit\u00e9<br \/>\n    <\/a><\/p>\n<p>Loi sur l\u2019autod\u00e9termination vot\u00e9e en 2024<\/p>\n<p class=\"fig-paragraph\">\u00c0 la place, elle a publi\u00e9 un message sur les r\u00e9seaux sociaux avec une image proclamant \u00able bonjour de Moscou\u00bb, ajoutant: \u00abC&rsquo;est quoi la suite? Un mandat d&rsquo;arr\u00eat international\u00bb. Un porte-parole de la police a annonc\u00e9 \u00e0 un petit rassemblement de soutien devant la prison que Marla-Svenja Liebich avait envoy\u00e9 un message audio concernant son projet de fuite: \u00abIl a \u00e9t\u00e9 annonc\u00e9 que la personne ne se sentait pas bien et avait quitt\u00e9 le pays\u00bb.<\/p>\n<p class=\"fig-paragraph\">Marla-Svenja Liebich a chang\u00e9 de genre apr\u00e8s l&rsquo;adoption, fin 2024, de la\u00a0<a href=\"http:\/\/www.lefigaro.fr\/actualite-france\/allemagne-le-bundestag-vote-une-loi-sur-l-autodetermination-de-genre-20240412\" data-fig-type=\"Article\" data-gtm-custom-categorie=\"navigation\" data-gtm-custom-action=\"crossclick\" data-gtm-custom-label=\"Contextuel\" data-gtm-event=\"customEventSPE\" data-fig-domain=\"LEFIGARO\" target=\"_blank\" rel=\"noopener\">\u00abloi sur l&rsquo;autod\u00e9termination\u00bb<\/a> \u00a0sous le mandat du chancelier social-d\u00e9mocrate\u00a0<a href=\"http:\/\/www.lefigaro.fr\/international\/allemagne-entre-olaf-scholz-et-friedrich-merz-un-duel-televise-sans-derapages-20250209\" data-fig-type=\"Article\" data-gtm-custom-categorie=\"navigation\" data-gtm-custom-action=\"crossclick\" data-gtm-custom-label=\"Contextuel\" data-gtm-event=\"customEventSPE\" data-fig-domain=\"LEFIGARO\" target=\"_blank\" rel=\"noopener\">Olaf Scholz<\/a>. Le texte permet de changer de pr\u00e9nom et de genre en d\u00e9posant une demande aupr\u00e8s du bureau d&rsquo;\u00e9tat civil local, puis de l&rsquo;officialiser en y retournant trois mois apr\u00e8s, sans avoir \u00e0 fournir de justificatifs m\u00e9dicaux.<\/p>\n<p class=\"fig-paragraph\">Salu\u00e9e par les d\u00e9fenseurs des droits des personnes transgenres, cette simplification, comme ailleurs en Europe, fait craindre aux militants pour les droits des femmes que des hommes pr\u00e9dateurs n&rsquo;abusent des nouvelles r\u00e8gles pour acc\u00e9der aux espaces r\u00e9serv\u00e9s aux femmes et aux jeunes filles. Le cas Liebich, qui est largement soup\u00e7onn\u00e9 d&rsquo;avoir chang\u00e9 de genre par provocation et pour obtenir de meilleures conditions carc\u00e9rales, illustre pour les d\u00e9tracteurs de la loi son c\u00f4t\u00e9 permissif. \u00abLa justice, l&rsquo;opinion publique et la politique sont ici tourn\u00e9es en ridicule parce que la loi sur l&rsquo;autod\u00e9termination le permet\u00bb, a d\u00e9plor\u00e9 le ministre de l&rsquo;Int\u00e9rieur Alexander Dobrindt. Le ministre conservateur a demand\u00e9 un d\u00e9bat \u00absur la mani\u00e8re de r\u00e9tablir des r\u00e8gles claires contre l&rsquo;abus du changement de genre\u00bb.<\/p>\n<p>Ultradroite<\/p>\n<p class=\"fig-paragraph\">Personnalit\u00e9 des milieux de l&rsquo;ultradroite en Allemagne de l&rsquo;est, Sven Liebich, 54 ans, avait \u00e9t\u00e9 membre, selon des m\u00e9dias allemands, du r\u00e9seau n\u00e9onazi Blood and Honour. Sur une boutique en ligne, il proposait notamment \u00e0 la vente une batte de baseball avec le slogan \u00aboutil pour expulsions\u00bb. En 2022, Sven Liebich avait perturb\u00e9 une marche des fiert\u00e9s \u00e0 Halle, qualifiant les personnes LGBT+ de \u00abparasites de la soci\u00e9t\u00e9\u00bb, selon des militants.<\/p>\n<p class=\"fig-paragraph\">Condamn\u00e9 en juillet 2023 \u00e0 une peine de 18 mois d\u2019emprisonnement pour \u00ab incitation \u00e0 la haine\u00a0\u00bb, cet Allemand originaire de Halle, ville situ\u00e9e dans l\u2019ancienne RDA (Allemagne de l\u2019Est), avait interjet\u00e9 appel, mais celui-ci a \u00e9t\u00e9 rejet\u00e9 par le tribunal. En juillet, Marla-Svenja Liebich \u00e9tait alors apparue avec un haut l\u00e9opard, un sac \u00e0 main et des boucles d\u2019oreilles dor\u00e9s, turban et capeline sur le cr\u00e2ne. Et une large moustache teinte en blond. La condamn\u00e9e avait \u00e9galement affirm\u00e9 s\u2019\u00eatre convertie au juda\u00efsme, r\u00e9clamant des repas casher et un aum\u00f4nier isra\u00e9lite en prison, s\u2019attirant une vive condamnation du commissaire du gouvernement charg\u00e9 de la lutte contre l\u2019antis\u00e9mitisme, Felix Klein. La personne avait demand\u00e9 \u00e0 ne pas \u00eatre enferm\u00e9e dans une prison pour hommes, et sa demande a \u00e9t\u00e9 accept\u00e9e par le parquet.<\/p>\n<p>                                    <a class=\"fig-a11y-skip a11y-hidden\" href=\"#fig-a11y-skip-main-inarticle_mtf\"><br \/>\n        Passer la publicit\u00e9<br \/>\n    <\/a><\/p>\n<p>\u00abCons\u00e9quences d\u00e9sastreuses\u00bb<\/p>\n<p class=\"fig-paragraph\">Cette derni\u00e8re avait donc \u00e9t\u00e9 convoqu\u00e9e \u00e0 la prison pour femmes de Chemnitz d\u00e8s ce vendredi pour y purger sa peine. Dans la presse comme dans les cercles politiques berlinois, cette d\u00e9cision avait relanc\u00e9 les d\u00e9bats sur la pertinence de la loi sur le changement de genre. On estimait notamment qu\u2019un changement d\u2019identit\u00e9 aussi facile permettrait \u00e0 de nombreux hommes d\u2019en abuser, \u00e0 des fins malveillantes, notamment pour entrer dans des zones r\u00e9serv\u00e9es aux femmes. En convoquant Liebich, \u00ables autorit\u00e9s n\u2019ont fait qu\u2019appliquer la loi\u00bb,\u00a0<a href=\"https:\/\/archive.is\/o\/D7od3\/https:\/\/www.welt.de\/politik\/deutschland\/article68a6e0060a16084cd8d4ea2f\/gegenrede-die-marla-svenja-show-zeigt-warum-das-selbstbestimmungsgesetz-abgeschafft-gehoert.html\" target=\"_blank\" rel=\"sponsored noopener\" data-gtm-custom-categorie=\"navigation\" data-gtm-custom-action=\"crossclick\" data-gtm-custom-label=\"Contextuel\" data-gtm-event=\"customEventSPE\">remarquait cette semaine le quotidien allemand lib\u00e9ral Die Welt<\/a><strong>.\u00a0<\/strong><strong>\u00ab<\/strong>Le sexe et le lieu de r\u00e9sidence sont les deux facteurs qui d\u00e9terminent dans quel \u00e9tablissement p\u00e9nitentiaire le d\u00e9tenu sera plac\u00e9.\u00bb<\/p>\n<p class=\"fig-paragraph\">Mais quid de ce cas particulier, quand la personne concern\u00e9e change de genre, mais ne se consid\u00e8re pas comme une femme pour autant\u00a0? Si le journal conservateur reconna\u00eet que le cas d\u2019un \u00abn\u00e9onazi qui d\u00e9tourne le droit intentionnellement\u00bb est exceptionnel, il observe aussi\u00a0que \u00abSven Liebich, renomm\u00e9 Marla-Svenja, utilise \u00e0 son avantage les d\u00e9fauts de la loi mise en place par le pr\u00e9c\u00e9dent gouvernement\u00bb. \u00abD\u00e8s le d\u00e9but, on a ignor\u00e9 all\u00e9grement les mises en garde contre les cons\u00e9quences d\u00e9sastreuses que peut entra\u00eener la facilitation du changement d\u2019\u00e9tat civil, possible \u00e0 un jeune \u00e2ge et par simple d\u00e9claration\u00bb, a rench\u00e9ri\u00a0<a href=\"https:\/\/archive.is\/o\/D7od3\/https:\/\/www.faz.net\/einspruch\/der-fall-marla-svenja-liebich-geschlechtswechsel-fuer-den-frauenknast-110648227.html\" target=\"_blank\" rel=\"sponsored noopener\" data-gtm-custom-categorie=\"navigation\" data-gtm-custom-action=\"crossclick\" data-gtm-custom-label=\"Contextuel\" data-gtm-event=\"customEventSPE\">la Frankfurter Allgemeine Zeitung<\/a><strong>.<\/strong> Pour le quotidien de droite, la s\u00e9curit\u00e9 des d\u00e9tenues de la prison de Chemnitz est en jeu dans le dossier Liebich.<\/p>\n<p>Un bilan pour mi-2026<\/p>\n<p class=\"fig-paragraph\">\u00abLe cas Liebich met en \u00e9vidence que la loi (&#8230;) pr\u00e9sente des faiblesses qui peuvent favoriser des abus cibl\u00e9s\u00bb, a estim\u00e9 la ministre conservatrice de la Famille, Karin Prien. Le nouveau texte a remplac\u00e9 une l\u00e9gislation datant de 1981, qui pr\u00e9voyait une proc\u00e9dure co\u00fbteuse et longue imposant deux rapports psychologiques. Dans leur accord de coalition conclu au printemps, conservateurs et sociaux-d\u00e9mocrates se sont engag\u00e9s \u00e0 en faire un bilan \u00abau plus tard le 31 juillet 2026\u00bb. L&rsquo;\u00e9valuation devra notamment dire combien de demandes ont \u00e9t\u00e9 rejet\u00e9es en raison \u00abd&rsquo;indices objectifs et concrets d&rsquo;un usage abusif\u00bb, a pr\u00e9cis\u00e9 un porte-parole du minist\u00e8re vendredi.<\/p>\n","protected":false},"excerpt":{"rendered":"Sven Liebich avait \u00e9t\u00e9 condamn\u00e9 \u00e0 18 mois de prison pour \u00abincitation \u00e0 la haine\u00bb, avant de changer&hellip;\n","protected":false},"author":2,"featured_media":353970,"comment_status":"","ping_status":"","sticky":false,"template":"","format":"standard","meta":{"footnotes":""},"categories":[1587],"tags":[11,672,1804,1805,1803,1777,674,1801,12,1802,10657],"class_list":{"0":"post-353969","1":"post","2":"type-post","3":"status-publish","4":"format-standard","5":"has-post-thumbnail","7":"category-allemagne","8":"tag-actualites","9":"tag-allemagne","10":"tag-bundesrepublik-deutschland","11":"tag-de","12":"tag-deutschland","13":"tag-eu","14":"tag-europe","15":"tag-germany","16":"tag-news","17":"tag-republique-federale-dallemagne","18":"tag-transgenre"},"share_on_mastodon":{"url":"https:\/\/pubeurope.com\/@fr\/115116367197211856","error":""},"_links":{"self":[{"href":"https:\/\/www.europesays.com\/fr\/wp-json\/wp\/v2\/posts\/353969","targetHints":{"allow":["GET"]}}],"collection":[{"href":"https:\/\/www.europesays.com\/fr\/wp-json\/wp\/v2\/posts"}],"about":[{"href":"https:\/\/www.europesays.com\/fr\/wp-json\/wp\/v2\/types\/post"}],"author":[{"embeddable":true,"href":"https:\/\/www.europesays.com\/fr\/wp-json\/wp\/v2\/users\/2"}],"replies":[{"embeddable":true,"href":"https:\/\/www.europesays.com\/fr\/wp-json\/wp\/v2\/comments?post=353969"}],"version-history":[{"count":0,"href":"https:\/\/www.europesays.com\/fr\/wp-json\/wp\/v2\/posts\/353969\/revisions"}],"wp:featuredmedia":[{"embeddable":true,"href":"https:\/\/www.europesays.com\/fr\/wp-json\/wp\/v2\/media\/353970"}],"wp:attachment":[{"href":"https:\/\/www.europesays.com\/fr\/wp-json\/wp\/v2\/media?parent=353969"}],"wp:term":[{"taxonomy":"category","embeddable":true,"href":"https:\/\/www.europesays.com\/fr\/wp-json\/wp\/v2\/categories?post=353969"},{"taxonomy":"post_tag","embeddable":true,"href":"https:\/\/www.europesays.com\/fr\/wp-json\/wp\/v2\/tags?post=353969"}],"curies":[{"name":"wp","href":"https:\/\/api.w.org\/{rel}","templated":true}]}}