{"id":353973,"date":"2025-08-30T06:46:17","date_gmt":"2025-08-30T06:46:17","guid":{"rendered":"https:\/\/www.europesays.com\/fr\/353973\/"},"modified":"2025-08-30T06:46:17","modified_gmt":"2025-08-30T06:46:17","slug":"la-suede-et-les-pays-bas-appellent-lue-a-suspendre-le-commerce-avec-israel-face-a-la-crise-humanitaire-a-gaza","status":"publish","type":"post","link":"https:\/\/www.europesays.com\/fr\/353973\/","title":{"rendered":"La Su\u00e8de et les Pays-Bas appellent l\u2019UE \u00e0 suspendre le commerce avec Isra\u00ebl face \u00e0 la crise humanitaire \u00e0 Gaza"},"content":{"rendered":"<p>AA \/ Londres \/ Aysu Bicer<\/p>\n<p>La Su\u00e8de et les Pays-Bas ont demand\u00e9 conjointement \u00e0 l\u2019Union europ\u00e9enne de suspendre le commerce avec Isra\u00ebl en raison de la situation humanitaire \u00ab\u202fextr\u00eamement inqui\u00e9tante et intol\u00e9rable\u202f\u00bb \u00e0 Gaza et des projets isra\u00e9liens de nouvelles colonies en Cisjordanie.<\/p>\n<p>Dans une lettre commune adress\u00e9e \u00e0 la cheffe de la diplomatie de l\u2019UE, Kaja Kallas, vue par le diffuseur irlandais RTE News, les deux pays ont \u00e9galement accus\u00e9 Isra\u00ebl de ne pas avoir appliqu\u00e9 l\u2019accord conclu en juillet avec l\u2019UE pour augmenter l\u2019aide humanitaire \u00e0 Gaza.<\/p>\n<p>Cet accord, conclu entre Kallas et le ministre isra\u00e9lien des Affaires \u00e9trang\u00e8res Gideon Sa\u2019ar, avait auparavant permis d\u2019\u00e9viter diverses sanctions contre Tel Aviv, y compris la suspension du volet commercial de l\u2019accord d\u2019association UE-Isra\u00ebl.<\/p>\n<p>Les ministres n\u00e9erlandais et su\u00e9dois ont indiqu\u00e9 qu\u2019ils \u00ab\u202fsoutiennent d\u00e9sormais la suspension du volet commercial de l\u2019accord d\u2019association UE-Isra\u00ebl et appellent la Commission europ\u00e9enne \u00e0 soumettre une proposition en ce sens\u202f\u00bb.<\/p>\n<p>Ils ont \u00e9galement demand\u00e9 des sanctions cibl\u00e9es contre les \u00ab\u202fministres isra\u00e9liens extr\u00e9mistes qui promeuvent des activit\u00e9s de colonisation ill\u00e9gales et s\u2019opposent activement \u00e0 une solution \u00e0 deux \u00c9tats\u202f\u00bb.<\/p>\n<p>La lettre appelle en outre Kallas \u00e0 fournir une analyse \u00e9crite sur le respect par l\u2019UE de l\u2019avis consultatif 2024 de la Cour internationale de Justice concernant l\u2019occupation isra\u00e9lienne des territoires palestiniens.<\/p>\n<p>Les ministres ont soulign\u00e9 le r\u00f4le du Hamas, indiquant que le groupe \u00ab\u202fporte une lourde responsabilit\u00e9 dans la situation catastrophique\u202f\u00bb \u00e0 Gaza et l\u2019invitant \u00e0 renoncer au pouvoir, \u00e0 se d\u00e9sarmer et \u00e0 lib\u00e9rer les derniers otages isra\u00e9liens.<\/p>\n<p>Ils ont qualifi\u00e9 d\u2019\u00ab\u202finacceptable et de violation claire du droit international\u202f\u00bb l\u2019approbation par le Conseil sup\u00e9rieur isra\u00e9lien de planification du plan de construction E1, qui \u00e9tendrait une colonie juive en Cisjordanie et perturberait gravement la continuit\u00e9 d\u2019un futur \u00c9tat palestinien.<\/p>\n<p>Pour rappel, depuis octobre 2023, pr\u00e8s de 63\u202f000 Palestiniens ont \u00e9t\u00e9 tu\u00e9s \u00e0 Gaza dans le cadre de la campagne militaire isra\u00e9lienne, qui a d\u00e9vast\u00e9 l\u2019enclave confront\u00e9e \u00e0 la famine.<\/p>\n<p>En novembre, la Cour p\u00e9nale internationale a \u00e9mis des mandats d\u2019arr\u00eat contre le Premier ministre isra\u00e9lien Benjamin Netanyahu et son ancien ministre de la D\u00e9fense Yoav Gallant pour crimes de guerre et crimes contre l\u2019humanit\u00e9 \u00e0 Gaza.<\/p>\n<p>Isra\u00ebl fait \u00e9galement face \u00e0 une proc\u00e9dure pour g\u00e9nocide devant la Cour internationale de Justice pour sa guerre contre l\u2019enclave.<\/p>\n<p>* Traduit de l&rsquo;anglais par Seyma Erkul Dayanc<\/p>\n<p>                            &#13;<br \/>\n                                <a href=\"https:\/\/www.aa.com.tr\/fr\/p\/abonnement\/1001\" target=\"_blank\" style=\"font-size:12px; color:#444; text-decoration:none;\" rel=\"noopener\">&#13;<br \/>\n                                    Seulement une partie des d\u00e9p\u00eaches, que l&rsquo;Agence Anadolu diffuse \u00e0 ses abonn\u00e9s via le Syst\u00e8me de Diffusion interne (HAS), est diffus\u00e9e sur le site de l&rsquo;AA, de mani\u00e8re r\u00e9sum\u00e9e. <b style=\"color:#1897F7\">Contactez-nous s&rsquo;il vous pla\u00eet pour vous abonner.<\/b>&#13;<br \/>\n                                <\/a>&#13;<\/p>\n","protected":false},"excerpt":{"rendered":"AA \/ Londres \/ Aysu Bicer La Su\u00e8de et les Pays-Bas ont demand\u00e9 conjointement \u00e0 l\u2019Union europ\u00e9enne de&hellip;\n","protected":false},"author":2,"featured_media":353974,"comment_status":"","ping_status":"","sticky":false,"template":"","format":"standard","meta":{"footnotes":""},"categories":[1586],"tags":[11,1785,1777,674,1779,1011,27,12,934,25,14961,1778,364],"class_list":{"0":"post-353973","1":"post","2":"type-post","3":"status-publish","4":"format-standard","5":"has-post-thumbnail","7":"category-europe","8":"tag-actualites","9":"tag-anadolu-ajansi","10":"tag-eu","11":"tag-europe","12":"tag-european-union","13":"tag-fr","14":"tag-france","15":"tag-news","16":"tag-pays-bas","17":"tag-republique-francaise","18":"tag-sude","19":"tag-ue","20":"tag-union-europeenne"},"share_on_mastodon":{"url":"https:\/\/pubeurope.com\/@fr\/115116375018379572","error":""},"_links":{"self":[{"href":"https:\/\/www.europesays.com\/fr\/wp-json\/wp\/v2\/posts\/353973","targetHints":{"allow":["GET"]}}],"collection":[{"href":"https:\/\/www.europesays.com\/fr\/wp-json\/wp\/v2\/posts"}],"about":[{"href":"https:\/\/www.europesays.com\/fr\/wp-json\/wp\/v2\/types\/post"}],"author":[{"embeddable":true,"href":"https:\/\/www.europesays.com\/fr\/wp-json\/wp\/v2\/users\/2"}],"replies":[{"embeddable":true,"href":"https:\/\/www.europesays.com\/fr\/wp-json\/wp\/v2\/comments?post=353973"}],"version-history":[{"count":0,"href":"https:\/\/www.europesays.com\/fr\/wp-json\/wp\/v2\/posts\/353973\/revisions"}],"wp:featuredmedia":[{"embeddable":true,"href":"https:\/\/www.europesays.com\/fr\/wp-json\/wp\/v2\/media\/353974"}],"wp:attachment":[{"href":"https:\/\/www.europesays.com\/fr\/wp-json\/wp\/v2\/media?parent=353973"}],"wp:term":[{"taxonomy":"category","embeddable":true,"href":"https:\/\/www.europesays.com\/fr\/wp-json\/wp\/v2\/categories?post=353973"},{"taxonomy":"post_tag","embeddable":true,"href":"https:\/\/www.europesays.com\/fr\/wp-json\/wp\/v2\/tags?post=353973"}],"curies":[{"name":"wp","href":"https:\/\/api.w.org\/{rel}","templated":true}]}}