{"id":353981,"date":"2025-08-30T06:50:10","date_gmt":"2025-08-30T06:50:10","guid":{"rendered":"https:\/\/www.europesays.com\/fr\/353981\/"},"modified":"2025-08-30T06:50:10","modified_gmt":"2025-08-30T06:50:10","slug":"adrien-saddier-en-tete-antoine-rozner-aussi-dans-le-top-10-lequipe","status":"publish","type":"post","link":"https:\/\/www.europesays.com\/fr\/353981\/","title":{"rendered":"Adrien Saddier en t\u00eate, Antoine Rozner aussi dans le top 10 &#8211; L&#039;\u00c9quipe"},"content":{"rendered":"<ol>\n<li><a href=\"https:\/\/news.google.com\/rss\/articles\/CBMiqAFBVV95cUxQNVBqWUMtX2JyOGJnb2t3U2tjY25MUmgzWVJmTTVNakdGNW1UXzh5SWJPZkMzSERtSENTZmRHMnNhd3h3dDI5M0J4eDZjeEUzWXNDc3ZSYkhPYzNlbml3WWZsU29nVUtFNF9LQlFpcWJ4RDFJc0EwTTdDZUpfQVVxa1VwbVdQZTVQeFo1S1NpSmxCNGlmYVpOc3Q1bHlsaVV2RHRQMDQxT18?oc=5\" target=\"_blank\" rel=\"nofollow noopener\">Adrien Saddier en t\u00eate, Antoine Rozner aussi dans le top 10<\/a>&nbsp;&nbsp;L&rsquo;\u00c9quipe<\/li>\n<li><a href=\"https:\/\/news.google.com\/rss\/articles\/CBMi0gFBVV95cUxQOEZMdlFrZ3JaWkpSZ1hRZ3VYdU9VY1VpX2pmd0RMcnRObnl0OFg2WmFlaXRYQUtIdHZGMnVscDltcGRhYldjblBDT1hrODM1TU9rU0VhbFFFZG1nazVNek1Mb3NBdmRTSGg3bm5tMTd4cVA0ajJWWjNELWpCU3VHWkMxUkpPZ1d4cXRLVzlrNUpGSWVSM0VDQ3RkVGxCSnBwZjRteUw5MmFTb09val9maXBnQ3pndzVPWE5DWENGSWtpMll4NTlJd1FQaVBRVV9mUVE?oc=5\" target=\"_blank\" rel=\"nofollow noopener\">Kleu bon 5e, un Fran\u00e7ais m\u00e8ne<\/a>&nbsp;&nbsp;rts.ch<\/li>\n<li><a href=\"https:\/\/news.google.com\/rss\/articles\/CBMiqAFBVV95cUxPZm5FYlQ1YXZvUkJiMWxPcm1mbktDVnhjVUlQNmItaUlrMEdFT2t6eEFLS0xOS2l2STNQRWVOcWxaaEtTaXp4alo4S2xNNDBib1U3Mk1LbDJYUnhueWNXdkhJcm5TdkFjN2ZBVWhlN0RFVURQT0k5STJLdWFEaXZocFJqUU9RZi1jSUNzNUdqNGlBX21jbU4tWW9rX0hmWDNyVVV6dEljTko?oc=5\" target=\"_blank\" rel=\"nofollow noopener\">Omega European Masters : Saddier, leader provisoire<\/a>&nbsp;&nbsp;F\u00e9d\u00e9ration Fran\u00e7aise de Golf<\/li>\n<li><a href=\"https:\/\/news.google.com\/rss\/articles\/CBMiiAJBVV95cUxPcXJtLW5xV2dpbFdUQ0lNOUpJbFB5S3ZWUFE2TXloMWNHZkVJZ2I3YUpBVE5Ld0w0bWlzNFBuQ3UyUDhEUzRmcHNORWJuaERWVjZCZnJ1VmtreGNObFhTa3BHNkxOODJiOWdFZWVKWTFHcmpMMmhGckNEd1dKQlU2Z0dPV2tBbHhjclFyTUJjSVdRVWRIMk5oZ0dfU1FLZDZMM3BfSFc5QVdPMEZlY1R6Q2RGb1RQajZBUmtQM0ZiRlNXU2QxT3RFT210a1MxYzZnNDByMW9ZSTFiTFRqM1UtMnM1TVcwWF9SOE9WTVcyMjNjWXF6SE05d2p5Z3BMYXk0Um1EUFg4dGQ?oc=5\" target=\"_blank\" rel=\"nofollow noopener\">Golf. DPW Tour &#8211; European Masters: Adrien Saddier Prend les Commandes apr\u00e8s le Premier Tour<\/a>&nbsp;&nbsp;Ouest-France<\/li>\n<li><a href=\"https:\/\/news.google.com\/rss\/articles\/CBMiogFBVV95cUxONkpMTzZleml2aC1JYWt0N1hXanh3T25JX2hTamJ2MWpSS2FGckllYVNSVEZBakhoY3Fpc3FJeFdlM21JdmJ5RTNNQTlVQ0taOFpYdmVsN3ZoMmwxRTJDX2NvQVhjYkVHank5SkZhLW1uYWd1S1lleDdpZ3RqQmxkVHcwaE1kcjlBcFNtcmJ1aHBqYmhXYmRsZGx3NU9KRmNFYkE?oc=5\" target=\"_blank\" rel=\"nofollow noopener\">Omega European Masters : une 78e \u00e9dition sur fond de Ryder Cup<\/a>&nbsp;&nbsp;Golf Plan\u00e8te<\/li>\n<\/ol>\n","protected":false},"excerpt":{"rendered":"Adrien Saddier en t\u00eate, Antoine Rozner aussi dans le top 10&nbsp;&nbsp;L&rsquo;\u00c9quipe Kleu bon 5e, un Fran\u00e7ais m\u00e8ne&nbsp;&nbsp;rts.ch Omega&hellip;\n","protected":false},"author":2,"featured_media":353982,"comment_status":"","ping_status":"","sticky":false,"template":"","format":"standard","meta":{"footnotes":""},"categories":[1418],"tags":[1011,27,1472,60],"class_list":{"0":"post-353981","1":"post","2":"type-post","3":"status-publish","4":"format-standard","5":"has-post-thumbnail","7":"category-golf","8":"tag-fr","9":"tag-france","10":"tag-golf","11":"tag-sports"},"share_on_mastodon":{"url":"https:\/\/pubeurope.com\/@fr\/115116390653469603","error":""},"_links":{"self":[{"href":"https:\/\/www.europesays.com\/fr\/wp-json\/wp\/v2\/posts\/353981","targetHints":{"allow":["GET"]}}],"collection":[{"href":"https:\/\/www.europesays.com\/fr\/wp-json\/wp\/v2\/posts"}],"about":[{"href":"https:\/\/www.europesays.com\/fr\/wp-json\/wp\/v2\/types\/post"}],"author":[{"embeddable":true,"href":"https:\/\/www.europesays.com\/fr\/wp-json\/wp\/v2\/users\/2"}],"replies":[{"embeddable":true,"href":"https:\/\/www.europesays.com\/fr\/wp-json\/wp\/v2\/comments?post=353981"}],"version-history":[{"count":0,"href":"https:\/\/www.europesays.com\/fr\/wp-json\/wp\/v2\/posts\/353981\/revisions"}],"wp:featuredmedia":[{"embeddable":true,"href":"https:\/\/www.europesays.com\/fr\/wp-json\/wp\/v2\/media\/353982"}],"wp:attachment":[{"href":"https:\/\/www.europesays.com\/fr\/wp-json\/wp\/v2\/media?parent=353981"}],"wp:term":[{"taxonomy":"category","embeddable":true,"href":"https:\/\/www.europesays.com\/fr\/wp-json\/wp\/v2\/categories?post=353981"},{"taxonomy":"post_tag","embeddable":true,"href":"https:\/\/www.europesays.com\/fr\/wp-json\/wp\/v2\/tags?post=353981"}],"curies":[{"name":"wp","href":"https:\/\/api.w.org\/{rel}","templated":true}]}}