{"id":353983,"date":"2025-08-30T06:52:14","date_gmt":"2025-08-30T06:52:14","guid":{"rendered":"https:\/\/www.europesays.com\/fr\/353983\/"},"modified":"2025-08-30T06:52:14","modified_gmt":"2025-08-30T06:52:14","slug":"top-14-saga-stade-francais-je-sais-ou-je-mets-les-pieds-et-ca-me-plait-portrait-de-tani-vili-dans-les-pas-de-parra","status":"publish","type":"post","link":"https:\/\/www.europesays.com\/fr\/353983\/","title":{"rendered":"Top 14 &#8211; Saga Stade fran\u00e7ais. \u00ab\u00a0Je sais o\u00f9 je mets les pieds et \u00e7a me pla\u00eet\u00a0\u00bb : portrait de Tani Vili, dans les pas de Parra"},"content":{"rendered":"<p>\n                Si Tani Vili, apr\u00e8s deux \u00e9checs \u00e0 l\u2019UBB et au RC Vannes, a choisi de relancer sa carri\u00e8re au Stade fran\u00e7ais, c\u2019est en grande partie en raison de la pr\u00e9sence de Morgan Parra. Explications.\n            <\/p>\n<p>Dans le jargon des agents de joueurs, le recrutement de Tani Vili par le Stade fran\u00e7ais est qualifi\u00e9 d\u2019opportunit\u00e9 de march\u00e9. Le trois-quarts centre, qui \u00e9voluait l\u2019an pass\u00e9 au RC Vannes, a profit\u00e9 d\u2019une clause de sortie pr\u00e9vue en cas de rel\u00e9gation pour se lib\u00e9rer de sa derni\u00e8re ann\u00e9e de contrat. \u00ab\u00a0Je voulais pouvoir continuer \u00e0 jouer en Top 14\u00a0\u00bb, assure le joueur qui l\u2019an pass\u00e9 n\u2019a pas forc\u00e9ment brill\u00e9 avec le club breton. Doux euph\u00e9misme. Seulement trois titularisations en Top 14 pour dix feuilles de match, les chiffres t\u00e9moignent. \u00ab\u00a0Je n\u2019avais pas peut-\u00eatre pas l\u2019\u00e9tat d\u2019esprit qui colle au club\u00a0\u00bb, dit-il sobrement. Las, depuis son \u00e9closion, celui qui a d\u00e9j\u00e0 \u00e9t\u00e9 convoqu\u00e9 par le s\u00e9lectionneur du XV de France Fabien Galthi\u00e9 pour les tourn\u00e9es d\u2019\u00e9t\u00e9 2021 et 2022 en Australie et au Japon, tarde \u00e0 confirmer. \u00ab\u00a0J\u2019ai encore besoin de prendre de la confiance en moi pour revenir \u00e0 mon niveau, celui que j\u2019avais \u00e0 mes d\u00e9buts \u00e0 Clermont. Mais j\u2019ai le sentiment d\u2019avoir un bon \u00e9tat d\u2019esprit, bien meilleur depuis que je suis arriv\u00e9 au Stade fran\u00e7ais. J\u2019ai vraiment h\u00e2te de commencer l\u2019ann\u00e9e, de jouer et de confirmer pour faire fermer la bouche de certaines personnes. \u00a0\u00bb Un propos exempt de toute ambigu\u00eft\u00e9 sur le niveau de motivation du gar\u00e7on qui sait probablement qu\u2019apr\u00e8s ces deux \u00e9checs \u00e0 l\u2019UBB et au RC Vannes, le club de la capitale repr\u00e9sente sa derni\u00e8re chance de s\u2019affirmer au plus haut niveau.<\/p>\n<p>Si Tani Vili se sent bien \u00e0 Paris, c\u2019est qu\u2019il y a retrouv\u00e9 quelques vieilles connaissances. D\u2019abord, Samuel Ezeala, son compagnon de formation \u00e0 l\u2019ASM. Ensuite, il a surtout renou\u00e9 avec Morgan Parra, son ancien capitaine du c\u00f4t\u00e9 du stade Marcel-Michelin. Une pr\u00e9sence qui n\u2019a rien d\u2019anodine. \u00ab\u00a0\u00c7a a pes\u00e9 dans mon choix, jure-t-il. Je l\u2019ai eu au t\u00e9l\u00e9phone avant de me d\u00e9cider. Avec moi, Morgan n\u2019a jamais eu de filtre. \u00c0 Clermont, j\u2019ai fait quelques conneries durant mes ann\u00e9es de jeunesse. Morgan \u00e9tait notre capitaine, c\u2019\u00e9tait la voix du vestiaire. Et si ce que je faisais ne lui plaisait pas, tant au niveau rugby que dans la vie de tous les jours, il \u00e9tait le premier \u00e0 me le dire ou \u00e0 m\u2019accompagner, quand j\u2019ai rencontr\u00e9 des difficult\u00e9s sur le plan familial. Quand j\u2019ai fait mes deux ou trois b\u00eatises, \u00e7a a \u00e9t\u00e9 aussi le premier \u00e0 me d\u00e9glinguer devant tout le monde mais aussi \u00e0 me parler en priv\u00e9, pour me dire les choses franchement. Le fait qu\u2019il soit entra\u00eeneur de l\u2019attaque au Stade fran\u00e7ais, je sais o\u00f9 je mets les pieds et \u00e7a me pla\u00eet. \u00ab\u00a0<\/p>\n<p>Avec le Stade fran\u00e7ais, Vili semble entre de bonnes mains. Celles qui lui redonneront confiance et l\u2019espoir de flirter de nouveau avec le XV de France ? \u00ab\u00a0Je l\u2019ai dans un coin de la t\u00eate, souffle-t-il timidement. J\u2019ai eu la chance d\u2019\u00eatre convoqu\u00e9 pour des tourn\u00e9es d\u2019\u00e9t\u00e9 mais je n\u2019ai aucune s\u00e9lection. J\u2019ai peut-\u00eatre cru que j\u2019\u00e9tais arriv\u00e9 mais en fait je n\u2019ai rien fait. Je n\u2019\u00e9tais pas suffisamment mature et aujourd\u2019hui, je pars de loin.\u00a0\u00bb Et de conclure : \u00ab\u00a0Ma priorit\u00e9 c\u2019est d\u2019abord de m\u2019imposer au Stade fran\u00e7ais.\u00a0\u00bb<\/p>\n","protected":false},"excerpt":{"rendered":"Si Tani Vili, apr\u00e8s deux \u00e9checs \u00e0 l\u2019UBB et au RC Vannes, a choisi de relancer sa carri\u00e8re&hellip;\n","protected":false},"author":2,"featured_media":353984,"comment_status":"","ping_status":"","sticky":false,"template":"","format":"standard","meta":{"footnotes":""},"categories":[1416],"tags":[1011,27,479,1468,60],"class_list":{"0":"post-353983","1":"post","2":"type-post","3":"status-publish","4":"format-standard","5":"has-post-thumbnail","7":"category-rugby","8":"tag-fr","9":"tag-france","10":"tag-rugby","11":"tag-rugby-football","12":"tag-sports"},"share_on_mastodon":{"url":"https:\/\/pubeurope.com\/@fr\/115116398648101251","error":""},"_links":{"self":[{"href":"https:\/\/www.europesays.com\/fr\/wp-json\/wp\/v2\/posts\/353983","targetHints":{"allow":["GET"]}}],"collection":[{"href":"https:\/\/www.europesays.com\/fr\/wp-json\/wp\/v2\/posts"}],"about":[{"href":"https:\/\/www.europesays.com\/fr\/wp-json\/wp\/v2\/types\/post"}],"author":[{"embeddable":true,"href":"https:\/\/www.europesays.com\/fr\/wp-json\/wp\/v2\/users\/2"}],"replies":[{"embeddable":true,"href":"https:\/\/www.europesays.com\/fr\/wp-json\/wp\/v2\/comments?post=353983"}],"version-history":[{"count":0,"href":"https:\/\/www.europesays.com\/fr\/wp-json\/wp\/v2\/posts\/353983\/revisions"}],"wp:featuredmedia":[{"embeddable":true,"href":"https:\/\/www.europesays.com\/fr\/wp-json\/wp\/v2\/media\/353984"}],"wp:attachment":[{"href":"https:\/\/www.europesays.com\/fr\/wp-json\/wp\/v2\/media?parent=353983"}],"wp:term":[{"taxonomy":"category","embeddable":true,"href":"https:\/\/www.europesays.com\/fr\/wp-json\/wp\/v2\/categories?post=353983"},{"taxonomy":"post_tag","embeddable":true,"href":"https:\/\/www.europesays.com\/fr\/wp-json\/wp\/v2\/tags?post=353983"}],"curies":[{"name":"wp","href":"https:\/\/api.w.org\/{rel}","templated":true}]}}