{"id":353985,"date":"2025-08-30T06:53:17","date_gmt":"2025-08-30T06:53:17","guid":{"rendered":"https:\/\/www.europesays.com\/fr\/353985\/"},"modified":"2025-08-30T06:53:17","modified_gmt":"2025-08-30T06:53:17","slug":"les-francais-adrian-mannarino-et-arthur-rinderknech-qualifies-pour-les-huitiemes-de-finale","status":"publish","type":"post","link":"https:\/\/www.europesays.com\/fr\/353985\/","title":{"rendered":"les Fran\u00e7ais Adrian Mannarino et Arthur Rinderknech qualifi\u00e9s pour les huiti\u00e8mes de finale"},"content":{"rendered":"\n<p class=\"c-chapo \">\n  Apr\u00e8s avoir battu son compatriote Benjamin Bonzi au troisi\u00e8me tour, Arthur Rinderknech s&rsquo;invite pour la premi\u00e8re fois en deuxi\u00e8me semaine dans un tournoi du Grand Chelem tandis qu&rsquo;Adrian Mannarino a profit\u00e9 de l\u2019abandon de Ben Shelton.\n<\/p>\n<p>            lire plus tard<\/p>\n<p id=\"dialog__title\" class=\"dialog__title\">Pour sauvegarder cet article, connectez-vous ou cr\u00e9ez un compte franceinfo<\/p>\n<p class=\"dialog__description\">Sans paiement. Sans abonnement.<\/p>\n<p>        Fermer la fen\u00eatre d\u2019activation des notifications France Info<\/p>\n<p>            cr\u00e9er votre compte<\/p>\n<p>            se connecter<\/p>\n<p>        Fermer la fen\u00eatre de pr\u00e9sentation<\/p>\n<p>    <img loading=\"lazy\" decoding=\"async\" class=\"signature__image lazyload\" width=\"100\" height=\"100\" data- alt=\"\" src=\"https:\/\/www.europesays.com\/fr\/wp-content\/uploads\/2025\/05\/64a68815cd1a7_placeholder-36b69ec8.png\"\/><\/p>\n<p>    Publi\u00e9 le 29\/08\/2025 23:27<\/p>\n<p>        Temps de lecture : 2min<\/p>\n<p>    <img decoding=\"async\"  alt=\"Arthur Rinderknech face \u00e0 Benjamin Bonzi au sixi\u00e8me jour de l'US Open, au USTA Billie Jean King National Tennis Center, \u00e0 New York, le 29 ao\u00fbt 2025. (ANGELA WEISS \/ AFP)\" width=\"432\" height=\"243\" src=\"https:\/\/www.europesays.com\/fr\/wp-content\/uploads\/2025\/08\/000-72uy7ur-68b21a1316bc5605591383.jpg\" fetchpriority=\"high\"\/><\/p>\n<p>      Arthur Rinderknech face \u00e0 Benjamin Bonzi au sixi\u00e8me jour de l&rsquo;US Open, au USTA Billie Jean King National Tennis Center, \u00e0 New York, le 29 ao\u00fbt 2025. (ANGELA WEISS \/ AFP)<\/p>\n<p>C&rsquo;est la f\u00eate pour les Fran\u00e7ais ! <a href=\"https:\/\/www.franceinfo.fr\/sports\/tennis\/us-open\/us-open-2025-ugo-blanchet-cree-l-exploit-bonzi-et-rinderknech-se-retrouvent-sabalenka-se-fait-peur-ce-qu-il-faut-retenir-de-la-4e-journee_7459138.html\" rel=\"nofollow noopener\" target=\"_blank\">Arthur Rinderknech<\/a> s&rsquo;est impos\u00e9, vendredi 29 ao\u00fbt, au troisi\u00e8me tour de l&rsquo;US Open contre son compatriote et ami Benjamin Bonzi (4-6, 6-3, 6-3, 6-2) pour s&rsquo;offrir \u00e0 30 ans un premier huiti\u00e8me de finale en Grand Chelem.<\/p>\n<p>Cerise sur le g\u00e2teau : le 82e mondial est assur\u00e9 de jouer sur un grand court puisqu&rsquo;il affrontera au prochain tour le quintuple vainqueur en Grand Chelem Carlos Alcaraz (2e).\u00a0Premier Fran\u00e7ais \u00e0 s&rsquo;inviter en huiti\u00e8mes de finale \u00e0 New York depuis Corentin Moutet en 2022, le joueur entra\u00een\u00e9 par l&rsquo;ex-N.10 mondial Lucas Pouille a surmont\u00e9 la perte du premier set pour vaincre Benjamin Bonzi.<\/p>\n<p>\u00ab\u00a0Je ne gagne jamais en trois sets, pour moi c&rsquo;est la routine de perdre un set\u00a0\u00bb, a plaisant\u00e9 Arthur Rinderknech dans son interview d&rsquo;apr\u00e8s-match, non sans avoir un mot pour son cadet, qui esp\u00e9rait lui aussi atteindre un premier huiti\u00e8me de finale en Grand Chelem \u00e0 29 ans.<\/p>\n<p>Plus tard dans la journ\u00e9e, un autre Fran\u00e7ais, Adrian Mannarino s&rsquo;est qualifi\u00e9, \u00e0 37 ans pour son premier huiti\u00e8me de finale \u00e0 l&rsquo;US Open apr\u00e8s l&rsquo;abandon du 6e mondial Ben Shelton, touch\u00e9 \u00e0 l&rsquo;\u00e9paule gauche. Le 77e joueur mondial venait d&rsquo;\u00e9galiser \u00e0 deux manches partout quand le gaucher am\u00e9ricain a jet\u00e9 l&rsquo;\u00e9ponge, apr\u00e8s s&rsquo;\u00eatre fait mal sur un coup droit plus t\u00f4t dans le set et avoir grimac\u00e9 \u00e0 plusieurs reprises en fin d&rsquo;\u00e9change.<\/p>\n<p>Le match s&rsquo;est donc arr\u00eat\u00e9 sur le score de 3-6, 6-3, 4-6, 6-4, alors qu&rsquo;Adrian Mannarino a appris l&rsquo;abandon de son adversaire au retour d&rsquo;une pause toilettes. En larmes, le demi-finaliste de l&rsquo;\u00e9dition 2023 a rapidement quitt\u00e9 le court Louis-Armstrong. Vainqueur d\u00e9but ao\u00fbt de son premier Masters 1000 \u00e0 Toronto, Shelton figurait parmi les outsiders \u00e0 New York.<\/p>\n<p>Adrian Mannarino rejoint donc son compatriote Arthur Rinderknech parmi les seize derniers joueurs en lice \u00e0 New York et affrontera dimanche le Tch\u00e8que Jiri Lehecka (21e) pour une place en quarts de finale.<\/p>\n","protected":false},"excerpt":{"rendered":"Apr\u00e8s avoir battu son compatriote Benjamin Bonzi au troisi\u00e8me tour, Arthur Rinderknech s&rsquo;invite pour la premi\u00e8re fois en&hellip;\n","protected":false},"author":2,"featured_media":353986,"comment_status":"","ping_status":"","sticky":false,"template":"","format":"standard","meta":{"footnotes":""},"categories":[1415],"tags":[1011,27,60,1467],"class_list":{"0":"post-353985","1":"post","2":"type-post","3":"status-publish","4":"format-standard","5":"has-post-thumbnail","7":"category-tennis","8":"tag-fr","9":"tag-france","10":"tag-sports","11":"tag-tennis"},"share_on_mastodon":{"url":"https:\/\/pubeurope.com\/@fr\/115116402588054669","error":""},"_links":{"self":[{"href":"https:\/\/www.europesays.com\/fr\/wp-json\/wp\/v2\/posts\/353985","targetHints":{"allow":["GET"]}}],"collection":[{"href":"https:\/\/www.europesays.com\/fr\/wp-json\/wp\/v2\/posts"}],"about":[{"href":"https:\/\/www.europesays.com\/fr\/wp-json\/wp\/v2\/types\/post"}],"author":[{"embeddable":true,"href":"https:\/\/www.europesays.com\/fr\/wp-json\/wp\/v2\/users\/2"}],"replies":[{"embeddable":true,"href":"https:\/\/www.europesays.com\/fr\/wp-json\/wp\/v2\/comments?post=353985"}],"version-history":[{"count":0,"href":"https:\/\/www.europesays.com\/fr\/wp-json\/wp\/v2\/posts\/353985\/revisions"}],"wp:featuredmedia":[{"embeddable":true,"href":"https:\/\/www.europesays.com\/fr\/wp-json\/wp\/v2\/media\/353986"}],"wp:attachment":[{"href":"https:\/\/www.europesays.com\/fr\/wp-json\/wp\/v2\/media?parent=353985"}],"wp:term":[{"taxonomy":"category","embeddable":true,"href":"https:\/\/www.europesays.com\/fr\/wp-json\/wp\/v2\/categories?post=353985"},{"taxonomy":"post_tag","embeddable":true,"href":"https:\/\/www.europesays.com\/fr\/wp-json\/wp\/v2\/tags?post=353985"}],"curies":[{"name":"wp","href":"https:\/\/api.w.org\/{rel}","templated":true}]}}