{"id":353987,"date":"2025-08-30T06:54:09","date_gmt":"2025-08-30T06:54:09","guid":{"rendered":"https:\/\/www.europesays.com\/fr\/353987\/"},"modified":"2025-08-30T06:54:09","modified_gmt":"2025-08-30T06:54:09","slug":"un-tournoi-de-3x3-ce-week-end-face-au-chateau-de-versailles","status":"publish","type":"post","link":"https:\/\/www.europesays.com\/fr\/353987\/","title":{"rendered":"Un tournoi de 3&#215;3 ce week-end face au Ch\u00e2teau de Versailles"},"content":{"rendered":"<p>Pour la premi\u00e8re fois de son histoire,\u00a0la Ville de Versailles int\u00e8gre le calendrier international 3&#215;3 en accueillant un \u00ab Lite Quest \u00bb, une \u00e9preuve qualificative pour une \u00e9tape du circuit international \u00ab\u00a0World Tour\u00a0\u00bb. Douze \u00e9quipes seront r\u00e9unies pour cette grande premi\u00e8re : cinq \u00e9quipes fran\u00e7aises (dont quatre collectifs franciliens\u00a0) et sept \u00e9quipes \u00e9trang\u00e8res, s\u00e9lectionn\u00e9es selon les crit\u00e8res sportifs d\u00e9finis par le r\u00e8glement FIBA parmi plus d\u2019une trentaine de candidatures.\u00a0<\/p>\n<p>La pr\u00e9sence de collectifs \u00e9trangers, s\u00e9lectionn\u00e9s selon les crit\u00e8res sportifs d\u00e9finis par le r\u00e8glement FIBA, souligne le haut niveau de la comp\u00e9tition et le rayonnement international de cette discipline olympique.\u00a0La R\u00e9gion \u00cele-de-France, partenaire majeur de l\u2019\u00e9v\u00e9nement, r\u00e9affirme \u00e0 cette occasion son r\u00f4le central dans la structuration et la promotion du 3&#215;3, apr\u00e8s avoir accueilli ces derni\u00e8res ann\u00e9es plusieurs \u00e9tapes du circuit national \u00ab Superleague 3&#215;3 FFBB \u00bb ainsi que des \u00e9v\u00e9nements internationaux majeurs tels que le Masters de Paris en 2022 et le Challenger d\u2019Eaubonne en 2022. Gr\u00e2ce \u00e0 ce soutien, le 3&#215;3 se d\u00e9veloppe \u00e0 l\u2019\u00e9chelle r\u00e9gionale, permettant aux collectifs franciliens de se professionnaliser et au public de profiter d\u2019\u00e9v\u00e9nements sportifs accessibles gratuitement dans des cadres exceptionnels.<\/p>\n<p>Le tournoi se d\u00e9roulera de 10h \u00e0 18h dans un\u00a0cadre unique et prestigieux, sur le parvis du Ch\u00e2teau de Versailles, offrant aux spectateurs une vue exceptionnelle sur l\u2019un des monuments les plus embl\u00e9matiques de France. L&rsquo;acc\u00e8s sera libre et gratuit.\u00a0Un prize money de 3.000 \u20ac\u00a0sera attribu\u00e9 aux meilleures \u00e9quipes, ajoutant une dimension comp\u00e9titive suppl\u00e9mentaire et soulignant le s\u00e9rieux et le professionnalisme de cette \u00e9tape du calendrier FIBA.<\/p>\n<p>\u00a0Patrick Karam\u00a0(Vice-pr\u00e9sident de la R\u00e9gion Ile-de-France en charge des Sports, de l&rsquo;h\u00e9ritage olympique et paralympique, de la Citoyennet\u00e9 et des loisirs)\u00a0:<\/p>\n<blockquote><p>\u00ab Je suis tr\u00e8s fier que la R\u00e9gion \u00cele-de-France soit le premier partenaire de ce tournoi international de basket 3&#215;3 \u00e0 Versailles. Voir l\u2019\u00e9quipe Elancourt R\u00e9gion \u00cele-de-France d\u00e9fendre nos couleurs dans un tel cadre est une grande satisfaction. La participation de sept \u00e9quipes \u00e9trang\u00e8res, alg\u00e9rienne, am\u00e9ricaine, anglaise, isra\u00e9lienne, lituanienne, polonaise et suisse t\u00e9moigne de l\u2019attractivit\u00e9 et de la comp\u00e9titivit\u00e9 du 3&#215;3 \u00e0 l\u2019\u00e9chelle internationale. Offrir au public francilien un \u00e9v\u00e9nement d\u2019une telle envergure, face \u00e0 l\u2019un des monuments les plus embl\u00e9matiques de notre patrimoine, est une immense fiert\u00e9 et illustre parfaitement la capacit\u00e9 de la R\u00e9gion, en partenariat avec la FFBB et la Ville de Versailles, \u00e0 faire rayonner le sport dans des lieux exceptionnels. \u00bb<\/p><\/blockquote>\n","protected":false},"excerpt":{"rendered":"Pour la premi\u00e8re fois de son histoire,\u00a0la Ville de Versailles int\u00e8gre le calendrier international 3&#215;3 en accueillant un&hellip;\n","protected":false},"author":2,"featured_media":353988,"comment_status":"","ping_status":"","sticky":false,"template":"","format":"standard","meta":{"footnotes":""},"categories":[1414],"tags":[1465,1464,1011,27,60],"class_list":{"0":"post-353987","1":"post","2":"type-post","3":"status-publish","4":"format-standard","5":"has-post-thumbnail","7":"category-basket","8":"tag-basket","9":"tag-basketball","10":"tag-fr","11":"tag-france","12":"tag-sports"},"share_on_mastodon":{"url":"https:\/\/pubeurope.com\/@fr\/115116406734413762","error":""},"_links":{"self":[{"href":"https:\/\/www.europesays.com\/fr\/wp-json\/wp\/v2\/posts\/353987","targetHints":{"allow":["GET"]}}],"collection":[{"href":"https:\/\/www.europesays.com\/fr\/wp-json\/wp\/v2\/posts"}],"about":[{"href":"https:\/\/www.europesays.com\/fr\/wp-json\/wp\/v2\/types\/post"}],"author":[{"embeddable":true,"href":"https:\/\/www.europesays.com\/fr\/wp-json\/wp\/v2\/users\/2"}],"replies":[{"embeddable":true,"href":"https:\/\/www.europesays.com\/fr\/wp-json\/wp\/v2\/comments?post=353987"}],"version-history":[{"count":0,"href":"https:\/\/www.europesays.com\/fr\/wp-json\/wp\/v2\/posts\/353987\/revisions"}],"wp:featuredmedia":[{"embeddable":true,"href":"https:\/\/www.europesays.com\/fr\/wp-json\/wp\/v2\/media\/353988"}],"wp:attachment":[{"href":"https:\/\/www.europesays.com\/fr\/wp-json\/wp\/v2\/media?parent=353987"}],"wp:term":[{"taxonomy":"category","embeddable":true,"href":"https:\/\/www.europesays.com\/fr\/wp-json\/wp\/v2\/categories?post=353987"},{"taxonomy":"post_tag","embeddable":true,"href":"https:\/\/www.europesays.com\/fr\/wp-json\/wp\/v2\/tags?post=353987"}],"curies":[{"name":"wp","href":"https:\/\/api.w.org\/{rel}","templated":true}]}}