{"id":35399,"date":"2025-04-19T02:29:09","date_gmt":"2025-04-19T02:29:09","guid":{"rendered":"https:\/\/www.europesays.com\/fr\/35399\/"},"modified":"2025-04-19T02:29:09","modified_gmt":"2025-04-19T02:29:09","slug":"en-fin-de-contrat-campos-prepare-la-saison-prochaine","status":"publish","type":"post","link":"https:\/\/www.europesays.com\/fr\/35399\/","title":{"rendered":"En fin de contrat, Campos pr\u00e9pare la saison prochaine"},"content":{"rendered":"<p><img width=\"700\" height=\"350\" src=\"https:\/\/www.europesays.com\/fr\/wp-content\/uploads\/2025\/04\/Luis-Campos-CS.png\" class=\"attachment-jannah-image-post size-jannah-image-post wp-post-image\" alt=\"Luis campos cs\" is_main_img=\"1\" decoding=\"async\" fetchpriority=\"high\"  \/><\/p>\n<p>En fin de contrat avec le PSG en fin de saison, Luis Campos<br \/>\nvoit toujours son avenir \u00eatre en pointill\u00e9. Mais le dirigeant<br \/>\nportugais continue son travail pour am\u00e9liorer l\u2019effectif pour la<br \/>\nsaison prochaine.<\/p>\n<p>Architecte du nouveau projet <strong>PSG<\/strong> aux c\u00f4t\u00e9s de<br \/>\n<strong>Luis Enrique<\/strong>, <strong>Luis Campos<\/strong> ne sait<br \/>\ntoujours pas s\u2019il poursuivra l\u2019aventure chez les Rouge &amp; Bleu<br \/>\nau-del\u00e0 de cet exercice 2024-2025. En effet, le dirigeant<br \/>\nportugais, au club depuis l\u2019\u00e9t\u00e9 2022, arrive en fin de contrat \u00e0<br \/>\nl\u2019issue de l\u2019exercice en cours. Et malgr\u00e9 cela, le conseiller<br \/>\nsportif des Rouge &amp; Bleu n\u2019a rien chang\u00e9 \u00e0 ses habitudes, comme le<br \/>\nrapporte <strong><a href=\"https:\/\/www.leparisien.fr\/sports\/football\/ligue-1\/psg-le-havre-sans-y-voir-plus-clair-sur-son-propre-avenir-luis-campos-prepare-la-saison-prochaine-18-04-2025-ICBPII3F2FBLJLQEL3XKUUAFOA.php\" target=\"_blank\" rel=\"noopener nofollow\" title=\"\">Le<br \/>\nParisien<\/a><\/strong>. \u00ab\u00a0Il est impliqu\u00e9 \u00e0 100<br \/>\n%\u00a0\u00bb, note-t-on au club. Sa relation avec <strong>Nasser<br \/>\nal-Khela\u00effi<\/strong> a grandement \u00e9volu\u00e9, leur proximit\u00e9 \u00e9tant<br \/>\nr\u00e9elle et le respect mutuel. Le pr\u00e9sident parisien r\u00e9p\u00e8te<br \/>\nr\u00e9guli\u00e8rement son d\u00e9sir de poursuivre l\u2019aventure avec le Portugais.<br \/>\nDans l\u2019entourage du Qatarien, la m\u00eame observation ponctue le<br \/>\ndossier <strong>Campos<\/strong>, avec une pointe de lassitude<br \/>\nd\u00e9sormais : \u00ab\u00a0Tout sera fait en temps voulu. Nous n\u2019allons<br \/>\npas faire de commentaires en continu\u00a0\u00bb, soufflait-on ce<br \/>\nvendredi. Si le <strong>PSG<\/strong> diffuse l\u2019id\u00e9e d\u2019une<br \/>\nprolongation de contrat mais selon son propre agenda, le principal<br \/>\nconcern\u00e9 pourrait d\u00e9cider de partir en fin de saison si l\u2019\u00e9quipe<br \/>\nremporte tous les titres qu\u2019elle dispute. La question du salaire<br \/>\naura aussi son importance dans les n\u00e9gociations.<\/p>\n<p>Campos travaille<br \/>\npour les prolongations de Barcola et Lee Kang-In<\/p>\n<p>De son c\u00f4t\u00e9, <strong>Luis Enrique<\/strong> r\u00e9p\u00e8te aussi son<br \/>\nenvie de poursuivre l\u2019aventure avec <strong><a href=\"https:\/\/canal-supporters.com\/mercato-luis-campos-encore-loin-de-prolonger-avec-le-psg\/\" title=\"\" rel=\"nofollow noopener\" target=\"_blank\">Luis Campos<\/a><\/strong>. En attendant d\u2019y voir plus clair<br \/>\nsur son avenir, l\u2019ancien dirigeant du <strong>LOSC<\/strong><br \/>\ncontinue ses missions au <strong>PSG<\/strong>. Preuve de son<br \/>\nimplication, le Portugais \u00e9tait pr\u00e9sent \u00e0 <strong>Rome<\/strong><br \/>\nhier pour assister \u00e0 la qualification historique de<br \/>\n<strong>Bodo\/Glim<\/strong> sur la pelouse de la<br \/>\n<strong>Lazio<\/strong>, en <strong>Ligue Europa<\/strong>.<br \/>\n\u00ab\u00a0Pas s\u00fbr que le conseiller ait voyag\u00e9 en<br \/>\n<strong>l\u2019Italie<\/strong> juste pour voir cet exploit. Plus<br \/>\ns\u00fbrement, pour superviser des joueurs dont sans doute l\u2019Espagnol<br \/>\n<strong>Mario Gila<\/strong>, 24 ans (<strong>Lazio Rome<\/strong>),<br \/>\nannonc\u00e9 dans le viseur cet \u00e9t\u00e9 par les m\u00e9dias transalpins. L\u2019axial<br \/>\ndroit viendrait renforcer un secteur o\u00f9 <strong>Marquinhos<\/strong><br \/>\nest le seul vrai sp\u00e9cialiste de ce c\u00f4t\u00e9 de la d\u00e9fense.\u00a0\u00bb<br \/>\nEn plus de sa recherche pour un d\u00e9fenseur central, <strong>Luis<br \/>\nCampos<\/strong> travaille aussi pour quelques prolongations de<br \/>\ncontrat. Si le suspense est toujours pr\u00e9sent autour de l\u2019avenir de<br \/>\n<strong><a href=\"https:\/\/canal-supporters.com\/psg-gianluigi-donnarumma-meilleur-gardien-du-monde\/\" title=\"\" rel=\"nofollow noopener\" target=\"_blank\">Gianluigi Donnarumma<\/a><\/strong>, le conseiller sportif<br \/>\ntravaille surtout pour les prolongations de contrat de<br \/>\n<strong>Bradley Barcola<\/strong> et <strong>Lee Kang-In<\/strong>,<br \/>\ntous les deux li\u00e9s jusqu\u2019en 2028, lors de l\u2019\u00e9dition 2025-206,<br \/>\nconclut <strong>LP<\/strong>.<\/p>\n<\/p>\n<p>Youtube : Canal<br \/>\nSupporters Paris<\/p>\n","protected":false},"excerpt":{"rendered":"En fin de contrat avec le PSG en fin de saison, Luis Campos voit toujours son avenir \u00eatre&hellip;\n","protected":false},"author":2,"featured_media":35400,"comment_status":"","ping_status":"","sticky":false,"template":"","format":"standard","meta":{"footnotes":""},"categories":[1410],"tags":[9707,11483,81,787,63,1011,27,10528,5049,11484,921,11485,11486,91,92,93,60,96],"class_list":{"0":"post-35399","1":"post","2":"type-post","3":"status-publish","4":"format-standard","5":"has-post-thumbnail","7":"category-football","8":"tag-bradley-barcola","9":"tag-campos-psg","10":"tag-canal-supporters","11":"tag-cs","12":"tag-football","13":"tag-fr","14":"tag-france","15":"tag-gianluigi-donnarumma","16":"tag-lee-kang-in","17":"tag-luis-campos","18":"tag-luis-enrique","19":"tag-mario-gila","20":"tag-nasser-al-khelaifi","21":"tag-paris-saint-germain","22":"tag-paris-sg","23":"tag-psg","24":"tag-sports","25":"tag-une"},"share_on_mastodon":{"url":"https:\/\/pubeurope.com\/@fr\/114362277303438037","error":""},"_links":{"self":[{"href":"https:\/\/www.europesays.com\/fr\/wp-json\/wp\/v2\/posts\/35399","targetHints":{"allow":["GET"]}}],"collection":[{"href":"https:\/\/www.europesays.com\/fr\/wp-json\/wp\/v2\/posts"}],"about":[{"href":"https:\/\/www.europesays.com\/fr\/wp-json\/wp\/v2\/types\/post"}],"author":[{"embeddable":true,"href":"https:\/\/www.europesays.com\/fr\/wp-json\/wp\/v2\/users\/2"}],"replies":[{"embeddable":true,"href":"https:\/\/www.europesays.com\/fr\/wp-json\/wp\/v2\/comments?post=35399"}],"version-history":[{"count":0,"href":"https:\/\/www.europesays.com\/fr\/wp-json\/wp\/v2\/posts\/35399\/revisions"}],"wp:featuredmedia":[{"embeddable":true,"href":"https:\/\/www.europesays.com\/fr\/wp-json\/wp\/v2\/media\/35400"}],"wp:attachment":[{"href":"https:\/\/www.europesays.com\/fr\/wp-json\/wp\/v2\/media?parent=35399"}],"wp:term":[{"taxonomy":"category","embeddable":true,"href":"https:\/\/www.europesays.com\/fr\/wp-json\/wp\/v2\/categories?post=35399"},{"taxonomy":"post_tag","embeddable":true,"href":"https:\/\/www.europesays.com\/fr\/wp-json\/wp\/v2\/tags?post=35399"}],"curies":[{"name":"wp","href":"https:\/\/api.w.org\/{rel}","templated":true}]}}