{"id":353993,"date":"2025-08-30T06:57:12","date_gmt":"2025-08-30T06:57:12","guid":{"rendered":"https:\/\/www.europesays.com\/fr\/353993\/"},"modified":"2025-08-30T06:57:12","modified_gmt":"2025-08-30T06:57:12","slug":"le-parcours-et-le-profil-de-la-8e-etape-du-tour-despagne-ce-samedi-30-aout","status":"publish","type":"post","link":"https:\/\/www.europesays.com\/fr\/353993\/","title":{"rendered":"Le parcours et le profil de la 8e \u00e9tape du Tour d\u2019Espagne ce samedi 30 ao\u00fbt"},"content":{"rendered":"<p>Le <a href=\"https:\/\/www.20minutes.fr\/dossier\/week-end\" class=\"c-link c-link--is-underlined\" rel=\"nofollow noopener\" target=\"_blank\">week-end<\/a> de <a href=\"https:\/\/www.20minutes.fr\/sport\/vuelta\/\" class=\"c-link c-link--is-underlined\" rel=\"nofollow noopener\" target=\"_blank\">Vuelta<\/a> 2025 d\u00e9marre par une \u00e9tape entre Monz\u00f3n Templario et Saragosse, avec 1 236 m\u00e8tres de d\u00e9nivel\u00e9 positif. Au vu du profil de la course, les sprinteurs devraient s&rsquo;illustrer. Une \u00e9chapp\u00e9e devrait se cr\u00e9er en d\u00e9but d&rsquo;\u00e9tape, avant de voir les \u00e9quipes se pr\u00e9parer au sprint massif de l&rsquo;arriv\u00e9e, dans les rues de la ville de Francisco de Goya.<\/p>\n<p>Torstein Tr\u00e6en (Bahrain Victorious) va tenter de conserver son maillot rouge.<\/p>\n<p class=\"mb-xxl@xs color-ultramarine font-weight-semi-bold@xs font-source-serif-pro heading-s@xs\">L\u2019acc\u00e8s \u00e0 ce contenu a \u00e9t\u00e9 bloqu\u00e9 afin de respecter votre choix de consentement<\/p>\n<p class=\"mb-m@xs text-l@xs\">En cliquant sur\u00ab J\u2019accepte \u00bb, vous acceptez le d\u00e9p\u00f4t de cookies par des services externes et aurez ainsi acc\u00e8s aux contenus de nos partenaires.<\/p>\n<p class=\"mb-xl@xs text-s@xs\">Plus d\u2019informations sur la page<a href=\"https:\/\/www.20minutes.fr\/gestion-cookies\" class=\"mx-xxs@xs color-ultramarine\" rel=\"nofollow noopener\" target=\"_blank\">Politique de gestion des cookies<\/a><\/p>\n<p>J\u2019accepte\u00c0 quelle heure et sur quelle cha\u00eene voir la 8e \u00e9tape de la Vuelta 2025<\/p>\n<p>La course sera diffus\u00e9e sur Eurosport 1 et HBO Max, en direct \u00e0 partir de 14h45. L&rsquo;arriv\u00e9e \u00e0 Saragosse est pr\u00e9vue \u00e0 17h20, ce samedi 30 ao\u00fbt 2025.<\/p>\n<p>Le profil de la 8e\u00a0\u00e9tape de la Vuelta 2025<img decoding=\"async\" alt=\"Le profil de la 8e \u00e9tape de la Vuelta 2025\" class=\"c-img\" loading=\"lazy\" fetchpriority=\"auto\" width=\"718\"  src=\"https:\/\/img.20mn.fr\/3gzAvIkgQBmZlO2E2RwnsCk\/718x0\" \/>Le profil de la 8e \u00e9tape de la Vuelta 2025\u2002-\u00a0ASO<\/p>\n<p>Apr\u00e8s deux jours en montagne, les sprinteurs ont enfin l&rsquo;occasion de se montrer \u00e0 nouveau. Les favoris au <a href=\"https:\/\/www.20minutes.fr\/sport\/cyclisme\/tour-de-france\/classement-maillot-vert\" class=\"c-link c-link--is-underlined\" rel=\"nofollow noopener\" target=\"_blank\">maillot vert<\/a>, dont l&rsquo;in\u00e9vitable Mads Pedersen, auront les dents longues.<\/p>\n<p>Les favoris du jour<\/p>\n<p>\u00c9videmment, on met une petite pi\u00e8ce sur Jasper Philipsen et Mads Pedersen au vu du proil de la course. Les deux hommes ont prouv\u00e9 qu&rsquo;ils \u00e9taient les meilleurs au sprint cette ann\u00e9e et ce devrait \u00e9galement \u00eatre le cas dans les rues de Saragosse.<\/p>\n<p>Le Top 10 avant la 7e \u00e9tape de la Vuelta 2025<\/p>\n<ol>\n<li>Torstein Traeen &#8211; Bahrain Victorious 25h18&rsquo;02\u00a0\u00bb<\/li>\n<li>Jonas Vingegaard &#8211; Visma Lease a Bike \u00e0 02&rsquo;33\u00a0\u00bb<\/li>\n<li>Jo\u00e3o Almeida &#8211; UAE Team Emirates \u00e0 02&rsquo;41\u00a0\u00bb<\/li>\n<li>Giulio Ciccone &#8211; Lidl &#8211; Trek \u00e0 02&rsquo;42\u00a0\u00bb<\/li>\n<li>Lorenzo Fortunato &#8211; XDS Astana \u00e0 02&rsquo;47\u00a0\u00bb<\/li>\n<li>Matteo Jorgenson &#8211; Visma Lease a Bike \u00e0 02&rsquo;49\u00a0\u00bb<\/li>\n<li>Jai Hindley &#8211; RedBull &#8211; Bora-Hansgrohe \u00e0 02&rsquo;53\u00a0\u00bb<\/li>\n<li>Giulio Pellizzari &#8211; RedBull &#8211; Bora-Hansgrohe \u00e0 02&rsquo;53\u00a0\u00bb<\/li>\n<li>Egan Bernal &#8211; Ineos Grenadiers \u00e0 02&rsquo;55\u00a0\u00bb<\/li>\n<li>Felix Gall &#8211; Decathlon AG2R La Mondiale \u00e0 02&rsquo;58\u00a0\u00bb<\/li>\n<\/ol>\n<p><\/p>\n","protected":false},"excerpt":{"rendered":"Le week-end de Vuelta 2025 d\u00e9marre par une \u00e9tape entre Monz\u00f3n Templario et Saragosse, avec 1 236 m\u00e8tres&hellip;\n","protected":false},"author":2,"featured_media":353994,"comment_status":"","ping_status":"","sticky":false,"template":"","format":"standard","meta":{"footnotes":""},"categories":[1411],"tags":[1154,207,34966,1011,27,27884,517,60,47885],"class_list":{"0":"post-353993","1":"post","2":"type-post","3":"status-publish","4":"format-standard","5":"has-post-thumbnail","7":"category-cyclisme","8":"tag-cycling","9":"tag-cyclisme","10":"tag-david-gaudu","11":"tag-fr","12":"tag-france","13":"tag-jonas-vingegaard","14":"tag-sport","15":"tag-sports","16":"tag-vuelta"},"share_on_mastodon":{"url":"https:\/\/pubeurope.com\/@fr\/115116418320540477","error":""},"_links":{"self":[{"href":"https:\/\/www.europesays.com\/fr\/wp-json\/wp\/v2\/posts\/353993","targetHints":{"allow":["GET"]}}],"collection":[{"href":"https:\/\/www.europesays.com\/fr\/wp-json\/wp\/v2\/posts"}],"about":[{"href":"https:\/\/www.europesays.com\/fr\/wp-json\/wp\/v2\/types\/post"}],"author":[{"embeddable":true,"href":"https:\/\/www.europesays.com\/fr\/wp-json\/wp\/v2\/users\/2"}],"replies":[{"embeddable":true,"href":"https:\/\/www.europesays.com\/fr\/wp-json\/wp\/v2\/comments?post=353993"}],"version-history":[{"count":0,"href":"https:\/\/www.europesays.com\/fr\/wp-json\/wp\/v2\/posts\/353993\/revisions"}],"wp:featuredmedia":[{"embeddable":true,"href":"https:\/\/www.europesays.com\/fr\/wp-json\/wp\/v2\/media\/353994"}],"wp:attachment":[{"href":"https:\/\/www.europesays.com\/fr\/wp-json\/wp\/v2\/media?parent=353993"}],"wp:term":[{"taxonomy":"category","embeddable":true,"href":"https:\/\/www.europesays.com\/fr\/wp-json\/wp\/v2\/categories?post=353993"},{"taxonomy":"post_tag","embeddable":true,"href":"https:\/\/www.europesays.com\/fr\/wp-json\/wp\/v2\/tags?post=353993"}],"curies":[{"name":"wp","href":"https:\/\/api.w.org\/{rel}","templated":true}]}}