{"id":353995,"date":"2025-08-30T06:58:13","date_gmt":"2025-08-30T06:58:13","guid":{"rendered":"https:\/\/www.europesays.com\/fr\/353995\/"},"modified":"2025-08-30T06:58:13","modified_gmt":"2025-08-30T06:58:13","slug":"transfert-a-40me-une-enorme-pression-annoncee-au-psg-le10sport","status":"publish","type":"post","link":"https:\/\/www.europesays.com\/fr\/353995\/","title":{"rendered":"Transfert \u00e0 40M\u20ac : Une \u00ab\u00e9norme pression\u00bb annonc\u00e9e au PSG ! &#8211; Le10Sport"},"content":{"rendered":"<ol>\n<li><a href=\"https:\/\/news.google.com\/rss\/articles\/CBMiogFBVV95cUxNbnFSWUhMV0RVd21FajM2RWpZV1phc1EzXzZYQm9LNURjS01qZFFVamRRUVd4OVRXM0JCSmxOemFiQzZlRlhCQ2l3Y25DUW9nZXZWWWR3eWJlQ3EyeVVqZ0RiMjYtcFphNmwxeGpkZWcwMEJIY2xDOW5HY2xOdjdEZzRRS1UyX1JKYzAwZ0dkNEEzTkpHckxEWHB2Y1NKV1VtUFE?oc=5\" target=\"_blank\" rel=\"nofollow noopener\">Transfert \u00e0 40M\u20ac : Une \u00ab\u00e9norme pression\u00bb annonc\u00e9e au PSG !<\/a>&nbsp;&nbsp;Le10Sport<\/li>\n<li><a href=\"https:\/\/news.google.com\/rss\/articles\/CBMipAJBVV95cUxQVkJZbXdPUXlrc1BjWHVZM29iUFpnQTB3azJJZnJNS0dScnZSLVpQdlNFVzZvQmJmaEpEZ3BWeHlCb2o2TUZNalZMbU5ObW56NmVWUW5yUnZnRVVrRGJNczRieml3eUtUNWNOYjFMTWR3VjFlQzVFSUZ4UXlPcUdzaEV6RHRZaEdzeEdrNDJVYWxBdVdNelBEQ1Z4dExUZUVmb3prZHlBQk84SGtOd1JCUHVUUXQ0T2tIWmp5RGM4cEhGWmMwSlhjbERIZTJXSl9CMUxPU3o0OTE1WkdJaDA5RVNveEhLTG5ndnJCT2lPZnV1MjRtdk1Ka0JfZFdFLUNrUTE0R0pZWkRaXzV5VnQxUmtmRWJUSjJ2RFhmcVFERmpUMTF4?oc=5\" target=\"_blank\" rel=\"nofollow noopener\">\u00ab C\u2019est un autre m\u00e9tier \u00bb : aucun arr\u00eat \u00e0 faire en deux matchs, Chevalier d\u00e9couvre la vie de gardien du PSG en Ligue 1<\/a>&nbsp;&nbsp;Le Parisien<\/li>\n<li><a href=\"https:\/\/news.google.com\/rss\/articles\/CBMilwFBVV95cUxNQUhTMXZfOXhLSXVEZXEyQ2xMN1VzNnRfWXdVeUpieXlKNE1YVTc3RUh3cVpDSmhIS2lTcUxHUHhQT2pGeUROV29rQlNjNmRWNVhXRE1SWWxKMVlDNkw2alNZcWxuTzQ0YkFNV0FaVGh6MC1LMVhxMmVuek55dzJueExPY0hKT24xUjZaY1RSd2Y0TnJRbWg0?oc=5\" target=\"_blank\" rel=\"nofollow noopener\">Donnarumma : Il annonce un gros risque au PSG !<\/a>&nbsp;&nbsp;Le10Sport<\/li>\n<li><a href=\"https:\/\/news.google.com\/rss\/articles\/CBMipgFBVV95cUxPMUJKRkNqemZSdEMyMDhTS0xwb1ZGYmI5TEpWX3pZRE9xaVY0Tkw4Tm91VmcxQkFtY2lib0VLZ1dmUTZyeDZTS2ZJTnBBaFgzb0pDVHdpTUpZOUZQenh4OEI0Z1AzaFhiMmdPanB1dEdhaHJtZkxQVHdvdmZEcFI1QTVpRTBVamVtUmZTZmNFTWgxTkI4YWtTRXlSMUVhcDZxcTh5c2R3?oc=5\" target=\"_blank\" rel=\"nofollow noopener\">PSG : Lucas Chevalier quitte d\u00e9j\u00e0 Paris, il est de retour \u00e0 Lille<\/a>&nbsp;&nbsp;Melty<\/li>\n<li><a href=\"https:\/\/news.google.com\/rss\/articles\/CBMidkFVX3lxTE9LTTg0bFdEVGpqYjl6aWU2X09Wc09FT3FKTkRoMW00aDhET20yQmdrRUhJXzJiYU12bEdKbmhvYU41S2pNUFh3YUp5bk8xOGpibVdjY2daM1FHZEFNZ1BvQ3lCWlFJVENaVzRpaHFpeTI2b0lNLVE?oc=5\" target=\"_blank\" rel=\"nofollow noopener\">PSG : combien gagne Lucas Chevalier ?<\/a>&nbsp;&nbsp;L&rsquo;Essentiel de l&rsquo;\u00c9co<\/li>\n<\/ol>\n","protected":false},"excerpt":{"rendered":"Transfert \u00e0 40M\u20ac : Une \u00ab\u00e9norme pression\u00bb annonc\u00e9e au PSG !&nbsp;&nbsp;Le10Sport \u00ab C\u2019est un autre m\u00e9tier \u00bb :&hellip;\n","protected":false},"author":2,"featured_media":353996,"comment_status":"","ping_status":"","sticky":false,"template":"","format":"standard","meta":{"footnotes":""},"categories":[1410],"tags":[63,1011,27,60],"class_list":{"0":"post-353995","1":"post","2":"type-post","3":"status-publish","4":"format-standard","5":"has-post-thumbnail","7":"category-football","8":"tag-football","9":"tag-fr","10":"tag-france","11":"tag-sports"},"share_on_mastodon":{"url":"https:\/\/pubeurope.com\/@fr\/115116422281941039","error":""},"_links":{"self":[{"href":"https:\/\/www.europesays.com\/fr\/wp-json\/wp\/v2\/posts\/353995","targetHints":{"allow":["GET"]}}],"collection":[{"href":"https:\/\/www.europesays.com\/fr\/wp-json\/wp\/v2\/posts"}],"about":[{"href":"https:\/\/www.europesays.com\/fr\/wp-json\/wp\/v2\/types\/post"}],"author":[{"embeddable":true,"href":"https:\/\/www.europesays.com\/fr\/wp-json\/wp\/v2\/users\/2"}],"replies":[{"embeddable":true,"href":"https:\/\/www.europesays.com\/fr\/wp-json\/wp\/v2\/comments?post=353995"}],"version-history":[{"count":0,"href":"https:\/\/www.europesays.com\/fr\/wp-json\/wp\/v2\/posts\/353995\/revisions"}],"wp:featuredmedia":[{"embeddable":true,"href":"https:\/\/www.europesays.com\/fr\/wp-json\/wp\/v2\/media\/353996"}],"wp:attachment":[{"href":"https:\/\/www.europesays.com\/fr\/wp-json\/wp\/v2\/media?parent=353995"}],"wp:term":[{"taxonomy":"category","embeddable":true,"href":"https:\/\/www.europesays.com\/fr\/wp-json\/wp\/v2\/categories?post=353995"},{"taxonomy":"post_tag","embeddable":true,"href":"https:\/\/www.europesays.com\/fr\/wp-json\/wp\/v2\/tags?post=353995"}],"curies":[{"name":"wp","href":"https:\/\/api.w.org\/{rel}","templated":true}]}}